{"id":219664,"date":"2016-01-20T20:21:18","date_gmt":"2016-01-20T20:21:18","guid":{"rendered":"http:\/\/diariodominicano.ddns.net\/?p=219664"},"modified":"2016-01-20T20:21:18","modified_gmt":"2016-01-20T20:21:18","slug":"danilo-medina-realiza-visita-sorpresa-al-hospital-de-galvan","status":"publish","type":"post","link":"https:\/\/diariodominicano.com\/?p=219664","title":{"rendered":"Danilo Medina realiza visita sorpresa al hospital de Galv\u00e1n"},"content":{"rendered":"<p><body><\/p>\n<p><img decoding=\"async\" src=\"img3\/hospital_de_galvan_4_0.jpg\" \/>  <\/p>\n<p><span class=\"text1noticias\">Galv\u00e1n, Bahoruco, R. D., 20 de enero (DICOM).- El presidente Danilo Medina realiz\u00f3 la tarde de este mi\u00e9rcoles, una visita sorpresa al Centro de Diagn\u00f3stico y Referencia de este municipio, donde constat\u00f3 la situaci\u00f3n de ese centro asistencial.<\/span><\/p>\n<p><span class=\"text1noticias\"> <\/span><\/p>\n<p><span class=\"text1noticias\">Durante un breve recorrido por las instalaciones, el jefe de Estado escuch\u00f3 al personal m\u00e9dico de turno, que le plante\u00f3 las condiciones en que actualmente est\u00e1n operando y los equipos que requieren para brindar un mejor servicio a la poblaci\u00f3n.<\/span><\/p>\n<p><span class=\"text1noticias\"> <\/span><\/p>\n<p><span class=\"text1noticias\">Se interes\u00f3 por el servicio a la poblaci\u00f3n<\/span><\/p>\n<p><span class=\"text1noticias\"> <\/span><\/p>\n<p><span class=\"text1noticias\">Danilo Medina hizo diversas preguntas puntuales al personal presente y se interes\u00f3 en conocer en detalles las precariedades con que el hospital brinda servicio a los residentes en Galv\u00e1n.<\/span><\/p>\n<p><span class=\"text1noticias\"> <\/span><\/p>\n<p><span class=\"text1noticias\">El doctor Pedro Rom\u00e1n y la enfermera Mar\u00eda Jim\u00e9nez le explicaron al presidente Danilo Medina las prioridades que requieren, entre ellas m\u00e1s personal m\u00e9dico, insumos y maquinarias m\u00e9dicas.<\/span><\/p>\n<p><span class=\"text1noticias\"> <\/span><\/p>\n<p><span class=\"text1noticias\">La visita fue solicitada por la comunidad<\/span><\/p>\n<p><span class=\"text1noticias\"> <\/span><\/p>\n<p><span class=\"text1noticias\">La visita del gobernante al centro sanitario se produjo luego de que algunos de los asistentes al acto de inauguraci\u00f3n de la escuela Francisco Aquino Dotel Vargas, le solicitaran que fuera al hospital a ver las condiciones en que opera.<\/span><\/p>\n<h6> 2016-01-20 20:21:18 <\/h6>\n<p><!--\n<link rel=\"stylesheet\" href=\"css\/bootstrap.min.css\">\n\n\n<ul class=\"pagination\">\n\t    \n\t\n\n<li >\n\t<a href='?page_no=13963'>Previous<\/a>\n\t<\/li>\n\n\n       \n    \n\n<li><a href='?page_no=1'>1<\/a><\/li>\n\n\n\n<li><a href='?page_no=2'>2<\/a><\/li>\n\n\n\n<li><a>...<\/a><\/li>\n\n\n\n<li><a href='?page_no=13962'>13962<\/a><\/li>\n\n\n\n<li><a href='?page_no=13963'>13963<\/a><\/li>\n\n\n\n<li class='active'><a>13964<\/a><\/li>\n\n\n\n<li><a href='?page_no=13965'>13965<\/a><\/li>\n\n\n\n<li><a href='?page_no=13966'>13966<\/a><\/li>\n\n\n\n<li><a>...<\/a><\/li>\n\n\n\n<li><a href='?page_no=56169'>56169<\/a><\/li>\n\n\n\n<li><a href='?page_no=56170'>56170<\/a><\/li>\n\n    \n\t\n\n<li >\n\t<a href='?page_no=13965'>Next<\/a>\n\t<\/li>\n\n\n    \n\n<li><a href='?page_no=56170'>Last &rsaquo;&rsaquo;<\/a><\/li>\n\n<\/ul>\n\n\n--><br \/>\n<\/body><\/p>\n","protected":false},"excerpt":{"rendered":"<p>Galv\u00e1n, Bahoruco, R. D., 20 de enero (DICOM).- El presidente Danilo Medina realiz\u00f3 la tarde de este mi\u00e9rcoles, una visita sorpresa al Centro de Diagn\u00f3stico y Referencia de este municipio, donde constat\u00f3 la situaci\u00f3n de ese centro asistencial. Durante un breve recorrido por las instalaciones, el jefe de Estado escuch\u00f3 al personal m\u00e9dico de turno, [&hellip;]<\/p>\n","protected":false},"author":3,"featured_media":0,"comment_status":"open","ping_status":"open","sticky":false,"template":"","format":"standard","meta":{"footnotes":""},"categories":[20],"tags":[],"class_list":["post-219664","post","type-post","status-publish","format-standard","hentry","category-dominicana-hoy"],"_links":{"self":[{"href":"https:\/\/diariodominicano.com\/index.php?rest_route=\/wp\/v2\/posts\/219664","targetHints":{"allow":["GET"]}}],"collection":[{"href":"https:\/\/diariodominicano.com\/index.php?rest_route=\/wp\/v2\/posts"}],"about":[{"href":"https:\/\/diariodominicano.com\/index.php?rest_route=\/wp\/v2\/types\/post"}],"author":[{"embeddable":true,"href":"https:\/\/diariodominicano.com\/index.php?rest_route=\/wp\/v2\/users\/3"}],"replies":[{"embeddable":true,"href":"https:\/\/diariodominicano.com\/index.php?rest_route=%2Fwp%2Fv2%2Fcomments&post=219664"}],"version-history":[{"count":0,"href":"https:\/\/diariodominicano.com\/index.php?rest_route=\/wp\/v2\/posts\/219664\/revisions"}],"wp:attachment":[{"href":"https:\/\/diariodominicano.com\/index.php?rest_route=%2Fwp%2Fv2%2Fmedia&parent=219664"}],"wp:term":[{"taxonomy":"category","embeddable":true,"href":"https:\/\/diariodominicano.com\/index.php?rest_route=%2Fwp%2Fv2%2Fcategories&post=219664"},{"taxonomy":"post_tag","embeddable":true,"href":"https:\/\/diariodominicano.com\/index.php?rest_route=%2Fwp%2Fv2%2Ftags&post=219664"}],"curies":[{"name":"wp","href":"https:\/\/api.w.org\/{rel}","templated":true}]}}