{"id":219663,"date":"2016-01-20T22:29:58","date_gmt":"2016-01-20T22:29:58","guid":{"rendered":"http:\/\/diariodominicano.ddns.net\/?p=219663"},"modified":"2016-01-20T22:29:58","modified_gmt":"2016-01-20T22:29:58","slug":"monserrat-y-galvan-reciben-64-apartamentos-y-una-escuela","status":"publish","type":"post","link":"https:\/\/diariodominicano.com\/?p=219663","title":{"rendered":"Monserrat y Galv\u00e1n reciben 64 apartamentos y una escuela"},"content":{"rendered":"<p><body><\/p>\n<p><img decoding=\"async\" src=\"img3\/unnamed05.jpg\" \/><br \/><img decoding=\"async\" src=\"img3\/unnamed03.jpg\" \/><br \/><img decoding=\"async\" src=\"img3\/unnamedx01.jpg\" \/>  <\/p>\n<\/p>\n<p><span class=\"text1noticias\">BAHORUCO, RD, 20 de Enero de 2016.- Las comunidades de Monserrat y Galv\u00e1n, en esta provincia sure\u00f1a, recibieron este mi\u00e9rcoles  del Gobierno un complejo habitacional y una escuela primaria, obras que contribuir\u00e1n con el desarrollo social y econ\u00f3mico de sus moradores. <\/span><\/p>\n<\/p>\n<p><span class=\"text1noticias\">En dos ceremonias el presidente Danilo Medina dej\u00f3 en servicio el proyecto Invi-Villa Progreso Monserrat y la escuela primaria Francisco Aquino Dotel Vargas.<\/span><\/p>\n<\/p>\n<p><span class=\"text1noticias\">En el primer acto el jefe de Estado, acompa\u00f1ado de las autoridades del Instituto Nacional de la Vivienda (Invi), inaugur\u00f3 el complejo habitacional que ofrece a las familias del distrito municipal de Monserrat 64 viviendas dignas y seguras, que poseen todas las comodidades, destaca una rese\u00f1a de DICOM.<\/span><\/p>\n<\/p>\n<p><span class=\"text1noticias\">Villa Progreso Monserrat forma parte de los proyectos que construye el Gobierno para la reubicaci\u00f3n de familias en situaci\u00f3n de riesgos, levantado en edificios de dos niveles de  16 apartamentos de 40.00 metros cuadrados cada uno.<\/span><\/p>\n<\/p>\n<p><span class=\"text1noticias\">Los apartamentos cuentan con dos dormitorios, sala-comedor-cocina, balc\u00f3n, ba\u00f1o, escaleras y \u00e1reas comunes, con pisos de cer\u00e1mica, escaleras en granito gris, ventanas salom\u00f3nicas de aluminio pintado de blanco, puertas met\u00e1licas pintadas en interior y exterior.<\/span><\/p>\n<\/p>\n<p><span class=\"text1noticias\">DICOM inform\u00f3 que el nuevo habitacional para Monserrat cuenta, adem\u00e1s, con los servicios b\u00e1sicos de agua potable, alcantarillado sanitario, electrificaci\u00f3n exterior a\u00e9rea, calles, parqueos, aceras, peatonales y \u00e1reas verdes. Tambi\u00e9n tiene una cisterna de almacenamiento de 28,000 galones, equipada con dos electrobombas.<\/span><\/p>\n<\/p>\n<p><span class=\"text1noticias\">Al pronunciar las palabras centrales del acto, Alma Fern\u00e1ndez, directora del Instituto Nacional de la Vivienda, dijo que con la entrega de estas 64 casas, el Gobierno reafirma su compromiso de dotar de viviendas dignas a las familias m\u00e1s necesitadas y vulnerables del pa\u00eds.<\/span><\/p>\n<\/p>\n<p><span class=\"text1noticias\">En sus palabras de bienvenida y agradecimiento por la obra, Rafael Cuevas Jim\u00e9nez, gobernador de  Bahoruco, se\u00f1al\u00f3 que son 212 familias de esta provincia que tendr\u00e1n sus techos, ya que aparte del proyecto que se entrega hoy, hay dos  habitacionales m\u00e1s, uno en Neiba de 84 apartamentos y otro en Villa Jaragua de 64, mientras que en Los R\u00edos iniciaron los trabajos para levantar un habitacional de 64 viviendas.<\/span><\/p>\n<\/p>\n<p><span class=\"text1noticias\">Inform\u00f3  que ya se han ejecutado en la provincia 19 proyectos de los prometidos por el presidente Danilo Medina, para lo que el Gobierno ha invertido m\u00e1s de 465 millones de pesos.  Agreg\u00f3 que son ya 19 las escuelas inauguradas en Bahoruco, sumando m\u00e1s de 150 aulas.<\/span><\/p>\n<\/p>\n<p><span class=\"text1noticias\">El presidente Danilo Medina y las autoridades del Invi entregaron simb\u00f3licamente las llaves a una comisi\u00f3n integrada por el senador de Bahoruco y otras personalidades, quienes tendr\u00e1n la responsabilidad de asignar los apartamentos.<\/span><\/p>\n<\/p>\n<p><strong><span class=\"text1noticias\">18 aulas para Los Cocos, Galv\u00e1n<\/span><\/strong><\/p>\n<\/p>\n<p><span class=\"text1noticias\">Al concluir el acto de entrega de los apartamentos, Danilo Medina se traslad\u00f3 a la comunidad Los Cocos, en el municipio Galv\u00e1n, donde puso en servicio la escuela Francisco Aquino Dotel Vargas, que aportar\u00e1 a la comunidad educativa 18 aulas.<\/span><\/p>\n<\/p>\n<p><span class=\"text1noticias\">Quinientos 60 estudiantes  tendr\u00e1n la oportunidad de integrarse a la Jornada Escolar Extendida y recibir ocho horas de educaci\u00f3n de calidad, as\u00ed como desayuno, almuerzo y una merienda.<\/span><\/p>\n<\/p>\n<p><span class=\"text1noticias\">La escuela est\u00e1 dotada de aula de inicial, laboratorio de inform\u00e1tica, rincones tecnol\u00f3gicos, biblioteca, enfermer\u00eda, salones diversos, \u00e1rea administrativa, cocina, comedor, plaza c\u00edvica y cancha deportiva.<\/span><\/p>\n<\/p>\n<p><span class=\"text1noticias\">Laury Mait\u00e9 Jim\u00e9nez, estudiante de octavo grado, tuvo la responsabilidad de agradecer por la obra, precisando que hoy es un d\u00eda de gran trascendencia para Galv\u00e1n, pues cumplen con sus sue\u00f1os de tener un centro educativo donde recibir\u00e1n el pan de la ense\u00f1anza de forma segura.<\/span><\/p>\n<\/p>\n<p><span class=\"text1noticias\">Estuvieron tambi\u00e9n  en ambos actos, Carlos Amarante Baret, ministro de Educaci\u00f3n; Gonzalo Castillo, ministro de Obras P\u00fablicas; Manuel Paula, senador, y los asistentes especiales del Presidente, Carlos Pared P\u00e9rez y Robert de la Cruz.<\/span><\/p>\n<\/p>\n<p><span class=\"text1noticias\">Adem\u00e1s, el diputado Rafael M\u00e9ndez, as\u00ed como beneficiarios de las dos obras y dirigentes comunitarios, entre otras personalidades.<\/span><\/p>\n<\/p>\n<\/p>\n<\/p>\n<h6> 2016-01-20 22:29:58 <\/h6>\n<p><!--\n<link rel=\"stylesheet\" href=\"css\/bootstrap.min.css\">\n\n\n<ul class=\"pagination\">\n\t    \n\t\n\n<li >\n\t<a href='?page_no=13962'>Previous<\/a>\n\t<\/li>\n\n\n       \n    \n\n<li><a href='?page_no=1'>1<\/a><\/li>\n\n\n\n<li><a href='?page_no=2'>2<\/a><\/li>\n\n\n\n<li><a>...<\/a><\/li>\n\n\n\n<li><a href='?page_no=13961'>13961<\/a><\/li>\n\n\n\n<li><a href='?page_no=13962'>13962<\/a><\/li>\n\n\n\n<li class='active'><a>13963<\/a><\/li>\n\n\n\n<li><a href='?page_no=13964'>13964<\/a><\/li>\n\n\n\n<li><a href='?page_no=13965'>13965<\/a><\/li>\n\n\n\n<li><a>...<\/a><\/li>\n\n\n\n<li><a href='?page_no=56169'>56169<\/a><\/li>\n\n\n\n<li><a href='?page_no=56170'>56170<\/a><\/li>\n\n    \n\t\n\n<li >\n\t<a href='?page_no=13964'>Next<\/a>\n\t<\/li>\n\n\n    \n\n<li><a href='?page_no=56170'>Last &rsaquo;&rsaquo;<\/a><\/li>\n\n<\/ul>\n\n\n--><br \/>\n<\/body><\/p>\n","protected":false},"excerpt":{"rendered":"<p>BAHORUCO, RD, 20 de Enero de 2016.- Las comunidades de Monserrat y Galv\u00e1n, en esta provincia sure\u00f1a, recibieron este mi\u00e9rcoles del Gobierno un complejo habitacional y una escuela primaria, obras que contribuir\u00e1n con el desarrollo social y econ\u00f3mico de sus moradores. En dos ceremonias el presidente Danilo Medina dej\u00f3 en servicio el proyecto Invi-Villa Progreso [&hellip;]<\/p>\n","protected":false},"author":3,"featured_media":0,"comment_status":"open","ping_status":"open","sticky":false,"template":"","format":"standard","meta":{"footnotes":""},"categories":[20],"tags":[],"class_list":["post-219663","post","type-post","status-publish","format-standard","hentry","category-dominicana-hoy"],"_links":{"self":[{"href":"https:\/\/diariodominicano.com\/index.php?rest_route=\/wp\/v2\/posts\/219663","targetHints":{"allow":["GET"]}}],"collection":[{"href":"https:\/\/diariodominicano.com\/index.php?rest_route=\/wp\/v2\/posts"}],"about":[{"href":"https:\/\/diariodominicano.com\/index.php?rest_route=\/wp\/v2\/types\/post"}],"author":[{"embeddable":true,"href":"https:\/\/diariodominicano.com\/index.php?rest_route=\/wp\/v2\/users\/3"}],"replies":[{"embeddable":true,"href":"https:\/\/diariodominicano.com\/index.php?rest_route=%2Fwp%2Fv2%2Fcomments&post=219663"}],"version-history":[{"count":0,"href":"https:\/\/diariodominicano.com\/index.php?rest_route=\/wp\/v2\/posts\/219663\/revisions"}],"wp:attachment":[{"href":"https:\/\/diariodominicano.com\/index.php?rest_route=%2Fwp%2Fv2%2Fmedia&parent=219663"}],"wp:term":[{"taxonomy":"category","embeddable":true,"href":"https:\/\/diariodominicano.com\/index.php?rest_route=%2Fwp%2Fv2%2Fcategories&post=219663"},{"taxonomy":"post_tag","embeddable":true,"href":"https:\/\/diariodominicano.com\/index.php?rest_route=%2Fwp%2Fv2%2Ftags&post=219663"}],"curies":[{"name":"wp","href":"https:\/\/api.w.org\/{rel}","templated":true}]}}