{"id":219662,"date":"2016-01-21T07:47:27","date_gmt":"2016-01-21T07:47:27","guid":{"rendered":"http:\/\/diariodominicano.ddns.net\/?p=219662"},"modified":"2016-01-21T07:47:27","modified_gmt":"2016-01-21T07:47:27","slug":"comunidad-catolica-acude-a-la-basilica-de-higuey-para-la-eucaristia-a-la-virgen-de-la-altagracia","status":"publish","type":"post","link":"https:\/\/diariodominicano.com\/?p=219662","title":{"rendered":"Comunidad cat\u00f3lica acude a la B\u00e1silica de Higuey para la eucarist\u00eda a La Virgen de La Altagracia"},"content":{"rendered":"<p><body><\/p>\n<p><img decoding=\"async\" src=\"img3\/basi...1.jpg\" \/><br \/><img decoding=\"async\" src=\"img3\/actos 1.jpg\" \/><br \/><img decoding=\"async\" src=\"img3\/asi 1.jpeg\" \/>  <\/p>\n<p>Santo Domingo RD 21 enero.- La Iglesia Cat\u00f3lica celebra hoy diversas actividades con motivo del d\u00eda que se rinde culto especial a la Virgen de La Altagracia, entre los actos que est\u00e1n en agenda se encuentra la visita a la Bas\u00edlica de Hig\u00fcey del presidente de la Rep\u00fablica, Danilo Medina S\u00e1nchez.<\/p>\n<\/p>\n<p>El culto y celebraci\u00f3n en honor a la Virgen de La Altagracia se inici\u00f3 como fiesta nacional por agradecimiento al triunfo de la batalla de los criollos ante los franceses en La Limonade, al Norte de Hait\u00ed, en el a\u00f1o 1691.<\/p>\n<\/p>\n<p>La Bas\u00edlica de Nuestra Se\u00f1ora de La Altagracia es el templo en su honor m\u00e1s conocido del pa\u00eds y fue consagrada en 1972.<\/p>\n<\/p>\n<p><strong>Concierto altagraciano<\/strong><\/p>\n<\/p>\n<p>Anoche se dio apertura a la v\u00edspera de las fiestas patronales en honor a la Virgen de La Altagracia con el XVIII Gran Concierto Altagraciano presidido por el maestro Jos\u00e9 Antonio Molina y auspiciado por el Banco Popular Dominicano.<\/p>\n<\/p>\n<p>Seg\u00fan el rector de la bas\u00edlica, Pedro Antonio Villa Severino, la v\u00edspera de la fiesta se inicia con una misa solemne donde asistir\u00e1 el presidente Danilo Medina. Luego de esto, el primer mandatario acompa\u00f1ar\u00e1 al obispo Nicanor Pe\u00f1a Rodr\u00edguez a un almuerzo en el obispado preparado por los chef en Casa de Campo, Central Romana.<\/p>\n<\/p>\n<p>El rector indic\u00f3 que se han hecho todos los preparativos para recibir a miles de feligreses que cada a\u00f1o vienen de todo el pa\u00eds a venerar a la protectora del pueblo dominicano<\/p>\n<\/p>\n<p>El COE, a trav\u00e9s de la Defensa Civil, Cruz Roja y otras instituciones privadas tendr\u00e1n cientos de ambulancias en la carretera hasta llegar a la Catedral, as\u00ed como seguridad en el interior y en el entorno de la Bas\u00edlica.<\/p>\n<\/p>\n<p>De igual manera, estar\u00e1n presentes miembros de la Polic\u00eda, Fuerzas Armadas para garantizar la seguridad de los peregrinos debido a que hay una carpa del lado izquierdo de la Bas\u00edlica con capacidad para mil personas<\/p>\n<\/p>\n<p>Asimismo, no se permitir\u00e1n que los peregrinos duerman dentro del templo por la visita del Presidente de la Rep\u00fablica a la Bas\u00edlica, ya que los visitantes tienen habitaciones reservadas en hoteles del municipio de Hig\u00fcey y en la zona de B\u00e1varo Punta Cana.<\/p>\n<\/p>\n<p><strong>Simbolog\u00eda de la imagen<\/strong><\/p>\n<\/p>\n<p>En los libros \u00abHistoria de Nuestra Se\u00f1ora la Virgen de la Altagracia\u00bb (de John Fleury) y \u00abNuestra se\u00f1ora de la Altagracia\u00bb (de Monse\u00f1or de la Rosa y Carpio) se explica la simbolog\u00eda de la virgen de la siguiente manera: La imagen est\u00e1 enfocada en el ni\u00f1o Jes\u00fas con el mensaje: \u00abM\u00edrale a \u00e9l\u00bb. El cuadro representa una Natividad: el beb\u00e9 indefenso, desnudo y acostado en paja es Dios y est\u00e1 en medio de nosotros. El nombre de Altagracia significa llena de gracia. La imagen es una ilustraci\u00f3n del dogma de la Maternidad Divina: Mar\u00eda es la Madre de Dios. En la imagen aparece Mar\u00eda en segundo plano, Jos\u00e9 en tercero y Jes\u00fas en el primero, pues todo gira en torno al ni\u00f1o. Los colores de la imagen aluden a los tonos de la bandera dominicana.<\/p>\n<\/p>\n<p>As\u00ed, el azul simboliza la divinidad, el rojo a la humanidad, el blanco luz brillante, el color de los seres gloriosos, celestes o transfigurados, tambi\u00e9n refleja pureza e inocencia. En la imagen el color azul cubriendo al rojo significa las gracias a Dios, o sea, la divinidad cubriendo la humanidad de Mar\u00eda.<\/p>\n<p><strong> <\/strong><\/p>\n<p><strong>Peregrinos<\/strong><\/p>\n<\/p>\n<p>Jos\u00e9 Corcino arrib\u00f3 desde la provincia Azua a la terminal de Hig\u00fcey, en el sector Villa Francisca, a las 12:00 del mediod\u00eda de ayer, acompa\u00f1ado de su esposa y sus dos hijos.<\/p>\n<\/p>\n<p>\u00abNo puedo dejar de ir a la provincia La Altagracia. Le hice una petici\u00f3n por la salud de uno de mis ni\u00f1os a la Virgen\u00bb, expres\u00f3.<\/p>\n<\/p>\n<p>Igual que este padre de dos hijos, Mar\u00eda D\u00edaz, residente en el Distrito Nacional, se preparaba para abordar el autob\u00fas de turno.<\/p>\n<\/p>\n<p>\u00abVoy por una promesa de salud, de mi hijo. Me voy con mi hermano. Hay que cumplirla\u00bb, manifest\u00f3.<\/p>\n<\/p>\n<p>Jos\u00e9 y Mar\u00eda son parte de los miles de cat\u00f3licos que desde ayer se movilizan a la citada localidad, para participar en la celebraci\u00f3n de la eucar\u00edstica de hoy, en honor a la Virgen de la Altagracia. De acuerdo a la supervisora de la terminal, Mileisy Alm\u00e1nzar, hasta el mediod\u00eda de ayer, unas 3,000 personas han partido hacia Hig\u00fcey.<\/p>\n<\/p>\n<h6> 2016-01-21 07:47:27 <\/h6>\n<p><!--\n<link rel=\"stylesheet\" href=\"css\/bootstrap.min.css\">\n\n\n<ul class=\"pagination\">\n\t    \n\t\n\n<li >\n\t<a href='?page_no=13961'>Previous<\/a>\n\t<\/li>\n\n\n       \n    \n\n<li><a href='?page_no=1'>1<\/a><\/li>\n\n\n\n<li><a href='?page_no=2'>2<\/a><\/li>\n\n\n\n<li><a>...<\/a><\/li>\n\n\n\n<li><a href='?page_no=13960'>13960<\/a><\/li>\n\n\n\n<li><a href='?page_no=13961'>13961<\/a><\/li>\n\n\n\n<li class='active'><a>13962<\/a><\/li>\n\n\n\n<li><a href='?page_no=13963'>13963<\/a><\/li>\n\n\n\n<li><a href='?page_no=13964'>13964<\/a><\/li>\n\n\n\n<li><a>...<\/a><\/li>\n\n\n\n<li><a href='?page_no=56169'>56169<\/a><\/li>\n\n\n\n<li><a href='?page_no=56170'>56170<\/a><\/li>\n\n    \n\t\n\n<li >\n\t<a href='?page_no=13963'>Next<\/a>\n\t<\/li>\n\n\n    \n\n<li><a href='?page_no=56170'>Last &rsaquo;&rsaquo;<\/a><\/li>\n\n<\/ul>\n\n\n--><br \/>\n<\/body><\/p>\n","protected":false},"excerpt":{"rendered":"<p>Santo Domingo RD 21 enero.- La Iglesia Cat\u00f3lica celebra hoy diversas actividades con motivo del d\u00eda que se rinde culto especial a la Virgen de La Altagracia, entre los actos que est\u00e1n en agenda se encuentra la visita a la Bas\u00edlica de Hig\u00fcey del presidente de la Rep\u00fablica, Danilo Medina S\u00e1nchez. El culto y celebraci\u00f3n [&hellip;]<\/p>\n","protected":false},"author":3,"featured_media":0,"comment_status":"open","ping_status":"open","sticky":false,"template":"","format":"standard","meta":{"footnotes":""},"categories":[20],"tags":[],"class_list":["post-219662","post","type-post","status-publish","format-standard","hentry","category-dominicana-hoy"],"_links":{"self":[{"href":"https:\/\/diariodominicano.com\/index.php?rest_route=\/wp\/v2\/posts\/219662","targetHints":{"allow":["GET"]}}],"collection":[{"href":"https:\/\/diariodominicano.com\/index.php?rest_route=\/wp\/v2\/posts"}],"about":[{"href":"https:\/\/diariodominicano.com\/index.php?rest_route=\/wp\/v2\/types\/post"}],"author":[{"embeddable":true,"href":"https:\/\/diariodominicano.com\/index.php?rest_route=\/wp\/v2\/users\/3"}],"replies":[{"embeddable":true,"href":"https:\/\/diariodominicano.com\/index.php?rest_route=%2Fwp%2Fv2%2Fcomments&post=219662"}],"version-history":[{"count":0,"href":"https:\/\/diariodominicano.com\/index.php?rest_route=\/wp\/v2\/posts\/219662\/revisions"}],"wp:attachment":[{"href":"https:\/\/diariodominicano.com\/index.php?rest_route=%2Fwp%2Fv2%2Fmedia&parent=219662"}],"wp:term":[{"taxonomy":"category","embeddable":true,"href":"https:\/\/diariodominicano.com\/index.php?rest_route=%2Fwp%2Fv2%2Fcategories&post=219662"},{"taxonomy":"post_tag","embeddable":true,"href":"https:\/\/diariodominicano.com\/index.php?rest_route=%2Fwp%2Fv2%2Ftags&post=219662"}],"curies":[{"name":"wp","href":"https:\/\/api.w.org\/{rel}","templated":true}]}}