{"id":219661,"date":"2016-01-21T07:48:02","date_gmt":"2016-01-21T07:48:02","guid":{"rendered":"http:\/\/diariodominicano.ddns.net\/?p=219661"},"modified":"2016-01-21T07:48:02","modified_gmt":"2016-01-21T07:48:02","slug":"pareja-presidencial-se-une-a-celebracion-por-dia-de-la-altagracia","status":"publish","type":"post","link":"https:\/\/diariodominicano.com\/?p=219661","title":{"rendered":"Pareja presidencial se une a celebraci\u00f3n por D\u00eda de la Altagracia"},"content":{"rendered":"<p><body><\/p>\n<p><img decoding=\"async\" src=\"img3\/misa 1.jpeg\" \/><br \/><img decoding=\"async\" src=\"img3\/mis 21.jpg\" \/><br \/><img decoding=\"async\" src=\"img3\/parejapresidencial.jpg\" \/>  <\/p>\n<p><span class=\"text1noticias\">HIG\u00dcEY, La Altagracia RD 21 enero.-El presidente Danilo Medina se uni\u00f3 a la celebraci\u00f3n del pueblo dominicano con motivo del D\u00eda de Nuestra Se\u00f1ora de la Altagracia y pidi\u00f3 a todos aquellos que se desplacen por carretera tomar precauciones para que lleguen a sus destinos.<\/span><\/p>\n<p><span class=\"text1noticias\"> <\/span><\/p>\n<p><span class=\"text1noticias\">\u00abHoy celebramos con fe y alegr\u00eda el d\u00eda Nuestra Se\u00f1ora de la Altagracia, patrona de la Rep\u00fablica Dominicana. Quiero pedir a todos aquellos que se desplacen por carretera que tomen las debidas precauciones, para llegar con bien a su destino\u00bb.<\/span><\/p>\n<p><span class=\"text1noticias\"> <\/span><\/p>\n<p><span class=\"text1noticias\">Estos mensajes fueron dirigidos a la poblaci\u00f3n por el gobernante, a trav\u00e9s de su cuenta de Twitter @DaniloMedina.<\/span><\/p>\n<p><span class=\"text1noticias\"> <\/span><\/p>\n<p><span class=\"text1noticias\">\u00abDeseo a todos los dominicanos y dominicanas tengan un feliz d\u00eda de la Altagracia junto a los suyos\u00bb, manifest\u00f3 el presidente Danilo Medina en su cuenta de Twitter.<\/span><\/p>\n<p><span class=\"text1noticias\"> <\/span><\/p>\n<p><span class=\"text1noticias\"><strong>Pareja presidencial en actos en Higuey<\/strong><\/span><\/p>\n<\/p>\n<p><span class=\"text1noticias\">Por cuarta vez en su gesti\u00f3n de gobierno, el presidente Danilo Medina particip\u00f3 este jueves en la eucarist\u00eda con motivo del D\u00eda de La Altagracia en la Bas\u00edlica de Higuey, provincia La Altagracia.<\/span><\/p>\n<p><span class=\"text1noticias\"> <\/span><\/p>\n<p><span class=\"text1noticias\">El gobernante, acompa\u00f1ado de su esposa, C\u00e1ndida Montilla de Medina, lleg\u00f3 a las 9:50 de la ma\u00f1ana y fue recibido con los honores de estilo correspondientes, por el gobernador de la provincia, Ram\u00f3n Guilamo; la presidenta del Senado, Cristina Lizardo; funcionarios y pol\u00edticos oriundos de la provincia como Ligia Amada Melo, ministra de Educaci\u00f3n Superior, Ciencia y Tecnolog\u00eda y Alejandro Mont\u00e1s, director general de la CAASD, as\u00ed como por una comisi\u00f3n de la bas\u00edlica encabezada por su rector, reverendo Pedro Villa.<\/span><\/p>\n<p><span class=\"text1noticias\"> <\/span><\/p>\n<p><span class=\"text1noticias\">Danilo Medina fue recibido entre aplausos de los feligreses, a quienes salud\u00f3, al igual que a numerosas personalidades de la vida nacional que acudieron a la Bas\u00edlica.<\/span><\/p>\n<p><span class=\"text1noticias\"> <\/span><\/p>\n<p><span class=\"text1noticias\">Luego de escuchar la homil\u00eda, Danilo Medina salud\u00f3 a los obispos auxiliares y a monse\u00f1or Gregorio Nicanor Pe\u00f1a Rodr\u00edguez, obispo de La Altagracia y presidente de la Conferencia del Episcopado Dominicano.<\/span><\/p>\n<p><span class=\"text1noticias\"> <\/span><\/p>\n<p><span class=\"text1noticias\">Durante la eucarist\u00eda, monse\u00f1or Pe\u00f1a Rodr\u00edguez destac\u00f3 los valores de la virgen de La Altagracia y lo que ella significa para el pueblo dominicano. Del mismo modo, exhort\u00f3 a los pol\u00edticos a ser sinceros al momento de discutir los problemas del pa\u00eds y buscar soluciones.<\/span><\/p>\n<p><span class=\"text1noticias\"><strong> <\/strong><\/span><\/p>\n<p><span class=\"text1noticias\"><strong>Prudencia y comedimiento<\/strong><\/span><\/p>\n<\/p>\n<p><span class=\"text1noticias\">Tras su participaci\u00f3n en la misa, el presidente Danilo Medina se dirigi\u00f3 a la casa episcopal de la di\u00f3cesis de Nuestra Se\u00f1ora de la Altagracia en Higuey, donde asisti\u00f3 al tradicional almuerzo junto a los obispos, que se realiza cada a\u00f1o despu\u00e9s de la celebraci\u00f3n eucar\u00edstica.<\/span><\/p>\n<p><span class=\"text1noticias\"> <\/span><\/p>\n<p><span class=\"text1noticias\">Al concluir este encuentro, el Jefe de Estado reiter\u00f3 su llamado a los feligreses y a la poblaci\u00f3n en general a ser prudentes y comedidos al transitar en las carreteras para evitar accidentes y preservar vidas.<\/span><\/p>\n<p><span class=\"text1noticias\"> <\/span><\/p>\n<p><span class=\"text1noticias\">Durante su participaci\u00f3n en las actividades con motivo del D\u00eda de La Altagracia, en Higuey, Danilo Medina se hizo acompa\u00f1ar de los ministros administrativo de la Presidencia, Jos\u00e9 Ram\u00f3n Peralta; de Relecciones Exteriores, Andr\u00e9s Navarro; de Obras P\u00fablicas, Gonzalo Castillo; de Educaci\u00f3n, Carlos Amarante Baret; de Defensa, William Mu\u00f1oz Delgado; de Cultura, Jos\u00e9 Antonio Rodr\u00edguez y de sus asistentes personales Carlos Pared P\u00e9rez y Robert de la Cruz, entre otros funcionarios de su Gabinete<\/span>.<\/p>\n<h6> 2016-01-21 07:48:02 <\/h6>\n<p><!--\n<link rel=\"stylesheet\" href=\"css\/bootstrap.min.css\">\n\n\n<ul class=\"pagination\">\n\t    \n\t\n\n<li >\n\t<a href='?page_no=13960'>Previous<\/a>\n\t<\/li>\n\n\n       \n    \n\n<li><a href='?page_no=1'>1<\/a><\/li>\n\n\n\n<li><a href='?page_no=2'>2<\/a><\/li>\n\n\n\n<li><a>...<\/a><\/li>\n\n\n\n<li><a href='?page_no=13959'>13959<\/a><\/li>\n\n\n\n<li><a href='?page_no=13960'>13960<\/a><\/li>\n\n\n\n<li class='active'><a>13961<\/a><\/li>\n\n\n\n<li><a href='?page_no=13962'>13962<\/a><\/li>\n\n\n\n<li><a href='?page_no=13963'>13963<\/a><\/li>\n\n\n\n<li><a>...<\/a><\/li>\n\n\n\n<li><a href='?page_no=56169'>56169<\/a><\/li>\n\n\n\n<li><a href='?page_no=56170'>56170<\/a><\/li>\n\n    \n\t\n\n<li >\n\t<a href='?page_no=13962'>Next<\/a>\n\t<\/li>\n\n\n    \n\n<li><a href='?page_no=56170'>Last &rsaquo;&rsaquo;<\/a><\/li>\n\n<\/ul>\n\n\n--><br \/>\n<\/body><\/p>\n","protected":false},"excerpt":{"rendered":"<p>HIG\u00dcEY, La Altagracia RD 21 enero.-El presidente Danilo Medina se uni\u00f3 a la celebraci\u00f3n del pueblo dominicano con motivo del D\u00eda de Nuestra Se\u00f1ora de la Altagracia y pidi\u00f3 a todos aquellos que se desplacen por carretera tomar precauciones para que lleguen a sus destinos. \u00abHoy celebramos con fe y alegr\u00eda el d\u00eda Nuestra Se\u00f1ora [&hellip;]<\/p>\n","protected":false},"author":3,"featured_media":0,"comment_status":"open","ping_status":"open","sticky":false,"template":"","format":"standard","meta":{"footnotes":""},"categories":[20],"tags":[],"class_list":["post-219661","post","type-post","status-publish","format-standard","hentry","category-dominicana-hoy"],"_links":{"self":[{"href":"https:\/\/diariodominicano.com\/index.php?rest_route=\/wp\/v2\/posts\/219661","targetHints":{"allow":["GET"]}}],"collection":[{"href":"https:\/\/diariodominicano.com\/index.php?rest_route=\/wp\/v2\/posts"}],"about":[{"href":"https:\/\/diariodominicano.com\/index.php?rest_route=\/wp\/v2\/types\/post"}],"author":[{"embeddable":true,"href":"https:\/\/diariodominicano.com\/index.php?rest_route=\/wp\/v2\/users\/3"}],"replies":[{"embeddable":true,"href":"https:\/\/diariodominicano.com\/index.php?rest_route=%2Fwp%2Fv2%2Fcomments&post=219661"}],"version-history":[{"count":0,"href":"https:\/\/diariodominicano.com\/index.php?rest_route=\/wp\/v2\/posts\/219661\/revisions"}],"wp:attachment":[{"href":"https:\/\/diariodominicano.com\/index.php?rest_route=%2Fwp%2Fv2%2Fmedia&parent=219661"}],"wp:term":[{"taxonomy":"category","embeddable":true,"href":"https:\/\/diariodominicano.com\/index.php?rest_route=%2Fwp%2Fv2%2Fcategories&post=219661"},{"taxonomy":"post_tag","embeddable":true,"href":"https:\/\/diariodominicano.com\/index.php?rest_route=%2Fwp%2Fv2%2Ftags&post=219661"}],"curies":[{"name":"wp","href":"https:\/\/api.w.org\/{rel}","templated":true}]}}