{"id":219660,"date":"2016-01-21T07:52:55","date_gmt":"2016-01-21T07:52:55","guid":{"rendered":"http:\/\/diariodominicano.ddns.net\/?p=219660"},"modified":"2016-01-21T07:52:55","modified_gmt":"2016-01-21T07:52:55","slug":"coe-inicia-operativo-con-motivo-del-dia-de-la-altagracia","status":"publish","type":"post","link":"https:\/\/diariodominicano.com\/?p=219660","title":{"rendered":"COE inicia operativo con motivo del D\u00eda de La Altagracia"},"content":{"rendered":"<p><body><\/p>\n<p>Santo Domingo RD 21 enero.- El Centro de Operaciones de Emergencias (COE) inici\u00f3 ayer a las 8:00 de la ma\u00f1ana el operativo \u00abVirgen de La Altagracia 2016\u00bb, el cual concluir\u00e1 este jueves a las 6:00 de la tarde.<\/p>\n<\/p>\n<p>Seg\u00fan un comunicado, el operativo contar\u00e1 con la participaci\u00f3n de 3,521 personas, ubicadas en puntos estrat\u00e9gicos previamente establecidos en las principales autopistas y carreteras que conducen a la provincia La Altagracia.<\/p>\n<\/p>\n<p>\u00abEste operativo altagraciano tiene como prop\u00f3sito prevenir y responder de forma apropiada ante las emergencias que se generen durante la conmemoraci\u00f3n del D\u00eda de La Altagracia\u00bb, explic\u00f3 la entidad.  <\/p>\n<\/p>\n<p>Asimismo, inform\u00f3 que instalar\u00e1n 51 puestos de socorro en la regi\u00f3n este y 50 puestos en las dem\u00e1s autopistas del pa\u00eds, para un total de 101 puestos, los cuales tendr\u00e1n como misi\u00f3n fundamental dar asistencia a los feligreses que se dirijan a la provincia La Altagracia.<\/p>\n<\/p>\n<p>Tambi\u00e9n ser\u00e1n distribuidas 30 unidades de ambulancias, ubicadas en puntos cr\u00edticos en funci\u00f3n de los accidentes que durante el a\u00f1o han ocurrido en carreteras y un helic\u00f3ptero que cubrir\u00e1 la zona este para atender cualquier situaci\u00f3n extrema que se presente.<\/p>\n<\/p>\n<p>Dentro del per\u00edmetro de la Bas\u00edlica de Hig\u00fcey se instalar\u00e1n dos consultorios m\u00e9dicos para la atenci\u00f3n y traslado a los centros de salud de aquellas personas que lo ameriten, dos hospitales de campa\u00f1a, un centro de atenci\u00f3n a ni\u00f1os, ni\u00f1as y adolescentes extraviados, adem\u00e1s de un centro de coordinaci\u00f3n para facilitar las operaciones entre las instituciones presentes.<\/p>\n<h6> 2016-01-21 07:52:55 <\/h6>\n<p><!--\n<link rel=\"stylesheet\" href=\"css\/bootstrap.min.css\">\n\n\n<ul class=\"pagination\">\n\t    \n\t\n\n<li >\n\t<a href='?page_no=13959'>Previous<\/a>\n\t<\/li>\n\n\n       \n    \n\n<li><a href='?page_no=1'>1<\/a><\/li>\n\n\n\n<li><a href='?page_no=2'>2<\/a><\/li>\n\n\n\n<li><a>...<\/a><\/li>\n\n\n\n<li><a href='?page_no=13958'>13958<\/a><\/li>\n\n\n\n<li><a href='?page_no=13959'>13959<\/a><\/li>\n\n\n\n<li class='active'><a>13960<\/a><\/li>\n\n\n\n<li><a href='?page_no=13961'>13961<\/a><\/li>\n\n\n\n<li><a href='?page_no=13962'>13962<\/a><\/li>\n\n\n\n<li><a>...<\/a><\/li>\n\n\n\n<li><a href='?page_no=56169'>56169<\/a><\/li>\n\n\n\n<li><a href='?page_no=56170'>56170<\/a><\/li>\n\n    \n\t\n\n<li >\n\t<a href='?page_no=13961'>Next<\/a>\n\t<\/li>\n\n\n    \n\n<li><a href='?page_no=56170'>Last &rsaquo;&rsaquo;<\/a><\/li>\n\n<\/ul>\n\n\n--><br \/>\n<\/body><\/p>\n","protected":false},"excerpt":{"rendered":"<p>Santo Domingo RD 21 enero.- El Centro de Operaciones de Emergencias (COE) inici\u00f3 ayer a las 8:00 de la ma\u00f1ana el operativo \u00abVirgen de La Altagracia 2016\u00bb, el cual concluir\u00e1 este jueves a las 6:00 de la tarde. Seg\u00fan un comunicado, el operativo contar\u00e1 con la participaci\u00f3n de 3,521 personas, ubicadas en puntos estrat\u00e9gicos previamente [&hellip;]<\/p>\n","protected":false},"author":3,"featured_media":0,"comment_status":"open","ping_status":"open","sticky":false,"template":"","format":"standard","meta":{"footnotes":""},"categories":[20],"tags":[],"class_list":["post-219660","post","type-post","status-publish","format-standard","hentry","category-dominicana-hoy"],"_links":{"self":[{"href":"https:\/\/diariodominicano.com\/index.php?rest_route=\/wp\/v2\/posts\/219660","targetHints":{"allow":["GET"]}}],"collection":[{"href":"https:\/\/diariodominicano.com\/index.php?rest_route=\/wp\/v2\/posts"}],"about":[{"href":"https:\/\/diariodominicano.com\/index.php?rest_route=\/wp\/v2\/types\/post"}],"author":[{"embeddable":true,"href":"https:\/\/diariodominicano.com\/index.php?rest_route=\/wp\/v2\/users\/3"}],"replies":[{"embeddable":true,"href":"https:\/\/diariodominicano.com\/index.php?rest_route=%2Fwp%2Fv2%2Fcomments&post=219660"}],"version-history":[{"count":0,"href":"https:\/\/diariodominicano.com\/index.php?rest_route=\/wp\/v2\/posts\/219660\/revisions"}],"wp:attachment":[{"href":"https:\/\/diariodominicano.com\/index.php?rest_route=%2Fwp%2Fv2%2Fmedia&parent=219660"}],"wp:term":[{"taxonomy":"category","embeddable":true,"href":"https:\/\/diariodominicano.com\/index.php?rest_route=%2Fwp%2Fv2%2Fcategories&post=219660"},{"taxonomy":"post_tag","embeddable":true,"href":"https:\/\/diariodominicano.com\/index.php?rest_route=%2Fwp%2Fv2%2Ftags&post=219660"}],"curies":[{"name":"wp","href":"https:\/\/api.w.org\/{rel}","templated":true}]}}