{"id":219657,"date":"2016-01-21T09:12:02","date_gmt":"2016-01-21T09:12:02","guid":{"rendered":"http:\/\/diariodominicano.ddns.net\/?p=219657"},"modified":"2016-01-21T09:12:02","modified_gmt":"2016-01-21T09:12:02","slug":"los-pampanos-realizara-caminata-en-demanda-de-servicios-para-cancino-adentro","status":"publish","type":"post","link":"https:\/\/diariodominicano.com\/?p=219657","title":{"rendered":"\u00abLos Pampanos\u00bb realizar\u00e1 caminata en demanda de servicios para Cancino Adentro"},"content":{"rendered":"<p><body><\/p>\n<p><img decoding=\"async\" src=\"img3\/pastor 2.jpg\" \/>  <\/p>\n<p>Santo Domingo Este RD 21 enero.- .- La Confraternidad de Pastores Evang\u00e9licos \u00abLos Pampados\u00bb, movimiento que preside el Ministro Daniel Rodr\u00edguez, realizar\u00e1 la tarde de este jueves 21 una caminata por todo el sector Cancino Adentro en reclamo de mejores servicios para el sector.<\/p>\n<\/p>\n<p>Bajo el lema \u00abTiempo de levantarse\u00bb los cristianos marcharan a partir de las dos (2:30) de la tarde partiendo de la intersecci\u00f3n de las calles Quinta (5ta), con Don Fernando.<\/p>\n<\/p>\n<p>\u00abAdem\u00e1s de predicar la palabra de Dios, nuestra finalidad es levantar un llamado, en la que aprovecharemos para denunciar una serie de problemas que nos afectan como comunidad\u00bb afirm\u00f3 el pastor Basilio A. Paulino de la Iglesia Liberada por Jesucristo,.<\/p>\n<\/p>\n<p>La marcha cuenta con el respaldo de unas 17 iglesias que componen la confraternidad, quienes en conjunto exigen la reconstrucci\u00f3n de una escuela, el arreglo de las calles, el saneamiento de una ca\u00f1ada, como prevenci\u00f3n a un sinn\u00famero de enfermedades respiratorias.<\/p>\n<\/p>\n<p>Los religiosos igualmente reclaman la soluci\u00f3n definitiva con la planta de agua y de esa manera poder contar con agua potable para toda la comunidad, \u00abes necesario que se tomen las medidas necesarias para regular la inseguridad ciudadana, que tanto afecta la sociedad dominicana en los \u00faltimos a\u00f1os\u00bb precis\u00f3 el Pastor Daniel Rodr\u00edguez.<\/p>\n<\/p>\n<p>El Pastor de la Iglesia Bethel, hizo un llamado a las familias residentes en el Sector Cancino Adentro y barios adyacentes a sumarse a la caminata y participar del cierre de la misma la cual concluir\u00e1 con una culto donde todos los pastores rendir\u00e1n su testimonio.<\/p>\n<\/p>\n<p>Igualmente hizo un llamado a las autoridades de la Provincia y de forma especial los del Municipio Santo Domingo Este, asistir a esa importante actividad con el prop\u00f3sito de que conozcan la realidad que vive este sector, la cual calific\u00f3 de \u00abinfrahumana\u00bb <\/p>\n<\/p>\n<p>Zona de los archivos adjuntos<\/p>\n<p>Vista previa del archivo adjunto DSC_0323.JPG<\/p>\n<p>Imagen<\/p>\n<p>DSC_0323.JPG<\/p>\n<h6> 2016-01-21 09:12:02 <\/h6>\n<p><!--\n<link rel=\"stylesheet\" href=\"css\/bootstrap.min.css\">\n\n\n<ul class=\"pagination\">\n\t    \n\t\n\n<li >\n\t<a href='?page_no=13957'>Previous<\/a>\n\t<\/li>\n\n\n       \n    \n\n<li><a href='?page_no=1'>1<\/a><\/li>\n\n\n\n<li><a href='?page_no=2'>2<\/a><\/li>\n\n\n\n<li><a>...<\/a><\/li>\n\n\n\n<li><a href='?page_no=13956'>13956<\/a><\/li>\n\n\n\n<li><a href='?page_no=13957'>13957<\/a><\/li>\n\n\n\n<li class='active'><a>13958<\/a><\/li>\n\n\n\n<li><a href='?page_no=13959'>13959<\/a><\/li>\n\n\n\n<li><a href='?page_no=13960'>13960<\/a><\/li>\n\n\n\n<li><a>...<\/a><\/li>\n\n\n\n<li><a href='?page_no=56169'>56169<\/a><\/li>\n\n\n\n<li><a href='?page_no=56170'>56170<\/a><\/li>\n\n    \n\t\n\n<li >\n\t<a href='?page_no=13959'>Next<\/a>\n\t<\/li>\n\n\n    \n\n<li><a href='?page_no=56170'>Last &rsaquo;&rsaquo;<\/a><\/li>\n\n<\/ul>\n\n\n--><br \/>\n<\/body><\/p>\n","protected":false},"excerpt":{"rendered":"<p>Santo Domingo Este RD 21 enero.- .- La Confraternidad de Pastores Evang\u00e9licos \u00abLos Pampados\u00bb, movimiento que preside el Ministro Daniel Rodr\u00edguez, realizar\u00e1 la tarde de este jueves 21 una caminata por todo el sector Cancino Adentro en reclamo de mejores servicios para el sector. Bajo el lema \u00abTiempo de levantarse\u00bb los cristianos marcharan a partir [&hellip;]<\/p>\n","protected":false},"author":3,"featured_media":0,"comment_status":"open","ping_status":"open","sticky":false,"template":"","format":"standard","meta":{"footnotes":""},"categories":[20],"tags":[],"class_list":["post-219657","post","type-post","status-publish","format-standard","hentry","category-dominicana-hoy"],"_links":{"self":[{"href":"https:\/\/diariodominicano.com\/index.php?rest_route=\/wp\/v2\/posts\/219657","targetHints":{"allow":["GET"]}}],"collection":[{"href":"https:\/\/diariodominicano.com\/index.php?rest_route=\/wp\/v2\/posts"}],"about":[{"href":"https:\/\/diariodominicano.com\/index.php?rest_route=\/wp\/v2\/types\/post"}],"author":[{"embeddable":true,"href":"https:\/\/diariodominicano.com\/index.php?rest_route=\/wp\/v2\/users\/3"}],"replies":[{"embeddable":true,"href":"https:\/\/diariodominicano.com\/index.php?rest_route=%2Fwp%2Fv2%2Fcomments&post=219657"}],"version-history":[{"count":0,"href":"https:\/\/diariodominicano.com\/index.php?rest_route=\/wp\/v2\/posts\/219657\/revisions"}],"wp:attachment":[{"href":"https:\/\/diariodominicano.com\/index.php?rest_route=%2Fwp%2Fv2%2Fmedia&parent=219657"}],"wp:term":[{"taxonomy":"category","embeddable":true,"href":"https:\/\/diariodominicano.com\/index.php?rest_route=%2Fwp%2Fv2%2Fcategories&post=219657"},{"taxonomy":"post_tag","embeddable":true,"href":"https:\/\/diariodominicano.com\/index.php?rest_route=%2Fwp%2Fv2%2Ftags&post=219657"}],"curies":[{"name":"wp","href":"https:\/\/api.w.org\/{rel}","templated":true}]}}