{"id":219656,"date":"2016-01-21T10:42:55","date_gmt":"2016-01-21T10:42:55","guid":{"rendered":"http:\/\/diariodominicano.ddns.net\/?p=219656"},"modified":"2016-01-21T10:42:55","modified_gmt":"2016-01-21T10:42:55","slug":"tres-instituciones-de-la-vicepresidencia-premiadas-con-el-premio-nacional-a-la-calidad","status":"publish","type":"post","link":"https:\/\/diariodominicano.com\/?p=219656","title":{"rendered":"Tres instituciones de la Vicepresidencia premiadas con el  Premio Nacional a la Calidad"},"content":{"rendered":"<p><body><\/p>\n<p><img decoding=\"async\" src=\"img3\/marga 1.jpg\" \/>  <\/p>\n<\/p>\n<p>El acto, efectuado en el sal\u00f3n La Cari\u00e1tides del Palacio Nacional, fue encabezado por la vicepresidenta de la Rep\u00fablica, doctora Margarita Cede\u00f1o, quien entreg\u00f3 los premios a los galardonados<\/p>\n<\/p>\n<p>SANTO DOMINGO, 21 de enero de 2016.- El programa Progresando con Solidaridad (Prosoli), el Sistema \u00danico de Beneficiarios (Siuben) y la Administradora de Subsidios Sociales (ADESS), entidades pertenecientes al Gabinete de Coordinaci\u00f3n de Pol\u00edticas Sociales que dirige la vicepresidenta de la Rep\u00fablica, doctora Margarita Cede\u00f1o, fueron galardonadas en la d\u00e9cima primera versi\u00f3n del Premio Nacional a la Calidad y Reconocimiento a las Pr\u00e1cticas Promisorias 2015 que otorga cada a\u00f1o el Ministerio de Administraci\u00f3n P\u00fablica (MAP).<\/p>\n<\/p>\n<p>Prosoli y Siuben recibieron medallas de oro, mientras que ADESS fue reconocida con bronce.<\/p>\n<\/p>\n<p>El jurado premi\u00f3 a Prosoli al considerar que esta instituci\u00f3n \u00abha logrado impactar en la sociedad ampliando sus servicios a la poblaci\u00f3n mediante el establecimiento de convenios y alianzas con organizaciones relevantes, tanto nacionales como internacionales, para combatir la pobreza\u00bb.<\/p>\n<\/p>\n<p>Mientras que otorg\u00f3 la distinci\u00f3n al Siuben al se\u00f1alar que \u00abtiene un gran impacto en sus clientes, ya que dispone de informaci\u00f3n r\u00e1pida, efectiva y con calidad, la cual sirve como base para sus operaciones, como lo es la selecci\u00f3n de las personas que ser\u00e1n beneficiarias con los subsidios sociales que ofrece el Estado dominicano\u00bb.  <\/p>\n<\/p>\n<p>La ADESS fue galardonada \u00abporque evidenci\u00f3 tener un sistema de medici\u00f3n de la producci\u00f3n institucional y de monitoreo en tiempo real de sus procesos, lo que le ha permitido mejorar considerablemente la gesti\u00f3n en su conjunto\u00bb, consider\u00f3 el jurado.<\/p>\n<\/p>\n<p>El acto, efectuado en el sal\u00f3n La Cari\u00e1tides del Palacio Nacional, fue encabezado por la Vicemandataria, quien entreg\u00f3 los premios a los galardonados en representaci\u00f3n del presidente de la Rep\u00fablica, licenciado Danilo Medina.<\/p>\n<\/p>\n<p>La Vicepresidenta tambi\u00e9n entreg\u00f3 el Gran Premio Nacional a la Calidad del Sector P\u00fablico, el cual recay\u00f3 sobre el Hospital Traumatol\u00f3gico Profesor Juan Bosch de la Vega. Otras veintis\u00e9is instituciones tambi\u00e9n fueron reconocidas por el MAP.<\/p>\n<\/p>\n<p>\u00abHoy recogemos frutos de nuestro trabajo y compromiso. Me siento orgullosa del equipo de oro que me acompa\u00f1a. Nuestros logros, son reflejo del avance de familias Prosoli. \u00bfY c\u00f3mo celebramos? Celebramos como sabemos, trabajando\u00bb, expres\u00f3 la Vicemandataria en su cuenta de twitter, tras finalizar el acto.<\/p>\n<\/p>\n<p>Prosoli es un programa social del Gobierno que busca sacar de la pobreza a miles de familias a trav\u00e9s de la capacitaci\u00f3n y la generaci\u00f3n de oportunidades del cual se benefician unas 803 mil 455 familias a trav\u00e9s de los distintos proyectos enfocados en sus siete componentes que son Salud, Educaci\u00f3n, Identificaci\u00f3n, Seguridad Alimentaria y Generaci\u00f3n de Ingresos, Formaci\u00f3n Humana y Conciencia Ciudadana, Habitabilidad y Medioambiente y Acceso a las Tecnolog\u00edas de la Informaci\u00f3n y Comunicaci\u00f3n.<\/p>\n<\/p>\n<p>Mientras que Siuben es la entidad encargada de calificar a las familias que ingresan al Prosoli a trav\u00e9s del cual son incluidos en los programas sociales del gobierno. Por otro lado, ADESS tiene a su cargo la administraci\u00f3n y ejecuci\u00f3n financiera de los subsidios sociales, la fiscalizaci\u00f3n y verificaci\u00f3n de los contratos y\/o convenios con los comercios y expendedores afiliados, entre otras funciones.<\/p>\n<\/p>\n<p>Otros premios<\/p>\n<\/p>\n<p>Adem\u00e1s, recibieron medalla de oro el Acuario Nacional de la Rep\u00fablica Dominicana, la Administradora de Riesgos Laborales Salud Segura (ARLSS), el Centro de Exportaci\u00f3n e Inversi\u00f3n de la Rep\u00fablica Dominicana (CEI-RD), el Consejo Nacional de Competitividad, la Superintendencia de Pensiones y la Superintendencia de Valores.<\/p>\n<\/p>\n<p>En tanto, obtuvieron medallas de plata la Comisi\u00f3n Nacional de Energ\u00eda, la Procuradur\u00eda Fiscal del Distrito Nacional, la Direcci\u00f3n General de Contrataciones P\u00fablicas, la Direcci\u00f3n Regional No. 10 de Educaci\u00f3n, el Hospital Materno Dr. Reynaldo Alm\u00e1nzar, el Hospital Pedi\u00e1trico Hugo Mendoza, el Instituto Nacional de Formaci\u00f3n del Magisterio (INAFOCAM), el Ministerio Administrativo de la Presidencia, la Contralor\u00eda General de la Rep\u00fablica y el Ministerio de Econom\u00eda, Planificaci\u00f3n y Desarrollo.<\/p>\n<\/p>\n<p>El MAP tambi\u00e9n entreg\u00f3 medallas de bronce al Centro Educativo Santa Mar\u00eda del Batey, del Distrito Escolar 05-04 de Hato Mayor; la Direcci\u00f3n Provincial de Salud de Monte Plata, la Escuela B\u00e1sica Monte Adentro de (Salcedo 07-02), la Escuela B\u00e1sica de Las Colinas (San Pedro de Macor\u00eds), el Instituto de Formaci\u00f3n Docente Salom\u00e9 Ure\u00f1a, el Liceo El Buen Samaritano (D.E.05-04, Hato Mayor) y el Liceo Secundario Federico Berm\u00fadez (D.E.05-01) en San Pedro de Macor\u00eds.<\/p>\n<\/p>\n<p>El Premio Nacional a la Calidad del Sector P\u00fablico se entrega desde hace 11 a\u00f1os y es organizado por el MAP, cuyo ministro, Ram\u00f3n Ventura Camejo dijo que a trav\u00e9s del mismo se ha logrado instaurar una nueva cultura de calidad en los servicios que prestan las instituciones p\u00fablicas, con un cambio de mentalidad y gesti\u00f3n, colocando al ciudadano en el centro de atenci\u00f3n.<\/p>\n<\/p>\n<p>Indic\u00f3 que cada a\u00f1o el MAP organiza el proceso de nominaci\u00f3n, evaluaci\u00f3n y entrega de los galardones, y que  los premios locales han sido ratificados a nivel internacional.<\/p>\n<\/p>\n<p>En esta d\u00e9cima primera edici\u00f3n fueron evaluadas 72 instituciones de las cuales 27 obtuvieron medallas, y para esto fue tomado en cuenta el rendimiento de los servicios p\u00fablicos que sirven esas entidades estatales.<\/p>\n<\/p>\n<p>De su lado, el presidente del jurado, Carlos Villaverde,  indic\u00f3 que los procesos de reformas y modernizaci\u00f3n de las instituciones del Estado representan una oportunidad para ser m\u00e1s factible los cambios que se impulsan en todo el pa\u00eds desde lo p\u00fablico y lo privado.<\/p>\n<\/p>\n<p>\u00abLa b\u00fasqueda en la excelencia en la gesti\u00f3n p\u00fablica se ha convertido en una prioridad de muchos pa\u00edses, porque es un camino para estimular el desarrollo econ\u00f3mico y social con el que todos estamos comprometidos, aqu\u00ed es donde radica la importancia de los procesos de implantaci\u00f3n de una cultura de la calidad en todos los \u00f3rdenes de la sociedad\u00bb, dijo.<\/p>\n<\/p>\n<h6> 2016-01-21 10:42:55 <\/h6>\n<p><!--\n<link rel=\"stylesheet\" href=\"css\/bootstrap.min.css\">\n\n\n<ul class=\"pagination\">\n\t    \n\t\n\n<li >\n\t<a href='?page_no=13956'>Previous<\/a>\n\t<\/li>\n\n\n       \n    \n\n<li><a href='?page_no=1'>1<\/a><\/li>\n\n\n\n<li><a href='?page_no=2'>2<\/a><\/li>\n\n\n\n<li><a>...<\/a><\/li>\n\n\n\n<li><a href='?page_no=13955'>13955<\/a><\/li>\n\n\n\n<li><a href='?page_no=13956'>13956<\/a><\/li>\n\n\n\n<li class='active'><a>13957<\/a><\/li>\n\n\n\n<li><a href='?page_no=13958'>13958<\/a><\/li>\n\n\n\n<li><a href='?page_no=13959'>13959<\/a><\/li>\n\n\n\n<li><a>...<\/a><\/li>\n\n\n\n<li><a href='?page_no=56169'>56169<\/a><\/li>\n\n\n\n<li><a href='?page_no=56170'>56170<\/a><\/li>\n\n    \n\t\n\n<li >\n\t<a href='?page_no=13958'>Next<\/a>\n\t<\/li>\n\n\n    \n\n<li><a href='?page_no=56170'>Last &rsaquo;&rsaquo;<\/a><\/li>\n\n<\/ul>\n\n\n--><br \/>\n<\/body><\/p>\n","protected":false},"excerpt":{"rendered":"<p>El acto, efectuado en el sal\u00f3n La Cari\u00e1tides del Palacio Nacional, fue encabezado por la vicepresidenta de la Rep\u00fablica, doctora Margarita Cede\u00f1o, quien entreg\u00f3 los premios a los galardonados SANTO DOMINGO, 21 de enero de 2016.- El programa Progresando con Solidaridad (Prosoli), el Sistema \u00danico de Beneficiarios (Siuben) y la Administradora de Subsidios Sociales (ADESS), [&hellip;]<\/p>\n","protected":false},"author":3,"featured_media":0,"comment_status":"open","ping_status":"open","sticky":false,"template":"","format":"standard","meta":{"footnotes":""},"categories":[20],"tags":[],"class_list":["post-219656","post","type-post","status-publish","format-standard","hentry","category-dominicana-hoy"],"_links":{"self":[{"href":"https:\/\/diariodominicano.com\/index.php?rest_route=\/wp\/v2\/posts\/219656","targetHints":{"allow":["GET"]}}],"collection":[{"href":"https:\/\/diariodominicano.com\/index.php?rest_route=\/wp\/v2\/posts"}],"about":[{"href":"https:\/\/diariodominicano.com\/index.php?rest_route=\/wp\/v2\/types\/post"}],"author":[{"embeddable":true,"href":"https:\/\/diariodominicano.com\/index.php?rest_route=\/wp\/v2\/users\/3"}],"replies":[{"embeddable":true,"href":"https:\/\/diariodominicano.com\/index.php?rest_route=%2Fwp%2Fv2%2Fcomments&post=219656"}],"version-history":[{"count":0,"href":"https:\/\/diariodominicano.com\/index.php?rest_route=\/wp\/v2\/posts\/219656\/revisions"}],"wp:attachment":[{"href":"https:\/\/diariodominicano.com\/index.php?rest_route=%2Fwp%2Fv2%2Fmedia&parent=219656"}],"wp:term":[{"taxonomy":"category","embeddable":true,"href":"https:\/\/diariodominicano.com\/index.php?rest_route=%2Fwp%2Fv2%2Fcategories&post=219656"},{"taxonomy":"post_tag","embeddable":true,"href":"https:\/\/diariodominicano.com\/index.php?rest_route=%2Fwp%2Fv2%2Ftags&post=219656"}],"curies":[{"name":"wp","href":"https:\/\/api.w.org\/{rel}","templated":true}]}}