{"id":219655,"date":"2016-01-21T10:51:33","date_gmt":"2016-01-21T10:51:33","guid":{"rendered":"http:\/\/diariodominicano.ddns.net\/?p=219655"},"modified":"2016-01-21T10:51:33","modified_gmt":"2016-01-21T10:51:33","slug":"nicanor-pena-pide-un-dialogo-sincero-para-debatir-los-problemas-nacionales","status":"publish","type":"post","link":"https:\/\/diariodominicano.com\/?p=219655","title":{"rendered":"Nicanor Pe\u00f1a pide un di\u00e1logo sincero para debatir los problemas nacionales"},"content":{"rendered":"<p><body><\/p>\n<p>Higuey RD 21 enero.-. EL obispo Nicanor Pe\u00f1a pidi\u00f3 un di\u00e1logo sincero y abierto para debatir los grandes problemas nacionales que afectan a los dominicanos.<\/p>\n<\/p>\n<p>Abog\u00f3 por la construcci\u00f3n de una patria en la que los dominicanos no tengan miedo uno del otro.<\/p>\n<\/p>\n<p>El obispo se expres\u00f3 en esos t\u00e9rminos durante la homil\u00eda que pronunci\u00f3 en la Bas\u00edlica con motivo del D\u00eda de la Altagracia, a la que asistieron el presidente Danilo Medina, funcionarios y miembros de la oposici\u00f3n pol\u00edtica, encabezada por el candidato presidencial del Partido Revolucionario Moderno, Luis Abinader.<\/p>\n<\/p>\n<p>Adem\u00e1s asisti\u00f3 el senador por la provincia La Altagracia, Amable Aristy Castro.<\/p>\n<\/p>\n<p>El obispo dijo que la Virgen de la Altagracia da la fuerza para continuar en el camino del bien, en el servicio al pr\u00f3jimo, cumpliendo con las obras de misericordia. \u00abEn sus manos fraternales colocamos a nuestro pa\u00eds, a todos los dominicanos, para que ella nos alcance la gracia de vivir con intensidad nuestra vida de fe sin temor, como ella lo hizo\u00bb, indic\u00f3.<\/p>\n<\/p>\n<p>Record\u00f3 que 2016 fue declarado por el papa Francisco como \u00abEl a\u00f1o de la Misericordia\u00bb, por lo que recomend\u00f3 a los dominicanos hacer \u00e9nfasis en cultivar la paz, para estar en consonancia con esa declaratoria.<\/p>\n<\/p>\n<h6> 2016-01-21 10:51:33 <\/h6>\n<p><!--\n<link rel=\"stylesheet\" href=\"css\/bootstrap.min.css\">\n\n\n<ul class=\"pagination\">\n\t    \n\t\n\n<li >\n\t<a href='?page_no=13955'>Previous<\/a>\n\t<\/li>\n\n\n       \n    \n\n<li><a href='?page_no=1'>1<\/a><\/li>\n\n\n\n<li><a href='?page_no=2'>2<\/a><\/li>\n\n\n\n<li><a>...<\/a><\/li>\n\n\n\n<li><a href='?page_no=13954'>13954<\/a><\/li>\n\n\n\n<li><a href='?page_no=13955'>13955<\/a><\/li>\n\n\n\n<li class='active'><a>13956<\/a><\/li>\n\n\n\n<li><a href='?page_no=13957'>13957<\/a><\/li>\n\n\n\n<li><a href='?page_no=13958'>13958<\/a><\/li>\n\n\n\n<li><a>...<\/a><\/li>\n\n\n\n<li><a href='?page_no=56169'>56169<\/a><\/li>\n\n\n\n<li><a href='?page_no=56170'>56170<\/a><\/li>\n\n    \n\t\n\n<li >\n\t<a href='?page_no=13957'>Next<\/a>\n\t<\/li>\n\n\n    \n\n<li><a href='?page_no=56170'>Last &rsaquo;&rsaquo;<\/a><\/li>\n\n<\/ul>\n\n\n--><br \/>\n<\/body><\/p>\n","protected":false},"excerpt":{"rendered":"<p>Higuey RD 21 enero.-. EL obispo Nicanor Pe\u00f1a pidi\u00f3 un di\u00e1logo sincero y abierto para debatir los grandes problemas nacionales que afectan a los dominicanos. Abog\u00f3 por la construcci\u00f3n de una patria en la que los dominicanos no tengan miedo uno del otro. El obispo se expres\u00f3 en esos t\u00e9rminos durante la homil\u00eda que pronunci\u00f3 [&hellip;]<\/p>\n","protected":false},"author":3,"featured_media":0,"comment_status":"open","ping_status":"open","sticky":false,"template":"","format":"standard","meta":{"footnotes":""},"categories":[20],"tags":[],"class_list":["post-219655","post","type-post","status-publish","format-standard","hentry","category-dominicana-hoy"],"_links":{"self":[{"href":"https:\/\/diariodominicano.com\/index.php?rest_route=\/wp\/v2\/posts\/219655","targetHints":{"allow":["GET"]}}],"collection":[{"href":"https:\/\/diariodominicano.com\/index.php?rest_route=\/wp\/v2\/posts"}],"about":[{"href":"https:\/\/diariodominicano.com\/index.php?rest_route=\/wp\/v2\/types\/post"}],"author":[{"embeddable":true,"href":"https:\/\/diariodominicano.com\/index.php?rest_route=\/wp\/v2\/users\/3"}],"replies":[{"embeddable":true,"href":"https:\/\/diariodominicano.com\/index.php?rest_route=%2Fwp%2Fv2%2Fcomments&post=219655"}],"version-history":[{"count":0,"href":"https:\/\/diariodominicano.com\/index.php?rest_route=\/wp\/v2\/posts\/219655\/revisions"}],"wp:attachment":[{"href":"https:\/\/diariodominicano.com\/index.php?rest_route=%2Fwp%2Fv2%2Fmedia&parent=219655"}],"wp:term":[{"taxonomy":"category","embeddable":true,"href":"https:\/\/diariodominicano.com\/index.php?rest_route=%2Fwp%2Fv2%2Fcategories&post=219655"},{"taxonomy":"post_tag","embeddable":true,"href":"https:\/\/diariodominicano.com\/index.php?rest_route=%2Fwp%2Fv2%2Ftags&post=219655"}],"curies":[{"name":"wp","href":"https:\/\/api.w.org\/{rel}","templated":true}]}}