{"id":219654,"date":"2016-01-21T15:30:45","date_gmt":"2016-01-21T15:30:45","guid":{"rendered":"http:\/\/diariodominicano.ddns.net\/?p=219654"},"modified":"2016-01-21T15:30:45","modified_gmt":"2016-01-21T15:30:45","slug":"disponen-medidas-preventivas-en-autopistas-del-nordeste-y-boulevard-turistico-del-atlantico","status":"publish","type":"post","link":"https:\/\/diariodominicano.com\/?p=219654","title":{"rendered":"Disponen medidas preventivas en autopistas del Nordeste y Boulevard Tur\u00edstico del Atlantico"},"content":{"rendered":"<p><body><\/p>\n<p><img decoding=\"async\" src=\"img3\/AUTOPISTA.jpg\" \/>  <\/p>\n<p><span class=\"text1noticias\">Monte Plata, RD, 21 de Enero.-Por celebrarse el D\u00eda de la Virgen de La Altagracia, y el D\u00eda del patricio Juan Pablo Duarte, los Consorcios Autopistas del Nordeste y Boulevard Tur\u00edstico del Atl\u00e1ntico, en coordinaci\u00f3n con las autoridades, activaron el amplio operativo de prevenci\u00f3n de accidentes dispuesto para los largos feriados y dirigido a los ciudadanos que se estar\u00e1n desplazando por las autopistas Juan Pablo Segundo y el Boulevard Tur\u00edstico del Atl\u00e1ntico.<\/span><\/p>\n<\/p>\n<p><span class=\"text1noticias\">Las empresas que tienen a su cargo la operatividad de las dos importantes v\u00edas de tr\u00e1nsito terrestre, informaron que el operativo preventivo para evitar que ocurran lamentables accidentes,  abarca, adem\u00e1s, un programa de orientaci\u00f3n ciudadana, viabilizaci\u00f3n y fiscalizaci\u00f3n de la circulaci\u00f3n vehicular a cargo de un personal debidamente capacitado y con la log\u00edstica necesaria para atender cualquier situaci\u00f3n de emergencia que se presente ante el tradicional incremento del flujo de veh\u00edculos que se produce por la referida festividad cristiana y patri\u00f3tica.<\/span><\/p>\n<\/p>\n<p><span class=\"text1noticias\">Indic\u00f3 que siempre para estas fechas, en las que los dominicanos la utilizan para viajar a distintos destinos del pa\u00eds, se activan estos  operativos de reforzamiento de la seguridad y de la asistencia vial en la carretera Santo Domingo-Saman\u00e1 que cuenta con unidades de ambulancias debidamente equipadas, ubicadas en la estaciones de peajes en la comunidad Naranjal, en la estaci\u00f3n de combustibles, en la estaci\u00f3n de peaje de la comunidad Guaraguao, y en el cruce Rinc\u00f3n de Molenillos.<\/span><\/p>\n<\/p>\n<p><span class=\"text1noticias\">Gustavo Vila, director de Operaciones de Autopistas del Nordeste y el Boulevard Tur\u00edstico del Atl\u00e1ntico, inform\u00f3 que integraron m\u00e1s unidades de seguridad y asistencial vial en  ambas v\u00edas, con un monitoreo permanente a lo largo de los tramos carreteros, adem\u00e1s de un servicio gratuito de gr\u00faas distribuidas en puntos estrat\u00e9gicos.<\/span><\/p>\n<\/p>\n<p><span class=\"text1noticias\">\u00abSon muchos los dominicanos que aprovechando el largo feriado se desplazan por las dos referidas v\u00edas,  por lo que como siempre apelamos a la conciencia de los usuarios  en lo que es la prudencia que se debe observar en el tr\u00e1nsito vehicular, respeto a la Ley 241, evitar excesos de velocidad, llevar colocados el cintur\u00f3n de seguridad, asegurar de que el veh\u00edculo disponga de sus luces, frenos y neum\u00e1ticos en condiciones, entre otras medidas, para que la celebraci\u00f3n del D\u00eda de la Virgen de La Altagracia, y del patricio Juan Pablo Duarte, se desarrolle en un clima de tranquilidad y sin hechos que lamentar\u00bb, asegur\u00f3 Gustavo Vila, director de Operaciones de Autopistas del Nordeste y el Boulevard Tur\u00edstico del Atl\u00e1ntico<\/span>.<\/p>\n<h6> 2016-01-21 15:30:45 <\/h6>\n<p><!--\n<link rel=\"stylesheet\" href=\"css\/bootstrap.min.css\">\n\n\n<ul class=\"pagination\">\n\t    \n\t\n\n<li >\n\t<a href='?page_no=13954'>Previous<\/a>\n\t<\/li>\n\n\n       \n    \n\n<li><a href='?page_no=1'>1<\/a><\/li>\n\n\n\n<li><a href='?page_no=2'>2<\/a><\/li>\n\n\n\n<li><a>...<\/a><\/li>\n\n\n\n<li><a href='?page_no=13953'>13953<\/a><\/li>\n\n\n\n<li><a href='?page_no=13954'>13954<\/a><\/li>\n\n\n\n<li class='active'><a>13955<\/a><\/li>\n\n\n\n<li><a href='?page_no=13956'>13956<\/a><\/li>\n\n\n\n<li><a href='?page_no=13957'>13957<\/a><\/li>\n\n\n\n<li><a>...<\/a><\/li>\n\n\n\n<li><a href='?page_no=56169'>56169<\/a><\/li>\n\n\n\n<li><a href='?page_no=56170'>56170<\/a><\/li>\n\n    \n\t\n\n<li >\n\t<a href='?page_no=13956'>Next<\/a>\n\t<\/li>\n\n\n    \n\n<li><a href='?page_no=56170'>Last &rsaquo;&rsaquo;<\/a><\/li>\n\n<\/ul>\n\n\n--><br \/>\n<\/body><\/p>\n","protected":false},"excerpt":{"rendered":"<p>Monte Plata, RD, 21 de Enero.-Por celebrarse el D\u00eda de la Virgen de La Altagracia, y el D\u00eda del patricio Juan Pablo Duarte, los Consorcios Autopistas del Nordeste y Boulevard Tur\u00edstico del Atl\u00e1ntico, en coordinaci\u00f3n con las autoridades, activaron el amplio operativo de prevenci\u00f3n de accidentes dispuesto para los largos feriados y dirigido a los [&hellip;]<\/p>\n","protected":false},"author":3,"featured_media":0,"comment_status":"open","ping_status":"open","sticky":false,"template":"","format":"standard","meta":{"footnotes":""},"categories":[20],"tags":[],"class_list":["post-219654","post","type-post","status-publish","format-standard","hentry","category-dominicana-hoy"],"_links":{"self":[{"href":"https:\/\/diariodominicano.com\/index.php?rest_route=\/wp\/v2\/posts\/219654","targetHints":{"allow":["GET"]}}],"collection":[{"href":"https:\/\/diariodominicano.com\/index.php?rest_route=\/wp\/v2\/posts"}],"about":[{"href":"https:\/\/diariodominicano.com\/index.php?rest_route=\/wp\/v2\/types\/post"}],"author":[{"embeddable":true,"href":"https:\/\/diariodominicano.com\/index.php?rest_route=\/wp\/v2\/users\/3"}],"replies":[{"embeddable":true,"href":"https:\/\/diariodominicano.com\/index.php?rest_route=%2Fwp%2Fv2%2Fcomments&post=219654"}],"version-history":[{"count":0,"href":"https:\/\/diariodominicano.com\/index.php?rest_route=\/wp\/v2\/posts\/219654\/revisions"}],"wp:attachment":[{"href":"https:\/\/diariodominicano.com\/index.php?rest_route=%2Fwp%2Fv2%2Fmedia&parent=219654"}],"wp:term":[{"taxonomy":"category","embeddable":true,"href":"https:\/\/diariodominicano.com\/index.php?rest_route=%2Fwp%2Fv2%2Fcategories&post=219654"},{"taxonomy":"post_tag","embeddable":true,"href":"https:\/\/diariodominicano.com\/index.php?rest_route=%2Fwp%2Fv2%2Ftags&post=219654"}],"curies":[{"name":"wp","href":"https:\/\/api.w.org\/{rel}","templated":true}]}}