{"id":219653,"date":"2016-01-21T15:36:07","date_gmt":"2016-01-21T15:36:07","guid":{"rendered":"http:\/\/diariodominicano.ddns.net\/?p=219653"},"modified":"2016-01-21T15:36:07","modified_gmt":"2016-01-21T15:36:07","slug":"brigadas-de-la-dgdc-auxilian-peregrinos-en-el-dia-de-la-virgen-de-la-altagracia","status":"publish","type":"post","link":"https:\/\/diariodominicano.com\/?p=219653","title":{"rendered":"Brigadas de la DGDC auxilian peregrinos en el D\u00eda de la Virgen de la Altagracia"},"content":{"rendered":"<p><body><\/p>\n<p><img decoding=\"async\" src=\"img3\/peregrinos.jpg\" \/>  <\/p>\n<p><span class=\"text1noticias\">Higuey, la Altagracia, RD, 21 de Enero.-La Direcci\u00f3n General de Desarrollo de la Comunidad ?DGDC- organiz\u00f3 su acostumbrado operativo de asistencia a los peregrinos que el 21 de enero de cada a\u00f1o se trasladan a la Bas\u00edlica de Higuey para cumplir promesas y pedir favores a la Virgen de La Altagracia, protectora espiritual del pueblo dominicano.<\/span><\/p>\n<\/p>\n<p><span class=\"text1noticias\">La jornada a favor de los peregrinos incluy\u00f3 el levantamiento de carpas en distintos puntos de la carretera que comunica a San Pedro de Macor\u00eds con la Provincia La Altagracia, donde decenas de fieles devotos hicieron parada para tomar t\u00e9 y caf\u00e9 con pan y batata, y tambi\u00e9n se distribuy\u00f3 agua potable a las personas que visitaron el Santuario de La Virgen.<\/span><\/p>\n<\/p>\n<p><span class=\"text1noticias\">El operativo fue encabezado por Luis Acosta Moreta, Luis ?EL GALLO-,  quien adem\u00e1s asisti\u00f3 a la misa solemne que se realiz\u00f3 en la Bas\u00edlica de Higuey, con motivo del D\u00eda de La Virgen de la Altagracia, Madre Espiritual del pueblo dominicano.<\/span><\/p>\n<\/p>\n<p><span class=\"text1noticias\">Acosta Moreta sostuvo que para la Direcci\u00f3n General de Desarrollo de la Comunidad, ya es una tradici\u00f3n montar ese tipo de jornada de asistencia en esta fecha, para el beneficio de los peregrinos que se desplazan a Higuey cada 21 de enero, y que este a\u00f1o tuvo como sorpresa el reparto de un salcocho.<\/span><\/p>\n<\/p>\n<p><span class=\"text1noticias\">Los operativos fueron supervisados por la encargada de \u00e1reas de la DGDC en San Pedro de Macor\u00eds, Te\u00f3fila Ram\u00edrez, y el encargado provincial de esa entidad en La Altagracia, Daniel Taveras.<\/span><\/p>\n<\/p>\n<p><span class=\"text1noticias\">La Direcci\u00f3n General de Desarrollo de la Comunidad, ofreci\u00f3 adem\u00e1s a los viajeros servicios de ba\u00f1os m\u00f3viles, y un suministro constante de agua potable a la cisterna de La Bas\u00edlica de Higuey, donde por la masiva concentraci\u00f3n de personas se consume una enorme cantidad del l\u00edquido.<\/span><\/p>\n<\/p>\n<p><span class=\"text1noticias\">Luis Acosta Moreta, junto a su asistente Leonardo Suero, acompa\u00f1o al presidente Danilo Medina y su esposa C\u00e1ndida Montilla, a la eucarist\u00eda que fue oficiada por el Obispo Nicanor Pe\u00f1a.<\/span><\/p>\n<\/p>\n<p><span class=\"text1noticias\">Luis Acosta Moreta, tras salir de la Bas\u00edlica, recorri\u00f3 los alrededores del templo religioso en compa\u00f1\u00eda de la Banda Interbarrial y el Batton Ballet de la ?DGDC-, quienes ofrecieron un vistoso espect\u00e1culo a los miles de feligreses que se dieron cita en el lugar.<\/span><\/p>\n<\/p>\n<p><span class=\"text1noticias\">El funcionario tambi\u00e9n particip\u00f3 en el 3er Festival Gastron\u00f3mico de la Yuca, que realiza la Comisi\u00f3n Civil de Desarrollo de la Provincia La Altagracia ?COCDEPAL-<\/span>.<\/p>\n<h6> 2016-01-21 15:36:07 <\/h6>\n<p><!--\n<link rel=\"stylesheet\" href=\"css\/bootstrap.min.css\">\n\n\n<ul class=\"pagination\">\n\t    \n\t\n\n<li >\n\t<a href='?page_no=13953'>Previous<\/a>\n\t<\/li>\n\n\n       \n    \n\n<li><a href='?page_no=1'>1<\/a><\/li>\n\n\n\n<li><a href='?page_no=2'>2<\/a><\/li>\n\n\n\n<li><a>...<\/a><\/li>\n\n\n\n<li><a href='?page_no=13952'>13952<\/a><\/li>\n\n\n\n<li><a href='?page_no=13953'>13953<\/a><\/li>\n\n\n\n<li class='active'><a>13954<\/a><\/li>\n\n\n\n<li><a href='?page_no=13955'>13955<\/a><\/li>\n\n\n\n<li><a href='?page_no=13956'>13956<\/a><\/li>\n\n\n\n<li><a>...<\/a><\/li>\n\n\n\n<li><a href='?page_no=56169'>56169<\/a><\/li>\n\n\n\n<li><a href='?page_no=56170'>56170<\/a><\/li>\n\n    \n\t\n\n<li >\n\t<a href='?page_no=13955'>Next<\/a>\n\t<\/li>\n\n\n    \n\n<li><a href='?page_no=56170'>Last &rsaquo;&rsaquo;<\/a><\/li>\n\n<\/ul>\n\n\n--><br \/>\n<\/body><\/p>\n","protected":false},"excerpt":{"rendered":"<p>Higuey, la Altagracia, RD, 21 de Enero.-La Direcci\u00f3n General de Desarrollo de la Comunidad ?DGDC- organiz\u00f3 su acostumbrado operativo de asistencia a los peregrinos que el 21 de enero de cada a\u00f1o se trasladan a la Bas\u00edlica de Higuey para cumplir promesas y pedir favores a la Virgen de La Altagracia, protectora espiritual del pueblo [&hellip;]<\/p>\n","protected":false},"author":3,"featured_media":0,"comment_status":"open","ping_status":"open","sticky":false,"template":"","format":"standard","meta":{"footnotes":""},"categories":[20],"tags":[],"class_list":["post-219653","post","type-post","status-publish","format-standard","hentry","category-dominicana-hoy"],"_links":{"self":[{"href":"https:\/\/diariodominicano.com\/index.php?rest_route=\/wp\/v2\/posts\/219653","targetHints":{"allow":["GET"]}}],"collection":[{"href":"https:\/\/diariodominicano.com\/index.php?rest_route=\/wp\/v2\/posts"}],"about":[{"href":"https:\/\/diariodominicano.com\/index.php?rest_route=\/wp\/v2\/types\/post"}],"author":[{"embeddable":true,"href":"https:\/\/diariodominicano.com\/index.php?rest_route=\/wp\/v2\/users\/3"}],"replies":[{"embeddable":true,"href":"https:\/\/diariodominicano.com\/index.php?rest_route=%2Fwp%2Fv2%2Fcomments&post=219653"}],"version-history":[{"count":0,"href":"https:\/\/diariodominicano.com\/index.php?rest_route=\/wp\/v2\/posts\/219653\/revisions"}],"wp:attachment":[{"href":"https:\/\/diariodominicano.com\/index.php?rest_route=%2Fwp%2Fv2%2Fmedia&parent=219653"}],"wp:term":[{"taxonomy":"category","embeddable":true,"href":"https:\/\/diariodominicano.com\/index.php?rest_route=%2Fwp%2Fv2%2Fcategories&post=219653"},{"taxonomy":"post_tag","embeddable":true,"href":"https:\/\/diariodominicano.com\/index.php?rest_route=%2Fwp%2Fv2%2Ftags&post=219653"}],"curies":[{"name":"wp","href":"https:\/\/api.w.org\/{rel}","templated":true}]}}