{"id":219652,"date":"2016-01-21T16:06:51","date_gmt":"2016-01-21T16:06:51","guid":{"rendered":"http:\/\/diariodominicano.ddns.net\/?p=219652"},"modified":"2016-01-21T16:06:51","modified_gmt":"2016-01-21T16:06:51","slug":"danilo-medina-realiza-visita-sorpresa-en-higuey","status":"publish","type":"post","link":"https:\/\/diariodominicano.com\/?p=219652","title":{"rendered":"Danilo Medina realiza visita sorpresa en Hig\u00fcey"},"content":{"rendered":"<p><body><\/p>\n<p><img decoding=\"async\" src=\"img3\/DANILOvs.jpg\" \/>  <\/p>\n<p><strong><span class=\"text1noticias\">Hig\u00fcey, la Altagracia, RD, 21 de Enero.-<\/span><\/strong><span class=\"text1noticias\">El presidente Danilo Medina consider\u00f3 favorable y positivo el di\u00e1logo planteado por el obispo, Nicanor Pe\u00f1a, durante la homil\u00eda pronunciada este jueves en la bas\u00edlica de La Altagracia, en Hig\u00fcey  por entender que un pueblo que no habla, no avanza. <\/span><\/p>\n<\/p>\n<p><span class=\"text1noticias\">Se  refiri\u00f3 al tema en un comentario al concluir la visita sorpresa en la que supervis\u00f3 varias obras que su Gobierno construye en esta ciudad a solicitud de juntas de vecinos y autoridades eclesi\u00e1sticas de aqu\u00ed, por considerarlas importantes y necesarias para la comunidad.<\/span><\/p>\n<p><span class=\"text1noticias\"> <\/span><\/p>\n<p><span class=\"text1noticias\">La primera parada en su recorrido por Hig\u00fcey, luego de participar en un encuentro con los obispos y autoridades de esta ciudad, fue en los terrenos del parque industrial Los Sotos, del barrio Juan Pablo Duarte, donde las autoridades de la provincia proponen desarrollar una plaza artesanal y un mercado, obras que contribuir\u00edan al desarrollo de los sectores artesanal, tur\u00edstico y de las pymes.<\/span><\/p>\n<p><span class=\"text1noticias\"> <\/span><\/p>\n<p><span class=\"text1noticias\">El presidente Medina estuvo acompa\u00f1ado del Arzobispo de la Arquidi\u00f3cesis de La Altagracia, monse\u00f1or Nicanor Pe\u00f1a; la alcaldesa de all\u00ed, Karina Aristy; el ministro administrativo de la Presidencia, Jos\u00e9 Ram\u00f3n Peralta; el senador de La Altagracia, Amable Aristy; la directora de PROINDUSTRIA, Alexandra Izquierdo; el director de OISOE, Francisco Pag\u00e1n y el asistente personal del presidente, Carlos Pared P\u00e9rez, entre otros.<\/span><\/p>\n<p><span class=\"text1noticias\"> <\/span><\/p>\n<p><span class=\"text1noticias\">Luego se dirigi\u00f3 al sector Villa Cerro, para supervisar los trabajos de un nuevo puente y la remodelaci\u00f3n del puente de Villa Cerro; Los dos sobre el r\u00edo Duey, cuya construcci\u00f3n permitir\u00e1 m\u00e1s viabilidad a la barriada, que en los \u00faltimos a\u00f1os ha experimentado un incremento poblacional tanto de dominicanos como de extranjeros.<\/span><\/p>\n<p><span class=\"text1noticias\"> <\/span><\/p>\n<p><span class=\"text1noticias\">Asimismo, se detuvo en el hospital general Nuestra Se\u00f1ora de la Altagracia, que se encuentra en su fase final de construcci\u00f3n.<\/span><\/p>\n<\/p>\n<p><span class=\"text1noticias\">El Mandatario estuvo en el mercado y la plaza de artesanos ser\u00edan desarrollados en conjunto por la Alcald\u00eda de Hig\u00fcey y por El Centro de Desarrollo y competitividad Industrial, PROINDUSTRIA.<\/span><\/p>\n<\/p>\n<p><span class=\"text1noticias\">El presidente Danilo Medina pidi\u00f3 que le sometieran el proyecto detallado para evaluar de qu\u00e9 manera se les podr\u00eda apoyar.<\/span><\/p>\n<\/p>\n<p><span class=\"text1noticias\">Medina escuch\u00f3 inquietudes de los artesanos que dijeron que la Plaza y el mercado podr\u00edan aprovechar el gran desarrollo tur\u00edstico del Este, pero est\u00e1n necesitando recursos para iniciar.<\/span><\/p>\n<\/p>\n<p><span class=\"text1noticias\">Manifest\u00f3 que el proyecto puede aprovechar terrenos del parque industrial de ProIndustria en Hig\u00fcey para construir una Plaza de Artesanos y un mercado\u00bb, agreg\u00f3<\/span>.<\/p>\n<h6> 2016-01-21 16:06:51 <\/h6>\n<p><!--\n<link rel=\"stylesheet\" href=\"css\/bootstrap.min.css\">\n\n\n<ul class=\"pagination\">\n\t    \n\t\n\n<li >\n\t<a href='?page_no=13952'>Previous<\/a>\n\t<\/li>\n\n\n       \n    \n\n<li><a href='?page_no=1'>1<\/a><\/li>\n\n\n\n<li><a href='?page_no=2'>2<\/a><\/li>\n\n\n\n<li><a>...<\/a><\/li>\n\n\n\n<li><a href='?page_no=13951'>13951<\/a><\/li>\n\n\n\n<li><a href='?page_no=13952'>13952<\/a><\/li>\n\n\n\n<li class='active'><a>13953<\/a><\/li>\n\n\n\n<li><a href='?page_no=13954'>13954<\/a><\/li>\n\n\n\n<li><a href='?page_no=13955'>13955<\/a><\/li>\n\n\n\n<li><a>...<\/a><\/li>\n\n\n\n<li><a href='?page_no=56169'>56169<\/a><\/li>\n\n\n\n<li><a href='?page_no=56170'>56170<\/a><\/li>\n\n    \n\t\n\n<li >\n\t<a href='?page_no=13954'>Next<\/a>\n\t<\/li>\n\n\n    \n\n<li><a href='?page_no=56170'>Last &rsaquo;&rsaquo;<\/a><\/li>\n\n<\/ul>\n\n\n--><br \/>\n<\/body><\/p>\n","protected":false},"excerpt":{"rendered":"<p>Hig\u00fcey, la Altagracia, RD, 21 de Enero.-El presidente Danilo Medina consider\u00f3 favorable y positivo el di\u00e1logo planteado por el obispo, Nicanor Pe\u00f1a, durante la homil\u00eda pronunciada este jueves en la bas\u00edlica de La Altagracia, en Hig\u00fcey por entender que un pueblo que no habla, no avanza. Se refiri\u00f3 al tema en un comentario al concluir [&hellip;]<\/p>\n","protected":false},"author":3,"featured_media":0,"comment_status":"open","ping_status":"open","sticky":false,"template":"","format":"standard","meta":{"footnotes":""},"categories":[20],"tags":[],"class_list":["post-219652","post","type-post","status-publish","format-standard","hentry","category-dominicana-hoy"],"_links":{"self":[{"href":"https:\/\/diariodominicano.com\/index.php?rest_route=\/wp\/v2\/posts\/219652","targetHints":{"allow":["GET"]}}],"collection":[{"href":"https:\/\/diariodominicano.com\/index.php?rest_route=\/wp\/v2\/posts"}],"about":[{"href":"https:\/\/diariodominicano.com\/index.php?rest_route=\/wp\/v2\/types\/post"}],"author":[{"embeddable":true,"href":"https:\/\/diariodominicano.com\/index.php?rest_route=\/wp\/v2\/users\/3"}],"replies":[{"embeddable":true,"href":"https:\/\/diariodominicano.com\/index.php?rest_route=%2Fwp%2Fv2%2Fcomments&post=219652"}],"version-history":[{"count":0,"href":"https:\/\/diariodominicano.com\/index.php?rest_route=\/wp\/v2\/posts\/219652\/revisions"}],"wp:attachment":[{"href":"https:\/\/diariodominicano.com\/index.php?rest_route=%2Fwp%2Fv2%2Fmedia&parent=219652"}],"wp:term":[{"taxonomy":"category","embeddable":true,"href":"https:\/\/diariodominicano.com\/index.php?rest_route=%2Fwp%2Fv2%2Fcategories&post=219652"},{"taxonomy":"post_tag","embeddable":true,"href":"https:\/\/diariodominicano.com\/index.php?rest_route=%2Fwp%2Fv2%2Ftags&post=219652"}],"curies":[{"name":"wp","href":"https:\/\/api.w.org\/{rel}","templated":true}]}}