{"id":219645,"date":"2016-01-22T12:40:04","date_gmt":"2016-01-22T12:40:04","guid":{"rendered":"http:\/\/diariodominicano.ddns.net\/?p=219645"},"modified":"2016-01-22T12:40:04","modified_gmt":"2016-01-22T12:40:04","slug":"abel-martinez-de-acuerdo-con-incremento-de-seguridad-en-la-frontera","status":"publish","type":"post","link":"https:\/\/diariodominicano.com\/?p=219645","title":{"rendered":"Abel Mart\u00ednez de acuerdo con incremento de seguridad en la frontera"},"content":{"rendered":"<p><body><\/p>\n<p><img decoding=\"async\" src=\"img3\/abe 4.jpg\" \/>  <\/p>\n<p>Santo Domingo.- Ante la inestabilidad e incertidumbre que se vive en Hait\u00ed con la realizaci\u00f3n de la segunda vuelta electoral este domingo, el presidente de la C\u00e1mara de Diputados, Abel Mart\u00ednez, consider\u00f3 prudente que las autoridades incrementen la vigilancia en la frontera.<\/p>\n<\/p>\n<p>El legislador entiende que el panorama que se presenta, caracterizado por denuncias de votaciones fraudulentas y de boicot electoral, debe llamar la atenci\u00f3n de las autoridades para que tomen las medidas necesarias a fin de evitar que esos hechos repercutan en Rep\u00fablica Dominicana. <\/p>\n<\/p>\n<p>\u00abEn los \u00faltimos d\u00edas, las manifestaciones violentas se han multiplicado e incluso la oposici\u00f3n se niega a participar en las elecciones, lo cual nos da a entender que se escenificar\u00e1n protestas que pueden desbordar la violencia y, adem\u00e1s, el \u00e9xodo de haitianos hacia nuestro territorio\u00bb, se\u00f1al\u00f3 el congresista.<\/p>\n<\/p>\n<p>Seg\u00fan Mart\u00ednez, la inseguridad y la falta de estabilidad que se vive en ese Estado afecta a ciudadanos indefensos a los que sus autoridades no les garantizan sus derechos, servicios b\u00e1sicos ni alimentaci\u00f3n.<\/p>\n<h6> 2016-01-22 12:40:04 <\/h6>\n<p><!--\n<link rel=\"stylesheet\" href=\"css\/bootstrap.min.css\">\n\n\n<ul class=\"pagination\">\n\t    \n\t\n\n<li >\n\t<a href='?page_no=13946'>Previous<\/a>\n\t<\/li>\n\n\n       \n    \n\n<li><a href='?page_no=1'>1<\/a><\/li>\n\n\n\n<li><a href='?page_no=2'>2<\/a><\/li>\n\n\n\n<li><a>...<\/a><\/li>\n\n\n\n<li><a href='?page_no=13945'>13945<\/a><\/li>\n\n\n\n<li><a href='?page_no=13946'>13946<\/a><\/li>\n\n\n\n<li class='active'><a>13947<\/a><\/li>\n\n\n\n<li><a href='?page_no=13948'>13948<\/a><\/li>\n\n\n\n<li><a href='?page_no=13949'>13949<\/a><\/li>\n\n\n\n<li><a>...<\/a><\/li>\n\n\n\n<li><a href='?page_no=56169'>56169<\/a><\/li>\n\n\n\n<li><a href='?page_no=56170'>56170<\/a><\/li>\n\n    \n\t\n\n<li >\n\t<a href='?page_no=13948'>Next<\/a>\n\t<\/li>\n\n\n    \n\n<li><a href='?page_no=56170'>Last &rsaquo;&rsaquo;<\/a><\/li>\n\n<\/ul>\n\n\n--><br \/>\n<\/body><\/p>\n","protected":false},"excerpt":{"rendered":"<p>Santo Domingo.- Ante la inestabilidad e incertidumbre que se vive en Hait\u00ed con la realizaci\u00f3n de la segunda vuelta electoral este domingo, el presidente de la C\u00e1mara de Diputados, Abel Mart\u00ednez, consider\u00f3 prudente que las autoridades incrementen la vigilancia en la frontera. El legislador entiende que el panorama que se presenta, caracterizado por denuncias de [&hellip;]<\/p>\n","protected":false},"author":3,"featured_media":0,"comment_status":"open","ping_status":"open","sticky":false,"template":"","format":"standard","meta":{"footnotes":""},"categories":[20],"tags":[],"class_list":["post-219645","post","type-post","status-publish","format-standard","hentry","category-dominicana-hoy"],"_links":{"self":[{"href":"https:\/\/diariodominicano.com\/index.php?rest_route=\/wp\/v2\/posts\/219645","targetHints":{"allow":["GET"]}}],"collection":[{"href":"https:\/\/diariodominicano.com\/index.php?rest_route=\/wp\/v2\/posts"}],"about":[{"href":"https:\/\/diariodominicano.com\/index.php?rest_route=\/wp\/v2\/types\/post"}],"author":[{"embeddable":true,"href":"https:\/\/diariodominicano.com\/index.php?rest_route=\/wp\/v2\/users\/3"}],"replies":[{"embeddable":true,"href":"https:\/\/diariodominicano.com\/index.php?rest_route=%2Fwp%2Fv2%2Fcomments&post=219645"}],"version-history":[{"count":0,"href":"https:\/\/diariodominicano.com\/index.php?rest_route=\/wp\/v2\/posts\/219645\/revisions"}],"wp:attachment":[{"href":"https:\/\/diariodominicano.com\/index.php?rest_route=%2Fwp%2Fv2%2Fmedia&parent=219645"}],"wp:term":[{"taxonomy":"category","embeddable":true,"href":"https:\/\/diariodominicano.com\/index.php?rest_route=%2Fwp%2Fv2%2Fcategories&post=219645"},{"taxonomy":"post_tag","embeddable":true,"href":"https:\/\/diariodominicano.com\/index.php?rest_route=%2Fwp%2Fv2%2Ftags&post=219645"}],"curies":[{"name":"wp","href":"https:\/\/api.w.org\/{rel}","templated":true}]}}