{"id":219644,"date":"2016-01-22T13:23:53","date_gmt":"2016-01-22T13:23:53","guid":{"rendered":"http:\/\/diariodominicano.ddns.net\/?p=219644"},"modified":"2016-01-22T13:23:53","modified_gmt":"2016-01-22T13:23:53","slug":"consulado-dominicano-estara-cerrado-este-sabado-en-prevision-de-tormenta-de-nieve","status":"publish","type":"post","link":"https:\/\/diariodominicano.com\/?p=219644","title":{"rendered":"Consulado Dominicano estar\u00e1 cerrado este s\u00e1bado en previsi\u00f3n de tormenta de nieve"},"content":{"rendered":"<p><body><\/p>\n<p>Nueva York 22 enero.- El personal del Consulado General de la Rep\u00fablica Dominicana no laborar\u00e1 este s\u00e1bado 23, ante la previsi\u00f3n de que una tormenta de nieve afectar\u00e1 la zona noreste de los Estados Unidos, y tampoco trabajar\u00e1 el lunes 25 de enero por ser d\u00eda feriado en la naci\u00f3n dominicana como parte de las festividades conmemorativas de la fecha de natalicio del fundador de la Rep\u00fablica. <\/p>\n<p>El anuncio lo hizo el c\u00f3nsul general, arquitecto Eduardo Selman, a trav\u00e9s de un comunicado del Departamento de Prensa de la dependencia consular, al tiempo de invitar a los dominicanos y sus organizaciones representativas a participar en una ofrenda floral que ser\u00e1 depositada ante la estatua del patricio Juan Pablo Duarte, este lunes 25 de enero.<\/p>\n<p>\u00abHemos tomado la decisi\u00f3n de no abrir el consulado este s\u00e1bado ante los informes del Servicio de Meteorolog\u00eda de la Ciudad de Nueva York en el sentido de que se podr\u00edan registrar de seis a ocho pulgadas de nieve y r\u00e1fagas de vientos de hasta 50 millas por hora y no queremos poner en riesgo la vida del personal y de los dominicanos que requieren de servicios consulares\u00bb, expres\u00f3 Selman <\/p>\n<p>Exhort\u00f3 a la comunidad dominicana a cumplir al pie de la letra las instrucciones que est\u00e1n dando las autoridades municipales y estatales ante la previsi\u00f3n de que la nevada ser\u00eda intensa e inmensa.<\/p>\n<p>Las labores en el consulado localizado en el 1501 de la avenida Broadway, en Manhattan, ser\u00e1n reanudadas el martes 26 de enero en su horario regular de 8:30 de la ma\u00f1ana a 3:30 de la tarde de lunes a viernes y de 8:30 a.m. a 1:00 p.m. los s\u00e1bados.<\/p>\n<p>En cuanto al acto de la ofrenda floral que tendr\u00e1 lugar el lunes 25 de los corrientes, con motivo de la conmemoraci\u00f3n del nacimiento de Juan Pablo Duarte, el c\u00f3nsul Selman dijo que ser\u00e1 depositada a las 11:00 de la ma\u00f1ana en la Plazoleta La Trinitaria, localizada en la Avenida de Las Am\u00e9ricas con Canal Street, en Manhattan<\/p>\n<p>El libertador dominicano, fundador de la sociedad La Trinitaria y principal ide\u00f3logo de la Independencia, naci\u00f3 en Santo Domingo el 26 de enero de 1813 en el periodo conocido como el de \u00abLa Espa\u00f1a Boba\u00bb y muri\u00f3 en Caracas, Venezuela, el 15 de julio de 1876.<\/p>\n<p>La ofrenda floral a Juan Pablo Duarte forma parte, adem\u00e1s, de las actividades de celebraci\u00f3n del Mes de la Herencia Dominicana que generalmente se inician con la misa en honor a la Virgen de la Altagracia. Selman reiter\u00f3 su exhortaci\u00f3n a los dominicanos y sus organizaciones para que asistan masivamente al acto de homenaje al patricio Juan Pablo Duarte.<\/p>\n<h6> 2016-01-22 13:23:53 <\/h6>\n<p><!--\n<link rel=\"stylesheet\" href=\"css\/bootstrap.min.css\">\n\n\n<ul class=\"pagination\">\n\t    \n\t\n\n<li >\n\t<a href='?page_no=13945'>Previous<\/a>\n\t<\/li>\n\n\n       \n    \n\n<li><a href='?page_no=1'>1<\/a><\/li>\n\n\n\n<li><a href='?page_no=2'>2<\/a><\/li>\n\n\n\n<li><a>...<\/a><\/li>\n\n\n\n<li><a href='?page_no=13944'>13944<\/a><\/li>\n\n\n\n<li><a href='?page_no=13945'>13945<\/a><\/li>\n\n\n\n<li class='active'><a>13946<\/a><\/li>\n\n\n\n<li><a href='?page_no=13947'>13947<\/a><\/li>\n\n\n\n<li><a href='?page_no=13948'>13948<\/a><\/li>\n\n\n\n<li><a>...<\/a><\/li>\n\n\n\n<li><a href='?page_no=56169'>56169<\/a><\/li>\n\n\n\n<li><a href='?page_no=56170'>56170<\/a><\/li>\n\n    \n\t\n\n<li >\n\t<a href='?page_no=13947'>Next<\/a>\n\t<\/li>\n\n\n    \n\n<li><a href='?page_no=56170'>Last &rsaquo;&rsaquo;<\/a><\/li>\n\n<\/ul>\n\n\n--><br \/>\n<\/body><\/p>\n","protected":false},"excerpt":{"rendered":"<p>Nueva York 22 enero.- El personal del Consulado General de la Rep\u00fablica Dominicana no laborar\u00e1 este s\u00e1bado 23, ante la previsi\u00f3n de que una tormenta de nieve afectar\u00e1 la zona noreste de los Estados Unidos, y tampoco trabajar\u00e1 el lunes 25 de enero por ser d\u00eda feriado en la naci\u00f3n dominicana como parte de las [&hellip;]<\/p>\n","protected":false},"author":3,"featured_media":0,"comment_status":"open","ping_status":"open","sticky":false,"template":"","format":"standard","meta":{"footnotes":""},"categories":[20],"tags":[],"class_list":["post-219644","post","type-post","status-publish","format-standard","hentry","category-dominicana-hoy"],"_links":{"self":[{"href":"https:\/\/diariodominicano.com\/index.php?rest_route=\/wp\/v2\/posts\/219644","targetHints":{"allow":["GET"]}}],"collection":[{"href":"https:\/\/diariodominicano.com\/index.php?rest_route=\/wp\/v2\/posts"}],"about":[{"href":"https:\/\/diariodominicano.com\/index.php?rest_route=\/wp\/v2\/types\/post"}],"author":[{"embeddable":true,"href":"https:\/\/diariodominicano.com\/index.php?rest_route=\/wp\/v2\/users\/3"}],"replies":[{"embeddable":true,"href":"https:\/\/diariodominicano.com\/index.php?rest_route=%2Fwp%2Fv2%2Fcomments&post=219644"}],"version-history":[{"count":0,"href":"https:\/\/diariodominicano.com\/index.php?rest_route=\/wp\/v2\/posts\/219644\/revisions"}],"wp:attachment":[{"href":"https:\/\/diariodominicano.com\/index.php?rest_route=%2Fwp%2Fv2%2Fmedia&parent=219644"}],"wp:term":[{"taxonomy":"category","embeddable":true,"href":"https:\/\/diariodominicano.com\/index.php?rest_route=%2Fwp%2Fv2%2Fcategories&post=219644"},{"taxonomy":"post_tag","embeddable":true,"href":"https:\/\/diariodominicano.com\/index.php?rest_route=%2Fwp%2Fv2%2Ftags&post=219644"}],"curies":[{"name":"wp","href":"https:\/\/api.w.org\/{rel}","templated":true}]}}