{"id":219641,"date":"2016-01-22T23:19:28","date_gmt":"2016-01-22T23:19:28","guid":{"rendered":"http:\/\/diariodominicano.ddns.net\/?p=219641"},"modified":"2016-01-22T23:19:28","modified_gmt":"2016-01-22T23:19:28","slug":"danilo-medina-se-reune-con-agricultores-en-pueblos-del-sur","status":"publish","type":"post","link":"https:\/\/diariodominicano.com\/?p=219641","title":{"rendered":"Danilo Medina se reune con agricultores en pueblos del Sur"},"content":{"rendered":"<p><body><\/p>\n<p><img decoding=\"async\" src=\"img3\/bahoruco_0.jpg\" \/><br \/><img decoding=\"async\" src=\"img3\/bahoruco2_0.jpg\" \/>  <\/p>\n<p>Galv\u00e1n, Bahoruco, R. D., 23 de enero.- El presidente Danilo Medina inici\u00f3 a partir de este viernes las visitas sorpresa los d\u00edas viernes,  en esta ocasi\u00f3n recorriendo comunidades pobres del Sur del pa\u00eds, donde dispuso impulsar proyectos productivos para mejorar la de vida de sus habitantes.<\/p>\n<\/p>\n<p>En su cuenta de Twitter el ministro administrativo de la Presidencia, Jos\u00e9 Ram\u00f3n Peralta, quien acompa\u00f1\u00f3 al gobernante, inform\u00f3 que en lo adelante el gobernante har\u00e1 las visitas sorpresa los viernes<\/p>\n<\/p>\n<p>Se re\u00fane con productores en El Salado<\/p>\n<\/p>\n<p>La primera de las visitas Danilo Medina la hizo al poblado El Salado, en Galv\u00e1n, provincia Bahoruco, donde se reuni\u00f3 con asociaciones de agricultores y de mujeres que trabajan en la piscicultura.<\/p>\n<\/p>\n<p>Tras escuchar los inconvenientes que tienen los productores agr\u00edcola de esa comunidad por la falta de agua para regar sus cultivos, el jefe de Estado dispuso la perforaci\u00f3n de varios pozos.<\/p>\n<\/p>\n<p>Proyecto pisc\u00edcola para las mujeres<\/p>\n<\/p>\n<p>Para reactivar la econom\u00eda en El Salado, el jefe de Estado prometi\u00f3 a las mujeres apoyarlas con un proyecto pisc\u00edcola. Entre otras obras que realizar\u00e1 el Gobierno en esta empobrecida comunidad figura la ampliaci\u00f3n de la escuela b\u00e1sica.<\/p>\n<\/p>\n<p>Se traslada a Batey Dos<\/p>\n<\/p>\n<p>Tras concluir su visita sorpresa en El Salado, el presidente de la Rep\u00fablica se traslad\u00f3 a Batey Dos, tambi\u00e9n en la provincia Bahoruco, donde se reuni\u00f3 con representantes de esa laboriosa comunidad.<\/p>\n<\/p>\n<p>All\u00ed, Danilo Medina se comprometi\u00f3 a apoyar a los vecinos con varios proyectos agr\u00edcolas y pisc\u00edcolas, a los fines de que puedan trabajar m\u00e1s digna y c\u00f3modamente, as\u00ed como ganarse el sustento de ellos y sus familiares.<\/p>\n<\/p>\n<p>Designa comisi\u00f3n; ir\u00e1 el mi\u00e9rcoles<\/p>\n<\/p>\n<p>El jefe de Estado design\u00f3 una comisi\u00f3n de funcionarios del sector agropecuario que tendr\u00e1 la misi\u00f3n de reunirse el pr\u00f3ximo mi\u00e9rcoles con los representantes de El Salado y Batey Dos. <\/p>\n<\/p>\n<p>Dicha comitiva est\u00e1 integrada por los directores del Instituto Agrario Dominicano,  y del Fondo Especial para el Desarrollo Agropecuario, el coordinador de Programas de Proyectos Especiales de la Presidencia y el administrador del Banco Agr\u00edcola.<\/p>\n<\/p>\n<p>Otras obras<\/p>\n<\/p>\n<p>El ministro Administrativo de la Presidencia precis\u00f3, que el presidente se hab\u00eda comprometido con los pobladores de Los Salados a visitarlos y que hoy cumpli\u00f3 dicha promesa. Explic\u00f3 que tambi\u00e9n los j\u00f3venes de esa demarcaci\u00f3n les solicitaron la ampliaci\u00f3n de la escuela, situaci\u00f3n que ser\u00e1 evaluada por el Ministerio de Educaci\u00f3n, as\u00ed como la construcci\u00f3n de un play. <\/p>\n<\/p>\n<p>Peralta dijo, adem\u00e1s, que los moradores de Batey Dos pidieron al gobernante la remodelaci\u00f3n de la escuela de esa comunidad.<\/p>\n<\/p>\n<p>El presidente Danilo Medina estuvo acompa\u00f1ado tambi\u00e9n de \u00c1ngel Est\u00e9vez, ministro de Agricultura; de Justo Guzm\u00e1n, coordinador del Programa de Proyectos Especiales de la Presidencia; Emilio Toribio, director del Instituto Agrario Dominicano; Antonio L\u00f3pez, director del Fondo Especial para el Desarrollo Agropecuario y Carlos Segura Foster, administrador del Banco Agr\u00edcola.<\/p>\n<h6> 2016-01-22 23:19:28 <\/h6>\n<p><!--\n<link rel=\"stylesheet\" href=\"css\/bootstrap.min.css\">\n\n\n<ul class=\"pagination\">\n\t    \n\t\n\n<li >\n\t<a href='?page_no=13942'>Previous<\/a>\n\t<\/li>\n\n\n       \n    \n\n<li><a href='?page_no=1'>1<\/a><\/li>\n\n\n\n<li><a href='?page_no=2'>2<\/a><\/li>\n\n\n\n<li><a>...<\/a><\/li>\n\n\n\n<li><a href='?page_no=13941'>13941<\/a><\/li>\n\n\n\n<li><a href='?page_no=13942'>13942<\/a><\/li>\n\n\n\n<li class='active'><a>13943<\/a><\/li>\n\n\n\n<li><a href='?page_no=13944'>13944<\/a><\/li>\n\n\n\n<li><a href='?page_no=13945'>13945<\/a><\/li>\n\n\n\n<li><a>...<\/a><\/li>\n\n\n\n<li><a href='?page_no=56169'>56169<\/a><\/li>\n\n\n\n<li><a href='?page_no=56170'>56170<\/a><\/li>\n\n    \n\t\n\n<li >\n\t<a href='?page_no=13944'>Next<\/a>\n\t<\/li>\n\n\n    \n\n<li><a href='?page_no=56170'>Last &rsaquo;&rsaquo;<\/a><\/li>\n\n<\/ul>\n\n\n--><br \/>\n<\/body><\/p>\n","protected":false},"excerpt":{"rendered":"<p>Galv\u00e1n, Bahoruco, R. D., 23 de enero.- El presidente Danilo Medina inici\u00f3 a partir de este viernes las visitas sorpresa los d\u00edas viernes, en esta ocasi\u00f3n recorriendo comunidades pobres del Sur del pa\u00eds, donde dispuso impulsar proyectos productivos para mejorar la de vida de sus habitantes. En su cuenta de Twitter el ministro administrativo de [&hellip;]<\/p>\n","protected":false},"author":3,"featured_media":0,"comment_status":"open","ping_status":"open","sticky":false,"template":"","format":"standard","meta":{"footnotes":""},"categories":[20],"tags":[],"class_list":["post-219641","post","type-post","status-publish","format-standard","hentry","category-dominicana-hoy"],"_links":{"self":[{"href":"https:\/\/diariodominicano.com\/index.php?rest_route=\/wp\/v2\/posts\/219641","targetHints":{"allow":["GET"]}}],"collection":[{"href":"https:\/\/diariodominicano.com\/index.php?rest_route=\/wp\/v2\/posts"}],"about":[{"href":"https:\/\/diariodominicano.com\/index.php?rest_route=\/wp\/v2\/types\/post"}],"author":[{"embeddable":true,"href":"https:\/\/diariodominicano.com\/index.php?rest_route=\/wp\/v2\/users\/3"}],"replies":[{"embeddable":true,"href":"https:\/\/diariodominicano.com\/index.php?rest_route=%2Fwp%2Fv2%2Fcomments&post=219641"}],"version-history":[{"count":0,"href":"https:\/\/diariodominicano.com\/index.php?rest_route=\/wp\/v2\/posts\/219641\/revisions"}],"wp:attachment":[{"href":"https:\/\/diariodominicano.com\/index.php?rest_route=%2Fwp%2Fv2%2Fmedia&parent=219641"}],"wp:term":[{"taxonomy":"category","embeddable":true,"href":"https:\/\/diariodominicano.com\/index.php?rest_route=%2Fwp%2Fv2%2Fcategories&post=219641"},{"taxonomy":"post_tag","embeddable":true,"href":"https:\/\/diariodominicano.com\/index.php?rest_route=%2Fwp%2Fv2%2Ftags&post=219641"}],"curies":[{"name":"wp","href":"https:\/\/api.w.org\/{rel}","templated":true}]}}