{"id":219638,"date":"2016-01-23T10:56:42","date_gmt":"2016-01-23T10:56:42","guid":{"rendered":"http:\/\/diariodominicano.ddns.net\/?p=219638"},"modified":"2016-01-23T10:56:42","modified_gmt":"2016-01-23T10:56:42","slug":"salud-publica-llama-a-establecer-vigilancia-a-las-embarazadas-en-prevencion-del-zika","status":"publish","type":"post","link":"https:\/\/diariodominicano.com\/?p=219638","title":{"rendered":"Salud P\u00fablica llama a establecer vigilancia a las embarazadas en prevenci\u00f3n del Zika"},"content":{"rendered":"<p><body><\/p>\n<p><img decoding=\"async\" src=\"img3\/mone 3.jpg\" \/>  <\/p>\n<p>Santo Domingo RD 23 enero.- El Ministerio de Salud P\u00fablica insta a las maternidades, ginec\u00f3logos, obstetras y perinat\u00f3logos a establecer una vigilancia y seguimiento especial a todas las embarazadas y al feto durante los chequeos prenatales para detectar a tiempo cualquier vinculaci\u00f3n con el zika, ya que algunas de ellas pueden tener contacto con el virus y no presentar manifestaciones cl\u00ednicas.<\/p>\n<\/p>\n<p>As\u00ed lo advirti\u00f3 ayer el viceministro de Salud Colectiva, Nelson Rodr\u00edguez Monegro, quien dijo que el personal m\u00e9dico de las maternidades y consultas obst\u00e9tricas  privadas debe estar alerta y concentrarse en orientar y elaborar una buena historia cl\u00ednica de cada paciente embarazada que reciban, con seguimiento especial en el feto, durante permanezca la amenaza del zika, ya que el virus se asocia a problemas de microcefalia en reci\u00e9n nacidos de madres que han sido afectadas. <\/p>\n<\/p>\n<p>Explica que ese seguimiento debe darse independientemente de que la embarazada haya reportado fiebre u otro s\u00edntoma relacionado al virus, ya que se estima que de cada cuatro afectados, tres pueden circular sin ning\u00fan tipo de s\u00edntomas. <\/p>\n<\/p>\n<p>El doctor Rodr\u00edguez Monegro dijo que la historia cl\u00ednica; el seguimiento prenatal riguroso; la vigilancia durante la gestaci\u00f3n del desarrollo del producto mediante estudios de sonograf\u00edas; la medici\u00f3n del crecimiento del \u00fatero acorde con el tiempo de gestaci\u00f3n son fundamentales durante el embarazo.<\/p>\n<\/p>\n<p> Sobre los reci\u00e9n nacidos, dijo que los perinat\u00f3logos y neonat\u00f3logos deben poner \u00e9nfasis al momento del nacimiento del ni\u00f1o,  haciendo la medici\u00f3n estricta del per\u00edmetro cef\u00e1lico del beb\u00e9 para ver si se corresponde con el tama\u00f1o que debe tener la cabeza del reci\u00e9n nacido tomando en cuenta la tabla promedio de la circunferencia craneal existente.<\/p>\n<\/p>\n<p>Record\u00f3 que un reci\u00e9n nacido de t\u00e9rmino, no prematuro, debe ser de 35 cent\u00edmetros en promedio y que  cuando se aparta por debajo de dos mediciones est\u00e1ndares entonces hay microcefalia, lo que indica que ese ni\u00f1o requiere toma de muestras para determinar si estar\u00eda vinculado con el virus zika. Su seguimiento es estricto con un equipo multidisciplinario que incluye a neur\u00f3logos-pediatras para ver su desarrollo psicomotor.<\/p>\n<\/p>\n<p>Dijo que en la gu\u00eda de manejo que ha distribuido el Ministerio y sobre la cual se ha estado impartiendo capacitaci\u00f3n a los m\u00e9dicos, tiene un componente dirigido al embarazo y las complicaciones, lo cual debe aplicarse ante cualquier sospecha.<\/p>\n<h6> 2016-01-23 10:56:42 <\/h6>\n<p><!--\n<link rel=\"stylesheet\" href=\"css\/bootstrap.min.css\">\n\n\n<ul class=\"pagination\">\n\t    \n\t\n\n<li >\n\t<a href='?page_no=13939'>Previous<\/a>\n\t<\/li>\n\n\n       \n    \n\n<li><a href='?page_no=1'>1<\/a><\/li>\n\n\n\n<li><a href='?page_no=2'>2<\/a><\/li>\n\n\n\n<li><a>...<\/a><\/li>\n\n\n\n<li><a href='?page_no=13938'>13938<\/a><\/li>\n\n\n\n<li><a href='?page_no=13939'>13939<\/a><\/li>\n\n\n\n<li class='active'><a>13940<\/a><\/li>\n\n\n\n<li><a href='?page_no=13941'>13941<\/a><\/li>\n\n\n\n<li><a href='?page_no=13942'>13942<\/a><\/li>\n\n\n\n<li><a>...<\/a><\/li>\n\n\n\n<li><a href='?page_no=56169'>56169<\/a><\/li>\n\n\n\n<li><a href='?page_no=56170'>56170<\/a><\/li>\n\n    \n\t\n\n<li >\n\t<a href='?page_no=13941'>Next<\/a>\n\t<\/li>\n\n\n    \n\n<li><a href='?page_no=56170'>Last &rsaquo;&rsaquo;<\/a><\/li>\n\n<\/ul>\n\n\n--><br \/>\n<\/body><\/p>\n","protected":false},"excerpt":{"rendered":"<p>Santo Domingo RD 23 enero.- El Ministerio de Salud P\u00fablica insta a las maternidades, ginec\u00f3logos, obstetras y perinat\u00f3logos a establecer una vigilancia y seguimiento especial a todas las embarazadas y al feto durante los chequeos prenatales para detectar a tiempo cualquier vinculaci\u00f3n con el zika, ya que algunas de ellas pueden tener contacto con el [&hellip;]<\/p>\n","protected":false},"author":3,"featured_media":0,"comment_status":"open","ping_status":"open","sticky":false,"template":"","format":"standard","meta":{"footnotes":""},"categories":[20],"tags":[],"class_list":["post-219638","post","type-post","status-publish","format-standard","hentry","category-dominicana-hoy"],"_links":{"self":[{"href":"https:\/\/diariodominicano.com\/index.php?rest_route=\/wp\/v2\/posts\/219638","targetHints":{"allow":["GET"]}}],"collection":[{"href":"https:\/\/diariodominicano.com\/index.php?rest_route=\/wp\/v2\/posts"}],"about":[{"href":"https:\/\/diariodominicano.com\/index.php?rest_route=\/wp\/v2\/types\/post"}],"author":[{"embeddable":true,"href":"https:\/\/diariodominicano.com\/index.php?rest_route=\/wp\/v2\/users\/3"}],"replies":[{"embeddable":true,"href":"https:\/\/diariodominicano.com\/index.php?rest_route=%2Fwp%2Fv2%2Fcomments&post=219638"}],"version-history":[{"count":0,"href":"https:\/\/diariodominicano.com\/index.php?rest_route=\/wp\/v2\/posts\/219638\/revisions"}],"wp:attachment":[{"href":"https:\/\/diariodominicano.com\/index.php?rest_route=%2Fwp%2Fv2%2Fmedia&parent=219638"}],"wp:term":[{"taxonomy":"category","embeddable":true,"href":"https:\/\/diariodominicano.com\/index.php?rest_route=%2Fwp%2Fv2%2Fcategories&post=219638"},{"taxonomy":"post_tag","embeddable":true,"href":"https:\/\/diariodominicano.com\/index.php?rest_route=%2Fwp%2Fv2%2Ftags&post=219638"}],"curies":[{"name":"wp","href":"https:\/\/api.w.org\/{rel}","templated":true}]}}