{"id":219635,"date":"2016-01-23T13:09:41","date_gmt":"2016-01-23T13:09:41","guid":{"rendered":"http:\/\/diariodominicano.ddns.net\/?p=219635"},"modified":"2016-01-23T13:09:41","modified_gmt":"2016-01-23T13:09:41","slug":"wanchy-medina-advierte-es-ilegal-presupuesto-aprobado-en-ayuntamiento-la-romana","status":"publish","type":"post","link":"https:\/\/diariodominicano.com\/?p=219635","title":{"rendered":"Wanchy Medina advierte es ilegal presupuesto aprobado en ayuntamiento La Romana."},"content":{"rendered":"<p><body><\/p>\n<p>La Romana RD 23 enero.- El concejal Wanchy Medina advirti\u00f3 que es totalmente ilegal la aprobaci\u00f3n del presupuesto del ayuntamiento de La Romana para el a\u00f1o 2016 por un monto de 322 millones de pesos.<\/p>\n<\/p>\n<p>Mediante comunicaci\u00f3n, justific\u00f3 su planteamiento en lo que llam\u00f3 las \u00abviolaciones procedimentales\u00bb que indica la ley que rige los ayuntamientos, 176-07.<\/p>\n<\/p>\n<p>Indic\u00f3 que la referida ley en su art\u00edculo 323, se\u00f1ala que es \u00aba m\u00e1s tardar el primero de octubre\u00bb que la sindicatura debe entregar el proyecto del presupuesto al concejo municipal; en cambio, la alcaldesa lo remiti\u00f3 el d\u00eda 30 de diciembre las 5 de la tarde.<\/p>\n<\/p>\n<p>Asever\u00f3 que el art\u00edculo 327 de la misma ley, apunta t\u00e1citamente que debe ser entes del 31 de diciembre que el presupuesto quede aprobado definitivamente por los concejales, sin embargo el presupuesto fue aprobado el pasado d\u00eda 22 de enero.<\/p>\n<\/p>\n<p>Dijo que las autoridades municipales no pueden alegar ignorancia, ya que mediante acto de alguacil marcado con el n\u00famero 20\/2016 del ministerial Lyndon Mej\u00eda, advirti\u00f3 sobre la inobservancia de la ley municipal por parte de la alcald\u00eda en materia presupuestaria.<\/p>\n<\/p>\n<p>Se\u00f1al\u00f3, que por tratarse de un a\u00f1o donde se concibe como inminente que en agosto asuman las riendas del ayuntamiento otros funcionarios, los actuales ediles debieron ser cautos al momento de la formulaci\u00f3n y discusi\u00f3n del presupuesto.<\/p>\n<\/p>\n<p>Dej\u00f3 claro que analiza en las pr\u00f3ximas horas incoar los recursos correspondientes para impugnar y conseguir la anulaci\u00f3n del presupuesto il\u00edcitamente aprobado.<\/p>\n<\/p>\n<p>En tal sentido, de conseguir la anulaci\u00f3n, la actual gesti\u00f3n deber\u00e1 regirse con el prepuesto del a\u00f1o 2015 como lo se\u00f1ala la legislaci\u00f3n municipal, revel\u00f3.<\/p>\n<\/p>\n<h6> 2016-01-23 13:09:41 <\/h6>\n<p><!--\n<link rel=\"stylesheet\" href=\"css\/bootstrap.min.css\">\n\n\n<ul class=\"pagination\">\n\t    \n\t\n\n<li >\n\t<a href='?page_no=13937'>Previous<\/a>\n\t<\/li>\n\n\n       \n    \n\n<li><a href='?page_no=1'>1<\/a><\/li>\n\n\n\n<li><a href='?page_no=2'>2<\/a><\/li>\n\n\n\n<li><a>...<\/a><\/li>\n\n\n\n<li><a href='?page_no=13936'>13936<\/a><\/li>\n\n\n\n<li><a href='?page_no=13937'>13937<\/a><\/li>\n\n\n\n<li class='active'><a>13938<\/a><\/li>\n\n\n\n<li><a href='?page_no=13939'>13939<\/a><\/li>\n\n\n\n<li><a href='?page_no=13940'>13940<\/a><\/li>\n\n\n\n<li><a>...<\/a><\/li>\n\n\n\n<li><a href='?page_no=56169'>56169<\/a><\/li>\n\n\n\n<li><a href='?page_no=56170'>56170<\/a><\/li>\n\n    \n\t\n\n<li >\n\t<a href='?page_no=13939'>Next<\/a>\n\t<\/li>\n\n\n    \n\n<li><a href='?page_no=56170'>Last &rsaquo;&rsaquo;<\/a><\/li>\n\n<\/ul>\n\n\n--><br \/>\n<\/body><\/p>\n","protected":false},"excerpt":{"rendered":"<p>La Romana RD 23 enero.- El concejal Wanchy Medina advirti\u00f3 que es totalmente ilegal la aprobaci\u00f3n del presupuesto del ayuntamiento de La Romana para el a\u00f1o 2016 por un monto de 322 millones de pesos. Mediante comunicaci\u00f3n, justific\u00f3 su planteamiento en lo que llam\u00f3 las \u00abviolaciones procedimentales\u00bb que indica la ley que rige los ayuntamientos, [&hellip;]<\/p>\n","protected":false},"author":3,"featured_media":0,"comment_status":"open","ping_status":"open","sticky":false,"template":"","format":"standard","meta":{"footnotes":""},"categories":[20],"tags":[],"class_list":["post-219635","post","type-post","status-publish","format-standard","hentry","category-dominicana-hoy"],"_links":{"self":[{"href":"https:\/\/diariodominicano.com\/index.php?rest_route=\/wp\/v2\/posts\/219635","targetHints":{"allow":["GET"]}}],"collection":[{"href":"https:\/\/diariodominicano.com\/index.php?rest_route=\/wp\/v2\/posts"}],"about":[{"href":"https:\/\/diariodominicano.com\/index.php?rest_route=\/wp\/v2\/types\/post"}],"author":[{"embeddable":true,"href":"https:\/\/diariodominicano.com\/index.php?rest_route=\/wp\/v2\/users\/3"}],"replies":[{"embeddable":true,"href":"https:\/\/diariodominicano.com\/index.php?rest_route=%2Fwp%2Fv2%2Fcomments&post=219635"}],"version-history":[{"count":0,"href":"https:\/\/diariodominicano.com\/index.php?rest_route=\/wp\/v2\/posts\/219635\/revisions"}],"wp:attachment":[{"href":"https:\/\/diariodominicano.com\/index.php?rest_route=%2Fwp%2Fv2%2Fmedia&parent=219635"}],"wp:term":[{"taxonomy":"category","embeddable":true,"href":"https:\/\/diariodominicano.com\/index.php?rest_route=%2Fwp%2Fv2%2Fcategories&post=219635"},{"taxonomy":"post_tag","embeddable":true,"href":"https:\/\/diariodominicano.com\/index.php?rest_route=%2Fwp%2Fv2%2Ftags&post=219635"}],"curies":[{"name":"wp","href":"https:\/\/api.w.org\/{rel}","templated":true}]}}