{"id":219634,"date":"2016-01-23T14:25:43","date_gmt":"2016-01-23T14:25:43","guid":{"rendered":"http:\/\/diariodominicano.ddns.net\/?p=219634"},"modified":"2016-01-23T14:25:43","modified_gmt":"2016-01-23T14:25:43","slug":"instruye-reforzar-acciones-contra-dengue-chikungunya-y-zika-virus","status":"publish","type":"post","link":"https:\/\/diariodominicano.com\/?p=219634","title":{"rendered":"Instruye reforzar acciones contra dengue, chikungunya y zika virus"},"content":{"rendered":"<p><body><\/p>\n<p><img decoding=\"async\" src=\"img3\/danilo.jpg\" \/>  <\/p>\n<p><span class=\"text1noticias\">Santo Domingo, RD, 23 de enero.-El presidente Danilo Medina instruy\u00f3 hoy al Ministerio de Salud P\u00fablica a desarrollar acciones coordinadas para detectar y confirmar casos de infecci\u00f3n por dengue, chikungunya y fiebre por zika virus.<\/span><\/p>\n<p><span class=\"text1noticias\"> <\/span><\/p>\n<p><span class=\"text1noticias\">Del mismo modo, dispuso que todas las dependencias del Estado se involucren activamente en los planes, acciones y pol\u00edticas que disponga el Ministerio de Salud P\u00fablica en el reforzamiento de las tareas contra estas enfermedades.<\/span><\/p>\n<p><span class=\"text1noticias\"> <\/span><\/p>\n<p><span class=\"text1noticias\">Las disposiciones est\u00e1n contenidas en el decreto 7-16 emitido hoy por el Ejecutivo.<\/span><\/p>\n<p><span class=\"text1noticias\">  <\/span><\/p>\n<p><span class=\"text1noticias\"><strong>Protecci\u00f3n de fronteras<\/strong><\/span><\/p>\n<\/p>\n<p><span class=\"text1noticias\">El jefe de Estado tambi\u00e9n requiri\u00f3 que el Ministerio de Defensa y los cuerpos especializados de seguridad ejecuten las medidas extraordinarias que disponga el Ministerio de Salud P\u00fablica en protocolos especiales para la protecci\u00f3n de las fronteras terrestres, mar\u00edtimas y a\u00e9reas en sus respectivos puestos fronterizos, puertos y aeropuertos frente a la amenaza que suponen para la salud de los y las dominicanas las enfermedades virales transmitidas por los mosquitos Aedes aegypti y Aedes albopictus.<\/span><\/p>\n<p><span class=\"text1noticias\"> <\/span><\/p>\n<p><span class=\"text1noticias\">Igualmente, el decreto establece que Ministerio de Salud P\u00fablica implemente una efectiva estrategia de comunicaci\u00f3n con el p\u00fablico para reducir la presencia de los mosquitos transmisores de estas enfermedades.<\/span><\/p>\n<p><span class=\"text1noticias\"><strong> <\/strong><\/span><\/p>\n<p><span class=\"text1noticias\"><strong>Amplia participaci\u00f3n y coordinaci\u00f3n interinstitucional<\/strong><\/span><\/p>\n<\/p>\n<p><span class=\"text1noticias\">Danilo Medina instruy\u00f3 adem\u00e1s para que se realicen jornadas de acci\u00f3n comunitaria contra el dengue chikungunya y zika virus con amplia participaci\u00f3n y coordinaci\u00f3n interinstitucional, promoviendo la eliminaci\u00f3n de criaderos, aplicaci\u00f3n de larvicidas y acciones educativas, garantizando la recolecci\u00f3n y manejo final de los desechos s\u00f3lidos producto de la eliminaci\u00f3n de los criaderos de mosquitos.<\/span><\/p>\n<p><span class=\"text1noticias\"> <\/span><\/p>\n<p><span class=\"text1noticias\">Con esto se busca reducir los riesgos que representan los espacios que pueden servir como criaderos de los vectores de dengue, chikungunya y zika virus en sus estadios inmaduros (huevo, larva y pupa) y en la etapa adulta, en el interior de viviendas y espacios adyacentes.<\/span><\/p>\n<p><span class=\"text1noticias\"> <\/span><\/p>\n<p><span class=\"text1noticias\">\u00abLos esfuerzos deben concentrarse en aquellos h\u00e1bitats que sean m\u00e1s productivos y, en consecuencia, m\u00e1s relevantes desde el punto de vista epidemiol\u00f3gico\u00bb, expresa el decreto en el numeral 1 del art\u00edculo n\u00famero 2.<\/span><\/p>\n<p><span class=\"text1noticias\"><strong> <\/strong><\/span><\/p>\n<p><span class=\"text1noticias\"><strong>Diagn\u00f3stico oportuno y manejo adecuado de los casos<\/strong><\/span><\/p>\n<\/p>\n<p><span class=\"text1noticias\">Adem\u00e1s, Danilo Medina instruy\u00f3 al Ministerio de Salud P\u00fablica a ejecutar acciones preventivas y de control de amplio alcance a trav\u00e9s del involucramiento de toda la comunidad educativa, garantizar el diagn\u00f3stico oportuno y manejo adecuado de los casos en los establecimientos de salud para reducir la letalidad de estas enfermedades y la difusi\u00f3n de informaciones relativas a la prevenci\u00f3n a trav\u00e9s de plataformas inform\u00e1ticas, redes sociales y otros mecanismos de las instituciones del Estado<\/span>.<\/p>\n<h6> 2016-01-23 14:25:43 <\/h6>\n<p><!--\n<link rel=\"stylesheet\" href=\"css\/bootstrap.min.css\">\n\n\n<ul class=\"pagination\">\n\t    \n\t\n\n<li >\n\t<a href='?page_no=13936'>Previous<\/a>\n\t<\/li>\n\n\n       \n    \n\n<li><a href='?page_no=1'>1<\/a><\/li>\n\n\n\n<li><a href='?page_no=2'>2<\/a><\/li>\n\n\n\n<li><a>...<\/a><\/li>\n\n\n\n<li><a href='?page_no=13935'>13935<\/a><\/li>\n\n\n\n<li><a href='?page_no=13936'>13936<\/a><\/li>\n\n\n\n<li class='active'><a>13937<\/a><\/li>\n\n\n\n<li><a href='?page_no=13938'>13938<\/a><\/li>\n\n\n\n<li><a href='?page_no=13939'>13939<\/a><\/li>\n\n\n\n<li><a>...<\/a><\/li>\n\n\n\n<li><a href='?page_no=56169'>56169<\/a><\/li>\n\n\n\n<li><a href='?page_no=56170'>56170<\/a><\/li>\n\n    \n\t\n\n<li >\n\t<a href='?page_no=13938'>Next<\/a>\n\t<\/li>\n\n\n    \n\n<li><a href='?page_no=56170'>Last &rsaquo;&rsaquo;<\/a><\/li>\n\n<\/ul>\n\n\n--><br \/>\n<\/body><\/p>\n","protected":false},"excerpt":{"rendered":"<p>Santo Domingo, RD, 23 de enero.-El presidente Danilo Medina instruy\u00f3 hoy al Ministerio de Salud P\u00fablica a desarrollar acciones coordinadas para detectar y confirmar casos de infecci\u00f3n por dengue, chikungunya y fiebre por zika virus. Del mismo modo, dispuso que todas las dependencias del Estado se involucren activamente en los planes, acciones y pol\u00edticas que [&hellip;]<\/p>\n","protected":false},"author":3,"featured_media":0,"comment_status":"open","ping_status":"open","sticky":false,"template":"","format":"standard","meta":{"footnotes":""},"categories":[20],"tags":[],"class_list":["post-219634","post","type-post","status-publish","format-standard","hentry","category-dominicana-hoy"],"_links":{"self":[{"href":"https:\/\/diariodominicano.com\/index.php?rest_route=\/wp\/v2\/posts\/219634","targetHints":{"allow":["GET"]}}],"collection":[{"href":"https:\/\/diariodominicano.com\/index.php?rest_route=\/wp\/v2\/posts"}],"about":[{"href":"https:\/\/diariodominicano.com\/index.php?rest_route=\/wp\/v2\/types\/post"}],"author":[{"embeddable":true,"href":"https:\/\/diariodominicano.com\/index.php?rest_route=\/wp\/v2\/users\/3"}],"replies":[{"embeddable":true,"href":"https:\/\/diariodominicano.com\/index.php?rest_route=%2Fwp%2Fv2%2Fcomments&post=219634"}],"version-history":[{"count":0,"href":"https:\/\/diariodominicano.com\/index.php?rest_route=\/wp\/v2\/posts\/219634\/revisions"}],"wp:attachment":[{"href":"https:\/\/diariodominicano.com\/index.php?rest_route=%2Fwp%2Fv2%2Fmedia&parent=219634"}],"wp:term":[{"taxonomy":"category","embeddable":true,"href":"https:\/\/diariodominicano.com\/index.php?rest_route=%2Fwp%2Fv2%2Fcategories&post=219634"},{"taxonomy":"post_tag","embeddable":true,"href":"https:\/\/diariodominicano.com\/index.php?rest_route=%2Fwp%2Fv2%2Ftags&post=219634"}],"curies":[{"name":"wp","href":"https:\/\/api.w.org\/{rel}","templated":true}]}}