{"id":219633,"date":"2016-01-23T14:42:03","date_gmt":"2016-01-23T14:42:03","guid":{"rendered":"http:\/\/diariodominicano.ddns.net\/?p=219633"},"modified":"2016-01-23T14:42:03","modified_gmt":"2016-01-23T14:42:03","slug":"confirman-casos-de-virus-de-zika","status":"publish","type":"post","link":"https:\/\/diariodominicano.com\/?p=219633","title":{"rendered":"Confirman casos de virus de zika"},"content":{"rendered":"<p><body><\/p>\n<p><img decoding=\"async\" src=\"img3\/altagraciazica.jpg\" \/>  <\/p>\n<p><span class=\"text1noticias\">Santo Domingo, 23 ene (PL) La ministra dominicana de Salud, Altagracia Guzm\u00e1n, confirm\u00f3 que el virus del zika ya est\u00e1 en el territorio y se reactiv\u00f3 el sistema de alerta temprana.<\/span><\/p>\n<\/p>\n<p><span class=\"text1noticias\">Asever\u00f3 que dieron positivas 10 de las 27 muestras tomadas en igual n\u00famero de pacientes sospechosos enviadas al Centro de Control de Enfermedades de Estados Unidos (CDC).<\/span><\/p>\n<\/p>\n<p><span class=\"text1noticias\">La informaci\u00f3n fue ofrecida en rueda de prensa por Guzm\u00e1n, y all\u00ed confirm\u00f3 que los primeros afectados en el pa\u00eds residen en el Distrito Nacional, en Santo Domingo Norte, Barahona (suroeste) y la fronteriza Jiman\u00ed (oeste).<\/span><\/p>\n<\/p>\n<p><span class=\"text1noticias\">Precis\u00f3 que ocho de los 10 casos corresponden a personas de entre 15 y 57 a\u00f1os, mientras que el resto son ni\u00f1os menores de cinco a\u00f1os y ninguno est\u00e1 recluido porque el tratamiento contra la enfermedad es ambulatorio.<\/span><\/p>\n<\/p>\n<p><span class=\"text1noticias\">En la conferencia de prensa las autoridades de salud reiteraron el llamado a las embarazadas a tomar todas las medidas de higiene y precauci\u00f3n para evitar el contagio del virus.<\/span><\/p>\n<\/p>\n<p><span class=\"text1noticias\">Tambi\u00e9n se recomend\u00f3 a las mujeres en edad reproductiva a posponer el embarazo hasta que pase la epidemia, y se anunci\u00f3 que en todos los centros de salud hay m\u00e9todos anticonceptivos gratis para las que desean planificarse.<\/span><\/p>\n<\/p>\n<p><span class=\"text1noticias\">El virus del Zika causa fiebre, conjuntivitis, cefalea, dolores articulares e inflamaciones, y en algunos casos v\u00f3mitos, diarreas y dolor abdominal y el peor perjuicio es para embarazadas y sus hijos porque genera microcefalia.<\/span><\/p>\n<\/p>\n<p><span class=\"text1noticias\">El Ministerio de Salud P\u00fablica inst\u00f3 a las maternidades, ginec\u00f3logos, obstetras y perinat\u00f3logos a establecer una vigilancia y seguimiento especial a todas las embarazadas y al feto durante los chequeos prenatales.<\/span><\/p>\n<\/p>\n<p><span class=\"text1noticias\">Con ello buscan detectar a tiempo cualquier vinculaci\u00f3n con el zika, ya que algunas embarazadas pueden tener contacto con el virus y no presentar manifestaciones cl\u00ednicas.<\/span><\/p>\n<\/p>\n<p><span class=\"text1noticias\">La entidad insisti\u00f3 en que el virus de zika se asocia a problemas de microcefalia en reci\u00e9n nacidos de madres que han sido afectadas, por lo que el seguimiento del embarazo es fundamental.<\/span><\/p>\n<\/p>\n<p><span class=\"text1noticias\">La enfermedad es transmitida por el mosquito Aedes aegypti, el mismo que causa del dengue, la chikungunya y la fiebre amarilla y por eso se recomienda destruir los criaderos del vector como principal medida preventiva.<\/span><\/p>\n<\/p>\n<p><span class=\"text1noticias\">Las autoridades confirmaron que desde este momento ha quedado activado el Centro de Operaciones de Emergencia para coordinar todas las acciones de respuestas<\/span>.<\/p>\n<h6> 2016-01-23 14:42:03 <\/h6>\n<p><!--\n<link rel=\"stylesheet\" href=\"css\/bootstrap.min.css\">\n\n\n<ul class=\"pagination\">\n\t    \n\t\n\n<li >\n\t<a href='?page_no=13935'>Previous<\/a>\n\t<\/li>\n\n\n       \n    \n\n<li><a href='?page_no=1'>1<\/a><\/li>\n\n\n\n<li><a href='?page_no=2'>2<\/a><\/li>\n\n\n\n<li><a>...<\/a><\/li>\n\n\n\n<li><a href='?page_no=13934'>13934<\/a><\/li>\n\n\n\n<li><a href='?page_no=13935'>13935<\/a><\/li>\n\n\n\n<li class='active'><a>13936<\/a><\/li>\n\n\n\n<li><a href='?page_no=13937'>13937<\/a><\/li>\n\n\n\n<li><a href='?page_no=13938'>13938<\/a><\/li>\n\n\n\n<li><a>...<\/a><\/li>\n\n\n\n<li><a href='?page_no=56169'>56169<\/a><\/li>\n\n\n\n<li><a href='?page_no=56170'>56170<\/a><\/li>\n\n    \n\t\n\n<li >\n\t<a href='?page_no=13937'>Next<\/a>\n\t<\/li>\n\n\n    \n\n<li><a href='?page_no=56170'>Last &rsaquo;&rsaquo;<\/a><\/li>\n\n<\/ul>\n\n\n--><br \/>\n<\/body><\/p>\n","protected":false},"excerpt":{"rendered":"<p>Santo Domingo, 23 ene (PL) La ministra dominicana de Salud, Altagracia Guzm\u00e1n, confirm\u00f3 que el virus del zika ya est\u00e1 en el territorio y se reactiv\u00f3 el sistema de alerta temprana. Asever\u00f3 que dieron positivas 10 de las 27 muestras tomadas en igual n\u00famero de pacientes sospechosos enviadas al Centro de Control de Enfermedades de [&hellip;]<\/p>\n","protected":false},"author":3,"featured_media":0,"comment_status":"open","ping_status":"open","sticky":false,"template":"","format":"standard","meta":{"footnotes":""},"categories":[20],"tags":[],"class_list":["post-219633","post","type-post","status-publish","format-standard","hentry","category-dominicana-hoy"],"_links":{"self":[{"href":"https:\/\/diariodominicano.com\/index.php?rest_route=\/wp\/v2\/posts\/219633","targetHints":{"allow":["GET"]}}],"collection":[{"href":"https:\/\/diariodominicano.com\/index.php?rest_route=\/wp\/v2\/posts"}],"about":[{"href":"https:\/\/diariodominicano.com\/index.php?rest_route=\/wp\/v2\/types\/post"}],"author":[{"embeddable":true,"href":"https:\/\/diariodominicano.com\/index.php?rest_route=\/wp\/v2\/users\/3"}],"replies":[{"embeddable":true,"href":"https:\/\/diariodominicano.com\/index.php?rest_route=%2Fwp%2Fv2%2Fcomments&post=219633"}],"version-history":[{"count":0,"href":"https:\/\/diariodominicano.com\/index.php?rest_route=\/wp\/v2\/posts\/219633\/revisions"}],"wp:attachment":[{"href":"https:\/\/diariodominicano.com\/index.php?rest_route=%2Fwp%2Fv2%2Fmedia&parent=219633"}],"wp:term":[{"taxonomy":"category","embeddable":true,"href":"https:\/\/diariodominicano.com\/index.php?rest_route=%2Fwp%2Fv2%2Fcategories&post=219633"},{"taxonomy":"post_tag","embeddable":true,"href":"https:\/\/diariodominicano.com\/index.php?rest_route=%2Fwp%2Fv2%2Ftags&post=219633"}],"curies":[{"name":"wp","href":"https:\/\/api.w.org\/{rel}","templated":true}]}}