{"id":219627,"date":"2016-01-24T11:18:29","date_gmt":"2016-01-24T11:18:29","guid":{"rendered":"http:\/\/diariodominicano.ddns.net\/?p=219627"},"modified":"2016-01-24T11:18:29","modified_gmt":"2016-01-24T11:18:29","slug":"zika-no-impedira-cmd-se-vaya-a-paro-la-proxima-semana","status":"publish","type":"post","link":"https:\/\/diariodominicano.com\/?p=219627","title":{"rendered":"Zika no impedir\u00e1 CMD se vaya a paro la pr\u00f3xima semana"},"content":{"rendered":"<p><body><\/p>\n<p><img decoding=\"async\" src=\"img3\/waldo 1.jpg\" \/><br \/><img decoding=\"async\" src=\"img3\/colegio 1.jpg\" \/>  <\/p>\n<p>Santo Domingo RD 24 enero.- El presidente del Colegio M\u00e9dico Dominicano (CMD), Waldo Ariel Suero, desestim\u00f3 la suspensi\u00f3n del paro laboral que ha convocado ese gremio para los d\u00edas 27 y 28 de enero, pese a la confirmaci\u00f3n en el d\u00eda de ayer por parte del Ministerio de Salud P\u00fablica de que 10 de 27 personas estudiadas arrojaron resultados positivos en pruebas biomoleculares para confirmar si estaban contagiados con el virus del zika.<\/p>\n<\/p>\n<p>Para el l\u00edder sindical de los m\u00e9dicos los esfuerzos de Salud P\u00fablica deben enfocarse en el dengue, que en 2015 culmin\u00f3 con la vida de 103 personas de acuerdo con estad\u00edsticas de la Direcci\u00f3n General de Epidemiolog\u00eda de Salud P\u00fablica, y no en un virus, aunque sin restarle importancia en cuanto a las medidas de prevenci\u00f3n que deben tomarse, que a su juicio \u00abno mata gente\u00bb.<\/p>\n<\/p>\n<p>\u00abSalud P\u00fablica ha dejado de lado la problem\u00e1tica del dengue, para concentrarse en una enfermedad que no mata a nadie\u00bb<\/p>\n<p>Ariel Suero, pediatra de profesi\u00f3n y quien ha dirigido el CMD en cuatro ocasiones, afirma que el 80% de los casos de zika pasan desapercibidos para quienes lo padecen debido a que los s\u00edntomas suelen ser leves y su tratamiento no requiere el internamiento del paciente por lo que entiende que ser\u00eda \u00abun grave error\u00bb enfocar todos los esfuerzos para combatir esta nueva epidemia.<\/p>\n<\/p>\n<p>\u00abSalud P\u00fablica ha dejado de lado la problem\u00e1tica del dengue, para concentrarse en una enfermedad que no mata a nadie\u00bb, asegur\u00f3 el galeno.<\/p>\n<\/p>\n<p>Calific\u00f3 de \u00abvac\u00edo, el decreto del presidente Danilo Medina que ordena a todas las instituciones del Estado a \u00abinvolucrarse activamente\u00bb en los planes y acciones que desarrolle el Ministerio de Salud P\u00fablica para frenar la expansi\u00f3n del vector en territorio dominicano.<\/p>\n<\/p>\n<p>Dijo al respecto que las acciones desde el Poder Ejecutivo deben encaminarse a incrementar el presupuesto de Salud P\u00fablica, que actualmente equivale a un 2% del Producto Interno Bruto, as\u00ed como la mejor\u00eda de las condiciones de los hospitales.<\/p>\n<\/p>\n<p>\u00abNo hay una vacuna o medicamento espec\u00edfico contra este virus\u00bb. El tratamiento consiste en aliviar el dolor y la fiebre o cualquier otro s\u00edntoma que cause molestias al paciente<\/p>\n<\/p>\n<p>\u00abYo he hablado con la gente que dirige el programa del dengue y no tiene ni un peso\u00bb, denunci\u00f3 Ariel Suero, quien reclama una asignaci\u00f3n del 5% del PIB para el sector salud.<\/p>\n<\/p>\n<p>Aclar\u00f3 que no resta importancia a la seriedad del virus sino que advierte que \u00abse le ha quitado a atenci\u00f3n a otras enfermedades que si han matado recientemente muchos dominicanos\u00bb.<\/p>\n<h6> 2016-01-24 11:18:29 <\/h6>\n<p><!--\n<link rel=\"stylesheet\" href=\"css\/bootstrap.min.css\">\n\n\n<ul class=\"pagination\">\n\t    \n\t\n\n<li >\n\t<a href='?page_no=13929'>Previous<\/a>\n\t<\/li>\n\n\n       \n    \n\n<li><a href='?page_no=1'>1<\/a><\/li>\n\n\n\n<li><a href='?page_no=2'>2<\/a><\/li>\n\n\n\n<li><a>...<\/a><\/li>\n\n\n\n<li><a href='?page_no=13928'>13928<\/a><\/li>\n\n\n\n<li><a href='?page_no=13929'>13929<\/a><\/li>\n\n\n\n<li class='active'><a>13930<\/a><\/li>\n\n\n\n<li><a href='?page_no=13931'>13931<\/a><\/li>\n\n\n\n<li><a href='?page_no=13932'>13932<\/a><\/li>\n\n\n\n<li><a>...<\/a><\/li>\n\n\n\n<li><a href='?page_no=56169'>56169<\/a><\/li>\n\n\n\n<li><a href='?page_no=56170'>56170<\/a><\/li>\n\n    \n\t\n\n<li >\n\t<a href='?page_no=13931'>Next<\/a>\n\t<\/li>\n\n\n    \n\n<li><a href='?page_no=56170'>Last &rsaquo;&rsaquo;<\/a><\/li>\n\n<\/ul>\n\n\n--><br \/>\n<\/body><\/p>\n","protected":false},"excerpt":{"rendered":"<p>Santo Domingo RD 24 enero.- El presidente del Colegio M\u00e9dico Dominicano (CMD), Waldo Ariel Suero, desestim\u00f3 la suspensi\u00f3n del paro laboral que ha convocado ese gremio para los d\u00edas 27 y 28 de enero, pese a la confirmaci\u00f3n en el d\u00eda de ayer por parte del Ministerio de Salud P\u00fablica de que 10 de 27 [&hellip;]<\/p>\n","protected":false},"author":3,"featured_media":0,"comment_status":"open","ping_status":"open","sticky":false,"template":"","format":"standard","meta":{"footnotes":""},"categories":[20],"tags":[],"class_list":["post-219627","post","type-post","status-publish","format-standard","hentry","category-dominicana-hoy"],"_links":{"self":[{"href":"https:\/\/diariodominicano.com\/index.php?rest_route=\/wp\/v2\/posts\/219627","targetHints":{"allow":["GET"]}}],"collection":[{"href":"https:\/\/diariodominicano.com\/index.php?rest_route=\/wp\/v2\/posts"}],"about":[{"href":"https:\/\/diariodominicano.com\/index.php?rest_route=\/wp\/v2\/types\/post"}],"author":[{"embeddable":true,"href":"https:\/\/diariodominicano.com\/index.php?rest_route=\/wp\/v2\/users\/3"}],"replies":[{"embeddable":true,"href":"https:\/\/diariodominicano.com\/index.php?rest_route=%2Fwp%2Fv2%2Fcomments&post=219627"}],"version-history":[{"count":0,"href":"https:\/\/diariodominicano.com\/index.php?rest_route=\/wp\/v2\/posts\/219627\/revisions"}],"wp:attachment":[{"href":"https:\/\/diariodominicano.com\/index.php?rest_route=%2Fwp%2Fv2%2Fmedia&parent=219627"}],"wp:term":[{"taxonomy":"category","embeddable":true,"href":"https:\/\/diariodominicano.com\/index.php?rest_route=%2Fwp%2Fv2%2Fcategories&post=219627"},{"taxonomy":"post_tag","embeddable":true,"href":"https:\/\/diariodominicano.com\/index.php?rest_route=%2Fwp%2Fv2%2Ftags&post=219627"}],"curies":[{"name":"wp","href":"https:\/\/api.w.org\/{rel}","templated":true}]}}