{"id":219625,"date":"2016-01-24T14:58:08","date_gmt":"2016-01-24T14:58:08","guid":{"rendered":"http:\/\/diariodominicano.ddns.net\/?p=219625"},"modified":"2016-01-24T14:58:08","modified_gmt":"2016-01-24T14:58:08","slug":"gobierno-traza-estrategia-prevencion-dengue-y-zika-presidente-coordina-acciones","status":"publish","type":"post","link":"https:\/\/diariodominicano.com\/?p=219625","title":{"rendered":"Gobierno traza estrategia prevenci\u00f3n dengue y zika; Presidente coordina acciones"},"content":{"rendered":"<p><body><\/p>\n<p><img decoding=\"async\" src=\"img3\/gobiernozica.jpg\" \/>  <\/p>\n<p><span class=\"text1noticias\">Santo Domingo, RD, 24 de enero.-El presidente Danilo Medina se reuni\u00f3 con las principales instituciones gubernamentales en seguimiento a la coordinaci\u00f3n de los trabajos de prevenci\u00f3n y control del mosquito Aedes aegypti que transmite el dengue, chikungunya y zikavirus.<\/span><\/p>\n<p><span class=\"text1noticias\"> <\/span><\/p>\n<p><span class=\"text1noticias\">El jefe de Estado dio seguimiento a lo dispuesto en el decreto 7-16 emitido ayer y evalu\u00f3 los trabajos de la comisi\u00f3n responsable de ejecutar el Plan de Preparaci\u00f3n y Repuesta, bajo las directrices del Ministerio de Salud P\u00fablica.<\/span><\/p>\n<p><span class=\"text1noticias\"> <\/span><\/p>\n<p><span class=\"text1noticias\">Durante una rueda de prensa realizada en el salon Orlando Mart\u00ednez del Palacio Nacional luego del encuentro con el Presidente, la ministra de Salud, Altagracia Guzm\u00e1n Marcelino, explic\u00f3 que el plan estrat\u00e9gico que el Ministerio de Salud P\u00fablica ha puesto en ejecuci\u00f3n como medida cautelar, consiste en evitar que el mosquito Aedes aegypti infecte a los ciudadanos de dengue, chikungunya y zikavirus con acciones preventivas.<\/span><\/p>\n<p><span class=\"text1noticias\"><strong> <\/strong><\/span><\/p>\n<p><span class=\"text1noticias\"><strong>Jornada de limpieza<\/strong><\/span><\/p>\n<\/p>\n<p><span class=\"text1noticias\">En su primera fase, el plan pretende reducir significativamente los criaderos de las larvas que produce el mosquito a trav\u00e9s de la eliminaci\u00f3n de los mismos y una segunda fase busca eliminar al m\u00ednimo el mosquito adulto, mediante la fumigaci\u00f3n de \u00e1reas vulnerables.<\/span><\/p>\n<p><span class=\"text1noticias\"> <\/span><\/p>\n<p><span class=\"text1noticias\">En ese sentido, la comisi\u00f3n del plan y preparaci\u00f3n de respuesta del zikavirus iniciar\u00e1 este lunes la jornada de limpieza en los seis puntos donde se han confirmado los casos.<\/span><\/p>\n<p><span class=\"text1noticias\"><strong> <\/strong><\/span><\/p>\n<p><span class=\"text1noticias\"><strong>Viernes 29 y s\u00e1bado 30 gran jornada nacional para eliminar criaderos<\/strong><\/span><\/p>\n<\/p>\n<p><span class=\"text1noticias\">El pr\u00f3ximo martes 26 se producir\u00e1 una reuni\u00f3n de coordinaci\u00f3n entre el Ministerio de Salud P\u00fablica y los alcaldes y alcaldesas de todo el territorio nacional, convocados por la Federaci\u00f3n Dominicana de Municipios (FEDOMU).<\/span><\/p>\n<p><span class=\"text1noticias\"> <\/span><\/p>\n<p><span class=\"text1noticias\">Mientras que el viernes 29 y s\u00e1bado 30 ser\u00e1 la gran Jornada Nacional de eliminaci\u00f3n de criaderos.<\/span><\/p>\n<p><span class=\"text1noticias\"><strong> <\/strong><\/span><\/p>\n<p><span class=\"text1noticias\"><strong>Embarazos<\/strong><\/span><\/p>\n<\/p>\n<p><span class=\"text1noticias\">Altagracia Guzm\u00e1n Marcelino exhort\u00f3 a las mujeres en estado de gestaci\u00f3n, permanecer el mayor tiempo cubiertas de vestimentas de mangas largas y pantalones largos y usar repelentes como una forma de evitar la picada del mosquito.<\/span><\/p>\n<p><span class=\"text1noticias\"> <\/span><\/p>\n<p><span class=\"text1noticias\">De igual forma pidi\u00f3 a las que por alguna raz\u00f3n deben permanecer en cama, usar mosquiteros.<\/span><\/p>\n<p><span class=\"text1noticias\"><strong> <\/strong><\/span><\/p>\n<p><span class=\"text1noticias\"><strong>Otras medidas de prevenci\u00f3n<\/strong><\/span><\/p>\n<\/p>\n<p><span class=\"text1noticias\">En tanto, el ministro de Defensa, teniente general M\u00e1ximo William Mu\u00f1oz Delgado, indic\u00f3 que en los puertos y aeropuertos han incrementado las medidas de inspecci\u00f3n y todas las Fuerzas Armadas se unir\u00e1n a la jornada nacional de limpieza.<\/span><\/p>\n<p><span class=\"text1noticias\"> <\/span><\/p>\n<p><span class=\"text1noticias\"><strong>Unir esfuerzos<\/strong><\/span><\/p>\n<\/p>\n<p><span class=\"text1noticias\">De su lado, Rafael Hidalgo, quien habl\u00f3 en representaci\u00f3n de la Federaci\u00f3n Dominicana de Municipios, reiter\u00f3 el llamado a todos los acaldes y alcaldesas del pa\u00eds a unir los esfuerzos para reducir al m\u00ednimo los criaderos del mosquito transmisor del dengue, chikungunya y zika.<\/span><\/p>\n<p><span class=\"text1noticias\"> <\/span><\/p>\n<p><span class=\"text1noticias\">En el encuentro con el presidente Danilo Medina estuvieron tambi\u00e9n los ministros administrativo de la Presidencia, Jos\u00e9 Ram\u00f3n Peralta; de Obras P\u00fablicas, Gonzalo Castillo; de Educaci\u00f3n, Carlos Amarante Baret; de Agricultura, \u00c1ngel Est\u00e9vez y de Hacienda, Sim\u00f3n Lizardo.<\/span><\/p>\n<p><span class=\"text1noticias\"> <\/span><\/p>\n<p><span class=\"text1noticias\">Asimismo, el director del Servicio Nacional de Salud, Ram\u00f3n Alvarado; los comandantes generales de la Fuerza A\u00e9rea, Ej\u00e9rcito y Armada, Elvis Marcelino F\u00e9liz P\u00e9rez, Jos\u00e9 Eugenio Matos De la Cruz y Edmundo N\u00e9stor F\u00e9lix Pimentel, respectivamente; as\u00ed como el director del Centro de Operaciones de Emergencia, general Juan Manuel Mendez; el director de la Corporaci\u00f3n del Acueducto y Alcantarillado de Santo Domingo, Alejandro Mont\u00e1s y del Insituto Nacional de Aguas Potables y Alcantarillado, Horacio Mazara.<\/span><\/p>\n<p><span class=\"text1noticias\"> <\/span><\/p>\n<p><span class=\"text1noticias\">De igual forma, Johnny Jones, presidente de la Liga Municipal Dominicana; los alcaldes del Distrito Nacional, Roberto Salcedo; de Santo Domingo Este, Jeannette Medina; y Roberto Peguero, H\u00e9ctor Mart\u00ednez y Leoncio Paniagua, en representaci\u00f3n del Ministerio de Medio Ambiente, del Cuerpo Especializado en Seguridad Portuaria y del ayuntamiento de Santo Domingo Norte, respectivamente<\/span>.<\/p>\n<h6> 2016-01-24 14:58:08 <\/h6>\n<p><!--\n<link rel=\"stylesheet\" href=\"css\/bootstrap.min.css\">\n\n\n<ul class=\"pagination\">\n\t    \n\t\n\n<li >\n\t<a href='?page_no=13928'>Previous<\/a>\n\t<\/li>\n\n\n       \n    \n\n<li><a href='?page_no=1'>1<\/a><\/li>\n\n\n\n<li><a href='?page_no=2'>2<\/a><\/li>\n\n\n\n<li><a>...<\/a><\/li>\n\n\n\n<li><a href='?page_no=13927'>13927<\/a><\/li>\n\n\n\n<li><a href='?page_no=13928'>13928<\/a><\/li>\n\n\n\n<li class='active'><a>13929<\/a><\/li>\n\n\n\n<li><a href='?page_no=13930'>13930<\/a><\/li>\n\n\n\n<li><a href='?page_no=13931'>13931<\/a><\/li>\n\n\n\n<li><a>...<\/a><\/li>\n\n\n\n<li><a href='?page_no=56169'>56169<\/a><\/li>\n\n\n\n<li><a href='?page_no=56170'>56170<\/a><\/li>\n\n    \n\t\n\n<li >\n\t<a href='?page_no=13930'>Next<\/a>\n\t<\/li>\n\n\n    \n\n<li><a href='?page_no=56170'>Last &rsaquo;&rsaquo;<\/a><\/li>\n\n<\/ul>\n\n\n--><br \/>\n<\/body><\/p>\n","protected":false},"excerpt":{"rendered":"<p>Santo Domingo, RD, 24 de enero.-El presidente Danilo Medina se reuni\u00f3 con las principales instituciones gubernamentales en seguimiento a la coordinaci\u00f3n de los trabajos de prevenci\u00f3n y control del mosquito Aedes aegypti que transmite el dengue, chikungunya y zikavirus. El jefe de Estado dio seguimiento a lo dispuesto en el decreto 7-16 emitido ayer y [&hellip;]<\/p>\n","protected":false},"author":3,"featured_media":0,"comment_status":"open","ping_status":"open","sticky":false,"template":"","format":"standard","meta":{"footnotes":""},"categories":[20],"tags":[],"class_list":["post-219625","post","type-post","status-publish","format-standard","hentry","category-dominicana-hoy"],"_links":{"self":[{"href":"https:\/\/diariodominicano.com\/index.php?rest_route=\/wp\/v2\/posts\/219625","targetHints":{"allow":["GET"]}}],"collection":[{"href":"https:\/\/diariodominicano.com\/index.php?rest_route=\/wp\/v2\/posts"}],"about":[{"href":"https:\/\/diariodominicano.com\/index.php?rest_route=\/wp\/v2\/types\/post"}],"author":[{"embeddable":true,"href":"https:\/\/diariodominicano.com\/index.php?rest_route=\/wp\/v2\/users\/3"}],"replies":[{"embeddable":true,"href":"https:\/\/diariodominicano.com\/index.php?rest_route=%2Fwp%2Fv2%2Fcomments&post=219625"}],"version-history":[{"count":0,"href":"https:\/\/diariodominicano.com\/index.php?rest_route=\/wp\/v2\/posts\/219625\/revisions"}],"wp:attachment":[{"href":"https:\/\/diariodominicano.com\/index.php?rest_route=%2Fwp%2Fv2%2Fmedia&parent=219625"}],"wp:term":[{"taxonomy":"category","embeddable":true,"href":"https:\/\/diariodominicano.com\/index.php?rest_route=%2Fwp%2Fv2%2Fcategories&post=219625"},{"taxonomy":"post_tag","embeddable":true,"href":"https:\/\/diariodominicano.com\/index.php?rest_route=%2Fwp%2Fv2%2Ftags&post=219625"}],"curies":[{"name":"wp","href":"https:\/\/api.w.org\/{rel}","templated":true}]}}