{"id":219624,"date":"2016-01-24T22:00:51","date_gmt":"2016-01-24T22:00:51","guid":{"rendered":"http:\/\/diariodominicano.ddns.net\/?p=219624"},"modified":"2016-01-24T22:00:51","modified_gmt":"2016-01-24T22:00:51","slug":"meteorologia-informa-sistema-frontal-ocasionara-lluvias-debiles","status":"publish","type":"post","link":"https:\/\/diariodominicano.com\/?p=219624","title":{"rendered":"Meteorolog\u00eda informa sistema frontal ocasionar\u00e1 lluvias debiles"},"content":{"rendered":"<p><body><\/p>\n<p>Santo Domingo RD 25 enero.- Los campos nubosos asociados a un sistema frontal localizado sobre el pa\u00eds, con lento movimiento hacia el este\/sureste, se mantienen cubriendo gran parte del territorio nacional, creando condiciones favorables para que contin\u00faen ocurriendo lluvias d\u00e9biles a moderadas  y ocasionales r\u00e1fagas de viento, principalmente hacia las provincias Monte Cristi, Dajab\u00f3n, Santiago Rodr\u00edguez, Valverde, Puerto Plata, Santiago, Espaillat, Hermanas Mirabal, Mar\u00eda Trinidad S\u00e1nchez, S\u00e1nchez Ram\u00edrez, Saman\u00e1, Duarte, El\u00edas Pi\u00f1a, El Seibo y Hato Mayor.<\/p>\n<\/p>\n<p>Para ma\u00f1ana lunes, continuar\u00e1 el  sistema frontal sobre pa\u00eds, generando bastante nubosidad y la ocurrencia de lluvias d\u00e9biles a moderadas con aisladas r\u00e1fagas de viento sobre las regiones noroeste, norte, noreste, sureste y centro del pa\u00eds.<\/p>\n<\/p>\n<p>Las temperaturas se mantendr\u00e1n agradables en  la noche y la madrugada.  <\/p>\n<\/p>\n<p>En la costa atl\u00e1ntica: Se les recomienda a las fr\u00e1giles, peque\u00f1as y medianas embarcaciones navegar pr\u00f3ximo al per\u00edmetro costero y no aventurarse mar adentro por olas y viento anormales.<\/p>\n<\/p>\n<p>Distrito Nacional. Medio nublado con lluvias d\u00e9biles en la madrugada.<\/p>\n<\/p>\n<p>Santo Domingo Norte. Nublado con lluvias d\u00e9biles en la madrugada.<\/p>\n<\/p>\n<p>Santo Domingo Oeste. Nublado con lluvias d\u00e9biles en la madrugada.<\/p>\n<\/p>\n<p>Santo Domingo Este. Medio nublado a nublado con lluvias d\u00e9biles a moderadas en la madrugada.<\/p>\n<\/p>\n<p>El  Gran Santo Domingo. La temperatura m\u00e1xima estar\u00e1 entre  28\u00baC y 30\u00baC  y la m\u00ednima entre 18\u00baC y 20\u00baC.    <\/p>\n<\/p>\n<p>Resumen. Sistema frontal sobre el pa\u00eds.  Oleaje anormal en la costa Norte.  Las temperaturas seguir\u00e1n agradables en la noche.<\/p>\n<\/p>\n<p>PRONOSTICO EXTENDIDO<\/p>\n<\/p>\n<p>Esta noche.  Medio nublado a nublado con lluvias d\u00e9biles a moderadas  en ocasiones y posibles r\u00e1fagas de viento  hacia las regiones norte, noroeste, noreste, sureste, cordillera Central y zona fronteriza.<\/p>\n<\/p>\n<p>Lunes.  Medio nublado a nublado con lluvias d\u00e9biles a moderadas y aisladas r\u00e1fagas de viento hacia las regiones norte, noreste,  sureste, zona fronteriza y la cordillera Central.    <\/p>\n<\/p>\n<p>Santo Domingo y sus municipios. Medio nublado a nublado con  lluvias d\u00e9biles a moderadas y aisladas r\u00e1fagas de viento.  <\/p>\n<\/p>\n<p>Distrito Nacional. Medio nublado a nublado con lluvias d\u00e9biles a moderadas y posibles r\u00e1fagas de viento.     <\/p>\n<\/p>\n<p>Martes. Medio nublado, siendo nublado en ocasiones con lluvias d\u00e9biles a moderadas hacia las regiones norte, noreste, sureste y cordillera Central.  <\/p>\n<\/p>\n<p>Santo Domingo y sus municipios. Medio nublado a nublado con lluvias d\u00e9biles a moderadas en ocasiones.  <\/p>\n<\/p>\n<p>Distrito Nacional. Medio nublado con lluvias d\u00e9biles, siendo moderadas en ocasiones.<\/p>\n<h6> 2016-01-24 22:00:51 <\/h6>\n<p><!--\n<link rel=\"stylesheet\" href=\"css\/bootstrap.min.css\">\n\n\n<ul class=\"pagination\">\n\t    \n\t\n\n<li >\n\t<a href='?page_no=13927'>Previous<\/a>\n\t<\/li>\n\n\n       \n    \n\n<li><a href='?page_no=1'>1<\/a><\/li>\n\n\n\n<li><a href='?page_no=2'>2<\/a><\/li>\n\n\n\n<li><a>...<\/a><\/li>\n\n\n\n<li><a href='?page_no=13926'>13926<\/a><\/li>\n\n\n\n<li><a href='?page_no=13927'>13927<\/a><\/li>\n\n\n\n<li class='active'><a>13928<\/a><\/li>\n\n\n\n<li><a href='?page_no=13929'>13929<\/a><\/li>\n\n\n\n<li><a href='?page_no=13930'>13930<\/a><\/li>\n\n\n\n<li><a>...<\/a><\/li>\n\n\n\n<li><a href='?page_no=56169'>56169<\/a><\/li>\n\n\n\n<li><a href='?page_no=56170'>56170<\/a><\/li>\n\n    \n\t\n\n<li >\n\t<a href='?page_no=13929'>Next<\/a>\n\t<\/li>\n\n\n    \n\n<li><a href='?page_no=56170'>Last &rsaquo;&rsaquo;<\/a><\/li>\n\n<\/ul>\n\n\n--><br \/>\n<\/body><\/p>\n","protected":false},"excerpt":{"rendered":"<p>Santo Domingo RD 25 enero.- Los campos nubosos asociados a un sistema frontal localizado sobre el pa\u00eds, con lento movimiento hacia el este\/sureste, se mantienen cubriendo gran parte del territorio nacional, creando condiciones favorables para que contin\u00faen ocurriendo lluvias d\u00e9biles a moderadas y ocasionales r\u00e1fagas de viento, principalmente hacia las provincias Monte Cristi, Dajab\u00f3n, Santiago [&hellip;]<\/p>\n","protected":false},"author":3,"featured_media":0,"comment_status":"open","ping_status":"open","sticky":false,"template":"","format":"standard","meta":{"footnotes":""},"categories":[20],"tags":[],"class_list":["post-219624","post","type-post","status-publish","format-standard","hentry","category-dominicana-hoy"],"_links":{"self":[{"href":"https:\/\/diariodominicano.com\/index.php?rest_route=\/wp\/v2\/posts\/219624","targetHints":{"allow":["GET"]}}],"collection":[{"href":"https:\/\/diariodominicano.com\/index.php?rest_route=\/wp\/v2\/posts"}],"about":[{"href":"https:\/\/diariodominicano.com\/index.php?rest_route=\/wp\/v2\/types\/post"}],"author":[{"embeddable":true,"href":"https:\/\/diariodominicano.com\/index.php?rest_route=\/wp\/v2\/users\/3"}],"replies":[{"embeddable":true,"href":"https:\/\/diariodominicano.com\/index.php?rest_route=%2Fwp%2Fv2%2Fcomments&post=219624"}],"version-history":[{"count":0,"href":"https:\/\/diariodominicano.com\/index.php?rest_route=\/wp\/v2\/posts\/219624\/revisions"}],"wp:attachment":[{"href":"https:\/\/diariodominicano.com\/index.php?rest_route=%2Fwp%2Fv2%2Fmedia&parent=219624"}],"wp:term":[{"taxonomy":"category","embeddable":true,"href":"https:\/\/diariodominicano.com\/index.php?rest_route=%2Fwp%2Fv2%2Fcategories&post=219624"},{"taxonomy":"post_tag","embeddable":true,"href":"https:\/\/diariodominicano.com\/index.php?rest_route=%2Fwp%2Fv2%2Ftags&post=219624"}],"curies":[{"name":"wp","href":"https:\/\/api.w.org\/{rel}","templated":true}]}}