{"id":219622,"date":"2016-01-25T09:34:56","date_gmt":"2016-01-25T09:34:56","guid":{"rendered":"http:\/\/diariodominicano.ddns.net\/?p=219622"},"modified":"2016-01-25T09:34:56","modified_gmt":"2016-01-25T09:34:56","slug":"rodriguez-marchena-logros-educacion-impactan-economia-y-esperanza-en-los-ninos","status":"publish","type":"post","link":"https:\/\/diariodominicano.com\/?p=219622","title":{"rendered":"Rodr\u00edguez Marchena: \u00abLogros educaci\u00f3n impactan econom\u00eda y esperanza en los ni\u00f1os\u00bb"},"content":{"rendered":"<p><body><\/p>\n<p><img decoding=\"async\" src=\"img3\/marchena 1.jpg\" \/>  <\/p>\n<p>Santo Domingo RD 25 enero (DICOM).- El Portavoz del Gobierno, Roberto Rodr\u00edguez Marchena, asegur\u00f3 que el mejoramiento de la educaci\u00f3n es el principal logro del Gobierno, ya que est\u00e1 impactando en la esperanza de los ni\u00f1os y crea un efecto virtuoso en la econom\u00eda de las comunidades.<\/p>\n<\/p>\n<p>\u00abTe doy un dato: una familia que tenga dos hijos en la Jornada Escolar Extendida tiene un ingreso adicional de m\u00e1s de 10 mil pesos mensuales\u00bb, refiri\u00f3 el tambi\u00e9n director de Comunicaci\u00f3n de la Presidencia, al participar en el programa Aqu\u00ed es la Noticia, que produce el periodista Fernando Quiroz y se transmite los domingos, a las nueve de la noche.<\/p>\n<\/p>\n<p><strong>Dinamiza la econom\u00eda<\/strong><\/p>\n<p>Agreg\u00f3 que desde el momento mismo en que un ingeniero gana un concurso para edificar una escuela, se dinamiza la econom\u00eda de esa zona, mientras que los estudiantes reciben una educaci\u00f3n de calidad de ocho horas, contrario a la antigua jornada de apenas dos horas y media de clase.<\/p>\n<\/p>\n<p>\u00abEstamos hablando de pintores, alba\u00f1iles plomeros. Sobre ellos se derrama el efecto beneficioso del 4% y de la inversi\u00f3n p\u00fablica y no digamos de la se\u00f1ora que produce servicio de comida, que les vende a los obreros, la se\u00f1ora que vende hielo, el colmado que vende la masita, el refresco y en la familia propiamente\u00bb, enfatiz\u00f3.<\/p>\n<\/p>\n<p><strong>Presidente que siempre est\u00e1 en cima de su cart\u00f3n<\/strong><\/p>\n<\/p>\n<p>Rodr\u00edguez Marchena signific\u00f3 que los dominicanos tienen un Presidente que trabaja arduamente y se empe\u00f1a en cumplir sus promesas, se\u00f1alando que estamos frente a un Gobierno de promesas cumplidas, por lo que la gesti\u00f3n de Danilo Medina est\u00e1 tan bi\u00e9n valorada.<\/p>\n<\/p>\n<p>Defini\u00f3 a Danilo Medina como uno de los presidentes que hist\u00f3ricamente es el que m\u00e1s trabaja a favor de su pueblo, agotando una agenda diaria de trabajo de 12 y 13 horas, tras indicar \u00abque \u00e9l tiene una obsesi\u00f3n por el cumplimento del servicio p\u00fablico\u00bb.<\/p>\n<\/p>\n<p>\u00abEst\u00e1 todo el d\u00eda monitoreando lo que es la acci\u00f3n de Gobierno. Un Presidente que siempre est\u00e1 encima de su cart\u00f3n\u00bb.<\/p>\n<\/p>\n<p><strong>Atiende las m\u00ednimas solicitudes<\/strong><\/p>\n<\/p>\n<p>Rodr\u00edguez Marchena explic\u00f3 que de manera constante el jefe de Estado monitorea la situaci\u00f3n del pa\u00eds y le da seguimiento y atiende las m\u00e1s m\u00ednimas solicitudes y demandas de los ciudadanos y de las comunidades.<\/p>\n<\/p>\n<p><strong>Manejo pulcro de los fondos p\u00fablicos<\/strong><\/p>\n<\/p>\n<p>El Portavoz del Gobierno insisti\u00f3 en que en la Rep\u00fablica Dominicana no ha habido un Gobierno tan honesto como el de Danilo Medina, exceptuando los siete meses del profesor Juan Bosch.<\/p>\n<\/p>\n<p>Puso como ejemplo la pulcritud con que se manejaron las negociaciones con Petrocaribe y la Barrick Gold, as\u00ed como los mecanismos que se han creado como la Cuenta \u00danica del Tesoro y los sorteos para la asignaci\u00f3n de construcci\u00f3n de obras del Estado.<\/p>\n<\/p>\n<p>\u00abHay una voluntad concreta de parte del Gobierno de que los fondos p\u00fablicos sean manejados con pulcritud\u00bb, tras reiterar que puede decir con orgullo que estamos frente al Gobierno m\u00e1s honesto de la historia del pa\u00eds.<\/p>\n<\/p>\n<p><strong>Una efectiva pol\u00edtica comunicacional<\/strong><\/p>\n<\/p>\n<p>Roberto Rodr\u00edguez Marchena observ\u00f3 que desde un enfoque de la perspectiva ciudadana, han importantizado la comunicaci\u00f3n digital en el entendido que esas herramientas tecnol\u00f3gicas marcan el ritmo de los nuevos tiempos.<\/p>\n<\/p>\n<p>\u00abNosotros podemos decir que hoy la relaci\u00f3n comunicacional del Gobierno con la sociedad es mucho mejor que en cualquier otra gesti\u00f3n\u00bb, asegur\u00f3.<\/p>\n<h6> 2016-01-25 09:34:56 <\/h6>\n<p><!--\n<link rel=\"stylesheet\" href=\"css\/bootstrap.min.css\">\n\n\n<ul class=\"pagination\">\n\t    \n\t\n\n<li >\n\t<a href='?page_no=13925'>Previous<\/a>\n\t<\/li>\n\n\n       \n    \n\n<li><a href='?page_no=1'>1<\/a><\/li>\n\n\n\n<li><a href='?page_no=2'>2<\/a><\/li>\n\n\n\n<li><a>...<\/a><\/li>\n\n\n\n<li><a href='?page_no=13924'>13924<\/a><\/li>\n\n\n\n<li><a href='?page_no=13925'>13925<\/a><\/li>\n\n\n\n<li class='active'><a>13926<\/a><\/li>\n\n\n\n<li><a href='?page_no=13927'>13927<\/a><\/li>\n\n\n\n<li><a href='?page_no=13928'>13928<\/a><\/li>\n\n\n\n<li><a>...<\/a><\/li>\n\n\n\n<li><a href='?page_no=56169'>56169<\/a><\/li>\n\n\n\n<li><a href='?page_no=56170'>56170<\/a><\/li>\n\n    \n\t\n\n<li >\n\t<a href='?page_no=13927'>Next<\/a>\n\t<\/li>\n\n\n    \n\n<li><a href='?page_no=56170'>Last &rsaquo;&rsaquo;<\/a><\/li>\n\n<\/ul>\n\n\n--><br \/>\n<\/body><\/p>\n","protected":false},"excerpt":{"rendered":"<p>Santo Domingo RD 25 enero (DICOM).- El Portavoz del Gobierno, Roberto Rodr\u00edguez Marchena, asegur\u00f3 que el mejoramiento de la educaci\u00f3n es el principal logro del Gobierno, ya que est\u00e1 impactando en la esperanza de los ni\u00f1os y crea un efecto virtuoso en la econom\u00eda de las comunidades. \u00abTe doy un dato: una familia que tenga [&hellip;]<\/p>\n","protected":false},"author":3,"featured_media":0,"comment_status":"open","ping_status":"open","sticky":false,"template":"","format":"standard","meta":{"footnotes":""},"categories":[20],"tags":[],"class_list":["post-219622","post","type-post","status-publish","format-standard","hentry","category-dominicana-hoy"],"_links":{"self":[{"href":"https:\/\/diariodominicano.com\/index.php?rest_route=\/wp\/v2\/posts\/219622","targetHints":{"allow":["GET"]}}],"collection":[{"href":"https:\/\/diariodominicano.com\/index.php?rest_route=\/wp\/v2\/posts"}],"about":[{"href":"https:\/\/diariodominicano.com\/index.php?rest_route=\/wp\/v2\/types\/post"}],"author":[{"embeddable":true,"href":"https:\/\/diariodominicano.com\/index.php?rest_route=\/wp\/v2\/users\/3"}],"replies":[{"embeddable":true,"href":"https:\/\/diariodominicano.com\/index.php?rest_route=%2Fwp%2Fv2%2Fcomments&post=219622"}],"version-history":[{"count":0,"href":"https:\/\/diariodominicano.com\/index.php?rest_route=\/wp\/v2\/posts\/219622\/revisions"}],"wp:attachment":[{"href":"https:\/\/diariodominicano.com\/index.php?rest_route=%2Fwp%2Fv2%2Fmedia&parent=219622"}],"wp:term":[{"taxonomy":"category","embeddable":true,"href":"https:\/\/diariodominicano.com\/index.php?rest_route=%2Fwp%2Fv2%2Fcategories&post=219622"},{"taxonomy":"post_tag","embeddable":true,"href":"https:\/\/diariodominicano.com\/index.php?rest_route=%2Fwp%2Fv2%2Ftags&post=219622"}],"curies":[{"name":"wp","href":"https:\/\/api.w.org\/{rel}","templated":true}]}}