{"id":219619,"date":"2016-01-25T11:51:43","date_gmt":"2016-01-25T11:51:43","guid":{"rendered":"http:\/\/diariodominicano.ddns.net\/?p=219619"},"modified":"2016-01-25T11:51:43","modified_gmt":"2016-01-25T11:51:43","slug":"se-mantiene-el-programa-de-prevencion-de-accidentes-en-autopistas-del-nordeste-y-boulevard-turistico-del-atlantico","status":"publish","type":"post","link":"https:\/\/diariodominicano.com\/?p=219619","title":{"rendered":"&#13;Se mantiene el programa de prevenci\u00f3n de accidentes en autopistas del Nordeste y boulevard tur\u00edstico del Atl\u00e1ntico&#13;"},"content":{"rendered":"<p><body><\/p>\n<p><img decoding=\"async\" src=\"img3\/PREVENCION.jpg\" \/>  <\/p>\n<p><span class=\"text1noticias\">Monte Plata, RD, 25 de Enero.-Se mantiene con gran efectividad el programa de prevenci\u00f3n de accidentes montado por los Consorcios Autopistas del Nordeste y Boulevard Tur\u00edstico del Atl\u00e1ntico en las referidas v\u00edas desde el pasado jueves hasta el martes 26, a prop\u00f3sito del incremento vehicular que se registrar\u00e1 por el largo feriado de tres d\u00edas que abarca la celebraci\u00f3n este lunes del D\u00eda del Nacimiento del Patricio Juan Pablo Duarte.<\/span><\/p>\n<\/p>\n<p><span class=\"text1noticias\">\u00abHasta el momento estamos muy complacidos por los resultados del plan preventivo que hemos desarrollado desde el pasado jueves D\u00eda de La Altagracia y que cubrir\u00e1 el resto del largo feriado de tres d\u00edas, mientras esperamos que la gente contin\u00fae acogi\u00e9ndose a nuestras orientaciones con llamado a la prudencia para que podamos todos terminar las celebraciones sin ning\u00fan accidente de tr\u00e1nsito que lamentar\u00bb, dijo Gustavo Vila, director de Operaciones de ambos consorcios viales, a trav\u00e9s de un comunicado de prensa.<\/span><\/p>\n<\/p>\n<p><span class=\"text1noticias\">Record\u00f3 que el activado operativo de prevenci\u00f3n de accidentes en favor de las personas que se desplazan por las v\u00edas incluye la distribuci\u00f3n de brochurs con la debida orientaci\u00f3n para el desplazamiento vehicular, viabilizaci\u00f3n y fiscalizaci\u00f3n en la circulaci\u00f3n a cargo de un personal entrenado y con la log\u00edstica necesaria para atender cualquier contratiempo de emergencia que se presentara.<\/span><\/p>\n<\/p>\n<p><span class=\"text1noticias\">Las medidas preventivas de asistencia vial en la carretera Santo Domingo-Saman\u00e1 disponen, adem\u00e1s, de varias unidades de ambulancias profesionalmente equipadas, servicio de monitoreo, gr\u00faas para la movilidad de veh\u00edculos averiados, unidades especializadas ubicadas en puntos estrat\u00e9gicos como los peajes y las estaciones de combustibles a largo de las comunidades Naranjal y el Cruce de Rinc\u00f3n de Molenillo, entre otras medidas \u00abpara que las familias lleguen tranquilas hasta cada uno de sus destinos\u00bb.<\/span><\/p>\n<\/p>\n<p><span class=\"text1noticias\">\u00abReiteramos nuestro llamado a la poblaci\u00f3n que usar\u00e1 ambas v\u00edas para que circulen con la debida conciencia, respeto a la Ley 241, evitar excesos de velocidad, colocarse el cintur\u00f3n de seguridad, adem\u00e1s de que revisen a tiempo las luces, frenos y neum\u00e1ticos de los veh\u00edculos para que, sumado a la medida de prevenci\u00f3n que hemos implementado, podamos celebrar este largo feriado en un clima de tranquilidad y sin situaciones lamentables\u00bb, refiri\u00f3 Vila<\/span>.<\/p>\n<h6> 2016-01-25 11:51:43 <\/h6>\n<p><!--\n<link rel=\"stylesheet\" href=\"css\/bootstrap.min.css\">\n\n\n<ul class=\"pagination\">\n\t    \n\t\n\n<li >\n\t<a href='?page_no=13922'>Previous<\/a>\n\t<\/li>\n\n\n       \n    \n\n<li><a href='?page_no=1'>1<\/a><\/li>\n\n\n\n<li><a href='?page_no=2'>2<\/a><\/li>\n\n\n\n<li><a>...<\/a><\/li>\n\n\n\n<li><a href='?page_no=13921'>13921<\/a><\/li>\n\n\n\n<li><a href='?page_no=13922'>13922<\/a><\/li>\n\n\n\n<li class='active'><a>13923<\/a><\/li>\n\n\n\n<li><a href='?page_no=13924'>13924<\/a><\/li>\n\n\n\n<li><a href='?page_no=13925'>13925<\/a><\/li>\n\n\n\n<li><a>...<\/a><\/li>\n\n\n\n<li><a href='?page_no=56169'>56169<\/a><\/li>\n\n\n\n<li><a href='?page_no=56170'>56170<\/a><\/li>\n\n    \n\t\n\n<li >\n\t<a href='?page_no=13924'>Next<\/a>\n\t<\/li>\n\n\n    \n\n<li><a href='?page_no=56170'>Last &rsaquo;&rsaquo;<\/a><\/li>\n\n<\/ul>\n\n\n--><br \/>\n<\/body><\/p>\n","protected":false},"excerpt":{"rendered":"<p>Monte Plata, RD, 25 de Enero.-Se mantiene con gran efectividad el programa de prevenci\u00f3n de accidentes montado por los Consorcios Autopistas del Nordeste y Boulevard Tur\u00edstico del Atl\u00e1ntico en las referidas v\u00edas desde el pasado jueves hasta el martes 26, a prop\u00f3sito del incremento vehicular que se registrar\u00e1 por el largo feriado de tres d\u00edas [&hellip;]<\/p>\n","protected":false},"author":3,"featured_media":0,"comment_status":"open","ping_status":"open","sticky":false,"template":"","format":"standard","meta":{"footnotes":""},"categories":[20],"tags":[],"class_list":["post-219619","post","type-post","status-publish","format-standard","hentry","category-dominicana-hoy"],"_links":{"self":[{"href":"https:\/\/diariodominicano.com\/index.php?rest_route=\/wp\/v2\/posts\/219619","targetHints":{"allow":["GET"]}}],"collection":[{"href":"https:\/\/diariodominicano.com\/index.php?rest_route=\/wp\/v2\/posts"}],"about":[{"href":"https:\/\/diariodominicano.com\/index.php?rest_route=\/wp\/v2\/types\/post"}],"author":[{"embeddable":true,"href":"https:\/\/diariodominicano.com\/index.php?rest_route=\/wp\/v2\/users\/3"}],"replies":[{"embeddable":true,"href":"https:\/\/diariodominicano.com\/index.php?rest_route=%2Fwp%2Fv2%2Fcomments&post=219619"}],"version-history":[{"count":0,"href":"https:\/\/diariodominicano.com\/index.php?rest_route=\/wp\/v2\/posts\/219619\/revisions"}],"wp:attachment":[{"href":"https:\/\/diariodominicano.com\/index.php?rest_route=%2Fwp%2Fv2%2Fmedia&parent=219619"}],"wp:term":[{"taxonomy":"category","embeddable":true,"href":"https:\/\/diariodominicano.com\/index.php?rest_route=%2Fwp%2Fv2%2Fcategories&post=219619"},{"taxonomy":"post_tag","embeddable":true,"href":"https:\/\/diariodominicano.com\/index.php?rest_route=%2Fwp%2Fv2%2Ftags&post=219619"}],"curies":[{"name":"wp","href":"https:\/\/api.w.org\/{rel}","templated":true}]}}