{"id":219614,"date":"2016-01-25T20:04:43","date_gmt":"2016-01-25T20:04:43","guid":{"rendered":"http:\/\/diariodominicano.ddns.net\/?p=219614"},"modified":"2016-01-25T20:04:43","modified_gmt":"2016-01-25T20:04:43","slug":"danilo-medina-mantener-recuerdo-de-duarte-nos-ayuda-a-luchar-por-la-inclusion","status":"publish","type":"post","link":"https:\/\/diariodominicano.com\/?p=219614","title":{"rendered":"Danilo Medina: \u00abMantener recuerdo de Duarte nos ayuda a luchar por la inclusi\u00f3n\u00bb"},"content":{"rendered":"<p><body><\/p>\n<p><img decoding=\"async\" src=\"img3\/duartemo.jpg\" \/><br \/><img decoding=\"async\" src=\"img3\/Danilo Medina0023.jpg\" \/>  <\/p>\n<p><span class=\"text1noticias\">SANTO DOMINGO, RD, 25 de  Enero de 2016.- En ocasi\u00f3n de conmemorarse el 203 aniversario del nacimiento del Padre de la Patria, Juan Pablo Duarte, el presidente Danilo Medina afirm\u00f3 que mantener vivo el recuerdo del Fundador de la Rep\u00fablica, ayudar\u00e1 a luchar por la inclusi\u00f3n de la poblaci\u00f3n.<\/span><\/p>\n<p><span class=\"text1noticias\"> <\/span><\/p>\n<p><span class=\"text1noticias\">\u00abMantener vivo el recuerdo imperecedero de Duarte, con el leg\u00edtimo orgullo de la dominicanidad, nos ayudar\u00e1 a contribuir con decisi\u00f3n y energ\u00eda, con nuestro trabajo solidario, a luchar por la inclusi\u00f3n de la poblaci\u00f3n en general y la reducci\u00f3n de la pobreza\u00bb, expres\u00f3 a trav\u00e9s de un mensaje con motivo de la fecha del nacimiento de Duarte este 26 de enero.<\/span><\/p>\n<p><span class=\"text1noticias\"> <\/span><\/p>\n<p><span class=\"text1noticias\">Ejemplo de probidad, sacrificio y consagraci\u00f3n a ideales patrios<\/span><\/p>\n<p><span class=\"text1noticias\"> <\/span><\/p>\n<p><span class=\"text1noticias\">En su mensaje, el presidente Danilo Medina llam\u00f3 a los ciudadanos y ciudadanas a dar honra y honor a Juan Pablo Duarte, Padre de la Patria Dominicana, de quien destac\u00f3 el ejemplo de probidad, sacrificio y consagraci\u00f3n a los ideales patrios.<\/span><\/p>\n<p><span class=\"text1noticias\"> <\/span><\/p>\n<p><span class=\"text1noticias\">Record\u00f3  que el Patricio puso todo su empe\u00f1o, junto a otros j\u00f3venes contempor\u00e1neos suyos, para hacer realidad la Independencia Nacional, dirigida a proporcionar a las presentes generaciones el legado de disfrutar de las libertades p\u00fablicas que se asientan en una sociedad democr\u00e1tica.<\/span><\/p>\n<p><span class=\"text1noticias\"> <\/span><\/p>\n<p><span class=\"text1noticias\">\u00abJuan Pablo Duarte es, entre los h\u00e9roes, pr\u00f3ceres y m\u00e1rtires que ofrendaron sus vidas en aras de la libertad, el personaje por excelencia para servir de inspiraci\u00f3n a toda la ciudadan\u00eda, en la toma de conciencia sobre el compromiso ineludible de trabajar por el fortalecimiento de nuestras instituciones y el supremo deber de contribuir al desarrollo permanente del pa\u00eds\u00bb.<\/span><\/p>\n<p><span class=\"text1noticias\"> <\/span><\/p>\n<p><span class=\"text1noticias\">De igual modo, el jefe de Estado manifest\u00f3 que el aniversario del nacimiento de Duarte nos recuerda el compromiso de aquilatar el legado patri\u00f3tico de los Fundadores de la Rep\u00fablica.<\/span><\/p>\n<p><span class=\"text1noticias\"> <\/span><\/p>\n<p><span class=\"text1noticias\">Adem\u00e1s, a participar con civismo y decidido empe\u00f1o en los esfuerzos dirigidos a superar los retos que nos plantea el exigente mundo actual. <\/span><\/p>\n<\/p>\n<p><span class=\"text1noticias\">Juan Pablo Duarte naci\u00f3  el   26 de enero de 1813, en la ciudad de Santo Domingo, Hijo  del  ciudadano espa\u00f1ol Juan Jos\u00e9 Duarte Rodr\u00edguez y  Manuela D\u00edez Jim\u00e9nez,  de El Seibo.<\/span><\/p>\n<\/p>\n<p><span class=\"text1noticias\">   Fue bautizado el d\u00eda 4 de febrero de 1813 en la Iglesia Santa B\u00e1rbara, por el cura rector de ese templo. Fueron sus padrinos el regidor Luis M\u00e9ndez y su esposa Vicenta Cuevas.<\/span><\/p>\n<p><span class=\"text1noticias\"> Duarte de  joven concibi\u00f3 la idea de crear el Estado dominicano.<\/span><\/p>\n<\/p>\n<h6> 2016-01-25 20:04:43 <\/h6>\n<p><!--\n<link rel=\"stylesheet\" href=\"css\/bootstrap.min.css\">\n\n\n<ul class=\"pagination\">\n\t    \n\t\n\n<li >\n\t<a href='?page_no=13918'>Previous<\/a>\n\t<\/li>\n\n\n       \n    \n\n<li><a href='?page_no=1'>1<\/a><\/li>\n\n\n\n<li><a href='?page_no=2'>2<\/a><\/li>\n\n\n\n<li><a>...<\/a><\/li>\n\n\n\n<li><a href='?page_no=13917'>13917<\/a><\/li>\n\n\n\n<li><a href='?page_no=13918'>13918<\/a><\/li>\n\n\n\n<li class='active'><a>13919<\/a><\/li>\n\n\n\n<li><a href='?page_no=13920'>13920<\/a><\/li>\n\n\n\n<li><a href='?page_no=13921'>13921<\/a><\/li>\n\n\n\n<li><a>...<\/a><\/li>\n\n\n\n<li><a href='?page_no=56169'>56169<\/a><\/li>\n\n\n\n<li><a href='?page_no=56170'>56170<\/a><\/li>\n\n    \n\t\n\n<li >\n\t<a href='?page_no=13920'>Next<\/a>\n\t<\/li>\n\n\n    \n\n<li><a href='?page_no=56170'>Last &rsaquo;&rsaquo;<\/a><\/li>\n\n<\/ul>\n\n\n--><br \/>\n<\/body><\/p>\n","protected":false},"excerpt":{"rendered":"<p>SANTO DOMINGO, RD, 25 de Enero de 2016.- En ocasi\u00f3n de conmemorarse el 203 aniversario del nacimiento del Padre de la Patria, Juan Pablo Duarte, el presidente Danilo Medina afirm\u00f3 que mantener vivo el recuerdo del Fundador de la Rep\u00fablica, ayudar\u00e1 a luchar por la inclusi\u00f3n de la poblaci\u00f3n. \u00abMantener vivo el recuerdo imperecedero de [&hellip;]<\/p>\n","protected":false},"author":3,"featured_media":0,"comment_status":"open","ping_status":"open","sticky":false,"template":"","format":"standard","meta":{"footnotes":""},"categories":[20],"tags":[],"class_list":["post-219614","post","type-post","status-publish","format-standard","hentry","category-dominicana-hoy"],"_links":{"self":[{"href":"https:\/\/diariodominicano.com\/index.php?rest_route=\/wp\/v2\/posts\/219614","targetHints":{"allow":["GET"]}}],"collection":[{"href":"https:\/\/diariodominicano.com\/index.php?rest_route=\/wp\/v2\/posts"}],"about":[{"href":"https:\/\/diariodominicano.com\/index.php?rest_route=\/wp\/v2\/types\/post"}],"author":[{"embeddable":true,"href":"https:\/\/diariodominicano.com\/index.php?rest_route=\/wp\/v2\/users\/3"}],"replies":[{"embeddable":true,"href":"https:\/\/diariodominicano.com\/index.php?rest_route=%2Fwp%2Fv2%2Fcomments&post=219614"}],"version-history":[{"count":0,"href":"https:\/\/diariodominicano.com\/index.php?rest_route=\/wp\/v2\/posts\/219614\/revisions"}],"wp:attachment":[{"href":"https:\/\/diariodominicano.com\/index.php?rest_route=%2Fwp%2Fv2%2Fmedia&parent=219614"}],"wp:term":[{"taxonomy":"category","embeddable":true,"href":"https:\/\/diariodominicano.com\/index.php?rest_route=%2Fwp%2Fv2%2Fcategories&post=219614"},{"taxonomy":"post_tag","embeddable":true,"href":"https:\/\/diariodominicano.com\/index.php?rest_route=%2Fwp%2Fv2%2Ftags&post=219614"}],"curies":[{"name":"wp","href":"https:\/\/api.w.org\/{rel}","templated":true}]}}