{"id":219613,"date":"2016-01-25T21:52:24","date_gmt":"2016-01-25T21:52:24","guid":{"rendered":"http:\/\/diariodominicano.ddns.net\/?p=219613"},"modified":"2016-01-25T21:52:24","modified_gmt":"2016-01-25T21:52:24","slug":"danilo-medina-va-este-martes-a-ecuador-a-participar-en-iv-cumbre-celac","status":"publish","type":"post","link":"https:\/\/diariodominicano.com\/?p=219613","title":{"rendered":"Danilo Medina va este martes a Ecuador a participar en IV Cumbre CELAC"},"content":{"rendered":"<p><body><\/p>\n<p><img decoding=\"async\" src=\"img3\/Danilo y Co.jpg\" \/>  <\/p>\n<p><span class=\"text1noticias\"> <\/span><\/p>\n<p><span class=\"text1noticias\">SANTO DOMINGO, RD, 26 de Enero de 2016.-  El presidente Danilo Medina saldr\u00e1 este martes hacia Quito, Ecuador, donde participar\u00e1 en la IV Cumbre de la Comunidad de Estados Latinoamericanos y Caribe\u00f1os (CELAC), a celebrarse all\u00ed ma\u00f1ana mi\u00e9rcoles 27 de enero, inform\u00f3 la Direcci\u00f3n de Comunicaci\u00f3n de la Presidencia de la Rep\u00fablica.<\/span><\/p>\n<p><span class=\"text1noticias\"> <\/span><\/p>\n<p><span class=\"text1noticias\">El jefe de Estado dominicano partir\u00e1 en vuelo privado hacia la naci\u00f3n suramericana en horas de la tarde, desde la Base A\u00e9rea de San Isidro. Le acompa\u00f1ar\u00e1 una reducida comitiva integrada por los ministros de Relaciones Exteriores, Andr\u00e9s Navarro y administrativo de la Presidencia, Jos\u00e9 Ram\u00f3n Peralta.<\/span><\/p>\n<p><span class=\"text1noticias\"> <\/span><\/p>\n<p><span class=\"text1noticias\">Del mismo modo, Carlos Pared P\u00e9rez, asistente personal del Presidente de la Rep\u00fablica y el mayor general Ad\u00e1n C\u00e1ceres Silvestre, jefe del Cuerpo de Seguridad Presidencial.<\/span><\/p>\n<p><span class=\"text1noticias\"><strong> <\/strong><\/span><\/p>\n<p><span class=\"text1noticias\"><strong>Rep\u00fablica Dominicana recibir\u00e1 presidencia pro t\u00e9mpore CELAC<\/strong><\/span><\/p>\n<\/p>\n<p><span class=\"text1noticias\">Durante el c\u00f3nclave,  el presidente Danilo Medina recibir\u00e1, de parte de su hom\u00f3logo ecuatoriano, Rafael Correa, la presidencia pro t\u00e9mpore del organismo integrado por 33 naciones de la regi\u00f3n.<\/span><\/p>\n<p><span class=\"text1noticias\"> <\/span><\/p>\n<p><span class=\"text1noticias\">La CELAC es el resultado de varias instancias multilaterales establecidas por pa\u00edses latinoamericanos para buscar la paz, el desarrollo socioecon\u00f3mico y la integraci\u00f3n como regi\u00f3n.<\/span><\/p>\n<p><span class=\"text1noticias\"> <\/span><\/p>\n<p><span class=\"text1noticias\">Fue creada en febrero de 2010 en sesi\u00f3n de la III Cumbre de Am\u00e9rica Latina y el Caribe (CALC), en Quintana Roo, M\u00e9xico. Posteriormente, en la Cumbre de Caracas-Venezuela, de diciembre de 2011, qued\u00f3 constituida de manera definitiva.<\/span><\/p>\n<\/p>\n<\/p>\n<h6> 2016-01-25 21:52:24 <\/h6>\n<p><!--\n<link rel=\"stylesheet\" href=\"css\/bootstrap.min.css\">\n\n\n<ul class=\"pagination\">\n\t    \n\t\n\n<li >\n\t<a href='?page_no=13917'>Previous<\/a>\n\t<\/li>\n\n\n       \n    \n\n<li><a href='?page_no=1'>1<\/a><\/li>\n\n\n\n<li><a href='?page_no=2'>2<\/a><\/li>\n\n\n\n<li><a>...<\/a><\/li>\n\n\n\n<li><a href='?page_no=13916'>13916<\/a><\/li>\n\n\n\n<li><a href='?page_no=13917'>13917<\/a><\/li>\n\n\n\n<li class='active'><a>13918<\/a><\/li>\n\n\n\n<li><a href='?page_no=13919'>13919<\/a><\/li>\n\n\n\n<li><a href='?page_no=13920'>13920<\/a><\/li>\n\n\n\n<li><a>...<\/a><\/li>\n\n\n\n<li><a href='?page_no=56169'>56169<\/a><\/li>\n\n\n\n<li><a href='?page_no=56170'>56170<\/a><\/li>\n\n    \n\t\n\n<li >\n\t<a href='?page_no=13919'>Next<\/a>\n\t<\/li>\n\n\n    \n\n<li><a href='?page_no=56170'>Last &rsaquo;&rsaquo;<\/a><\/li>\n\n<\/ul>\n\n\n--><br \/>\n<\/body><\/p>\n","protected":false},"excerpt":{"rendered":"<p>SANTO DOMINGO, RD, 26 de Enero de 2016.- El presidente Danilo Medina saldr\u00e1 este martes hacia Quito, Ecuador, donde participar\u00e1 en la IV Cumbre de la Comunidad de Estados Latinoamericanos y Caribe\u00f1os (CELAC), a celebrarse all\u00ed ma\u00f1ana mi\u00e9rcoles 27 de enero, inform\u00f3 la Direcci\u00f3n de Comunicaci\u00f3n de la Presidencia de la Rep\u00fablica. El jefe de [&hellip;]<\/p>\n","protected":false},"author":3,"featured_media":0,"comment_status":"open","ping_status":"open","sticky":false,"template":"","format":"standard","meta":{"footnotes":""},"categories":[20],"tags":[],"class_list":["post-219613","post","type-post","status-publish","format-standard","hentry","category-dominicana-hoy"],"_links":{"self":[{"href":"https:\/\/diariodominicano.com\/index.php?rest_route=\/wp\/v2\/posts\/219613","targetHints":{"allow":["GET"]}}],"collection":[{"href":"https:\/\/diariodominicano.com\/index.php?rest_route=\/wp\/v2\/posts"}],"about":[{"href":"https:\/\/diariodominicano.com\/index.php?rest_route=\/wp\/v2\/types\/post"}],"author":[{"embeddable":true,"href":"https:\/\/diariodominicano.com\/index.php?rest_route=\/wp\/v2\/users\/3"}],"replies":[{"embeddable":true,"href":"https:\/\/diariodominicano.com\/index.php?rest_route=%2Fwp%2Fv2%2Fcomments&post=219613"}],"version-history":[{"count":0,"href":"https:\/\/diariodominicano.com\/index.php?rest_route=\/wp\/v2\/posts\/219613\/revisions"}],"wp:attachment":[{"href":"https:\/\/diariodominicano.com\/index.php?rest_route=%2Fwp%2Fv2%2Fmedia&parent=219613"}],"wp:term":[{"taxonomy":"category","embeddable":true,"href":"https:\/\/diariodominicano.com\/index.php?rest_route=%2Fwp%2Fv2%2Fcategories&post=219613"},{"taxonomy":"post_tag","embeddable":true,"href":"https:\/\/diariodominicano.com\/index.php?rest_route=%2Fwp%2Fv2%2Ftags&post=219613"}],"curies":[{"name":"wp","href":"https:\/\/api.w.org\/{rel}","templated":true}]}}