{"id":219612,"date":"2016-01-25T23:03:22","date_gmt":"2016-01-25T23:03:22","guid":{"rendered":"http:\/\/diariodominicano.ddns.net\/?p=219612"},"modified":"2016-01-25T23:03:22","modified_gmt":"2016-01-25T23:03:22","slug":"por-encima-del-rector-en-llamar-a-docencia-profesores-uasd-reiteran-llamado-a-huelga","status":"publish","type":"post","link":"https:\/\/diariodominicano.com\/?p=219612","title":{"rendered":"Por encima del rector en llamar a docencia, profesores UASD reiteran llamado a huelga"},"content":{"rendered":"<p><body><\/p>\n<p><img decoding=\"async\" src=\"img3\/ya 26.jpg\" \/>  <\/p>\n<p>Santo Domingo RD 26 enero.- Aunque el rector de la Universidad Aut\u00f3noma de Santo Domingo (UASD), Iv\u00e1n Grull\u00f3n, dijo que el semestre 2016-1 inicia ma\u00f1ana, la Federaci\u00f3n de Asociaciones de Profesores de esa academia (FAPROUASD) reiter\u00f3 hoy su llamado a paro de las labores docentes desde la 6:00 de este martes.<\/p>\n<\/p>\n<p>La demanda de FAPROUASD consiste en aumento de sueldo para los profesores de un 40%, cumplimiento del 4% del Producto Interno Bruto (PIB) y  la mejora en los laboratorios.<\/p>\n<\/p>\n<p>El gremio que agrupa a los profesores pidi\u00f3 a los  estudiantes que no asistan  a clases este martes 26 de enero.<\/p>\n<\/p>\n<p>El presidente Faprouasd, Santiago Guillermo dijo que  los miembros de ese gremio no ir\u00e1n a clases si las autoridades de esa academia no les aplican antes un aumento salarial de 40%.<\/p>\n<\/p>\n<p>Guillermo dijo que los profesores ir\u00e1n a sus puestos de trabajo, pero no impartir\u00e1n docencia.<\/p>\n<\/p>\n<p>Se recuerda que el 12 de noviembre del 2015 la Segunda Asamblea General Extraordinaria de Faprouasd decidi\u00f3 no iniciar las labores docentes correspondientes al semestre 2016-1, si la n\u00f3mina de la UASD no es publicada y saneada por las autoridades universitarias y si los sueldos de los  profesores no son aumentado en un 40%.<\/p>\n<h6> 2016-01-25 23:03:22 <\/h6>\n<p><!--\n<link rel=\"stylesheet\" href=\"css\/bootstrap.min.css\">\n\n\n<ul class=\"pagination\">\n\t    \n\t\n\n<li >\n\t<a href='?page_no=13916'>Previous<\/a>\n\t<\/li>\n\n\n       \n    \n\n<li><a href='?page_no=1'>1<\/a><\/li>\n\n\n\n<li><a href='?page_no=2'>2<\/a><\/li>\n\n\n\n<li><a>...<\/a><\/li>\n\n\n\n<li><a href='?page_no=13915'>13915<\/a><\/li>\n\n\n\n<li><a href='?page_no=13916'>13916<\/a><\/li>\n\n\n\n<li class='active'><a>13917<\/a><\/li>\n\n\n\n<li><a href='?page_no=13918'>13918<\/a><\/li>\n\n\n\n<li><a href='?page_no=13919'>13919<\/a><\/li>\n\n\n\n<li><a>...<\/a><\/li>\n\n\n\n<li><a href='?page_no=56169'>56169<\/a><\/li>\n\n\n\n<li><a href='?page_no=56170'>56170<\/a><\/li>\n\n    \n\t\n\n<li >\n\t<a href='?page_no=13918'>Next<\/a>\n\t<\/li>\n\n\n    \n\n<li><a href='?page_no=56170'>Last &rsaquo;&rsaquo;<\/a><\/li>\n\n<\/ul>\n\n\n--><br \/>\n<\/body><\/p>\n","protected":false},"excerpt":{"rendered":"<p>Santo Domingo RD 26 enero.- Aunque el rector de la Universidad Aut\u00f3noma de Santo Domingo (UASD), Iv\u00e1n Grull\u00f3n, dijo que el semestre 2016-1 inicia ma\u00f1ana, la Federaci\u00f3n de Asociaciones de Profesores de esa academia (FAPROUASD) reiter\u00f3 hoy su llamado a paro de las labores docentes desde la 6:00 de este martes. La demanda de FAPROUASD [&hellip;]<\/p>\n","protected":false},"author":3,"featured_media":0,"comment_status":"open","ping_status":"open","sticky":false,"template":"","format":"standard","meta":{"footnotes":""},"categories":[20],"tags":[],"class_list":["post-219612","post","type-post","status-publish","format-standard","hentry","category-dominicana-hoy"],"_links":{"self":[{"href":"https:\/\/diariodominicano.com\/index.php?rest_route=\/wp\/v2\/posts\/219612","targetHints":{"allow":["GET"]}}],"collection":[{"href":"https:\/\/diariodominicano.com\/index.php?rest_route=\/wp\/v2\/posts"}],"about":[{"href":"https:\/\/diariodominicano.com\/index.php?rest_route=\/wp\/v2\/types\/post"}],"author":[{"embeddable":true,"href":"https:\/\/diariodominicano.com\/index.php?rest_route=\/wp\/v2\/users\/3"}],"replies":[{"embeddable":true,"href":"https:\/\/diariodominicano.com\/index.php?rest_route=%2Fwp%2Fv2%2Fcomments&post=219612"}],"version-history":[{"count":0,"href":"https:\/\/diariodominicano.com\/index.php?rest_route=\/wp\/v2\/posts\/219612\/revisions"}],"wp:attachment":[{"href":"https:\/\/diariodominicano.com\/index.php?rest_route=%2Fwp%2Fv2%2Fmedia&parent=219612"}],"wp:term":[{"taxonomy":"category","embeddable":true,"href":"https:\/\/diariodominicano.com\/index.php?rest_route=%2Fwp%2Fv2%2Fcategories&post=219612"},{"taxonomy":"post_tag","embeddable":true,"href":"https:\/\/diariodominicano.com\/index.php?rest_route=%2Fwp%2Fv2%2Ftags&post=219612"}],"curies":[{"name":"wp","href":"https:\/\/api.w.org\/{rel}","templated":true}]}}