{"id":219611,"date":"2016-01-25T23:21:27","date_gmt":"2016-01-25T23:21:27","guid":{"rendered":"http:\/\/diariodominicano.ddns.net\/?p=219611"},"modified":"2016-01-25T23:21:27","modified_gmt":"2016-01-25T23:21:27","slug":"sistema-frontal-sobre-la-region-oriental-lluvias-debiles-a-moderadas-temperaturas-de-agradables-a-frescas","status":"publish","type":"post","link":"https:\/\/diariodominicano.com\/?p=219611","title":{"rendered":"Sistema frontal sobre la regi\u00f3n oriental.  Lluvias d\u00e9biles a moderadas. Temperaturas de agradables a frescas."},"content":{"rendered":"<p><body><\/p>\n<p>Santo Domingo RD 26 enero.- El sistema frontal a\u00fan permanece sobre la regi\u00f3n oriental del pa\u00eds, casi estacionario, y su amplio campo nuboso contin\u00faa generando lluvias d\u00e9biles, siendo moderadas en ocasiones y posibles r\u00e1fagas de viento en gran parte de la geograf\u00eda nacional, especialmente hacia las provincias Puerto Plata, Mar\u00eda Trinidad S\u00e1nchez, Duarte, Espaillat, Hermanas Mirabal, Santiago, Santiago Rodr\u00edguez, Valverde, Montecristi, Monse\u00f1or Nouel, La Vega, S\u00e1nchez Ram\u00edrez, San Cristobal y San Juan. <\/p>\n<\/p>\n<p>Para ma\u00f1ana martes el sistema frontal estar\u00e1 sobre el canal de la Mona, no obstante, remanentes nubosos de este sistema aun se estar\u00e1n moviendo sobe el pa\u00eds, provocando lluvias d\u00e9biles hacia las regiones norte, noreste, sureste y centro del pa\u00eds, que ir\u00e1n disminuyendo en la tarde y la noche.  <\/p>\n<\/p>\n<p>Las temperaturas seguir\u00e1n siendo bastante frescas esta noche y la madrugada en zonas de monta\u00f1as, y agradables en el resto del territorio nacional.<\/p>\n<\/p>\n<p>En la  costa atl\u00e1ntica: Se recomienda a las fr\u00e1giles, peque\u00f1as y medianas embarcaciones navegar pr\u00f3ximo al per\u00edmetro costero y no aventurarse mar adentro por olas y viento anormales.<\/p>\n<\/p>\n<p>Distrito Nacional.              Medio nublado a nublado con lluvias d\u00e9biles. Temperaturas agradables en la noche.<\/p>\n<\/p>\n<p>Santo Domingo Norte.      Nublado con lluvias d\u00e9biles. Temperaturas agradables en la noche.<\/p>\n<\/p>\n<p>Santo Domingo Oeste.      Nublado con lluvias d\u00e9biles. Temperaturas agradables en la noche.<\/p>\n<\/p>\n<p>Santo Domingo Este.         Medio nublado a nublado con lluvias d\u00e9biles a moderadas. Temperaturas agradables en la noche.<\/p>\n<\/p>\n<p>El  Gran Santo Domingo. La temperatura m\u00e1xima estar\u00e1 entre  27\u00baC y 29\u00baC  y la m\u00ednima entre 17\u00baC y 19\u00baC.    <\/p>\n<p><strong>PRONOSTICO EXTENDIDO<\/strong><\/p>\n<\/p>\n<p>Esta  noche.  Medio nublado a nublado con lluvias d\u00e9biles a moderadas y posibles r\u00e1fagas de viento  hacia las regiones norte, noroeste, noreste, sureste, suroeste y cordillera Central.<\/p>\n<\/p>\n<p>Martes.  Medio nublado, siendo nublado en ocasiones  con lluvias d\u00e9biles hacia las regiones norte, noreste, sureste y centro del pa\u00eds; siendo m\u00ednima en la tarde y la noche.   <\/p>\n<\/p>\n<p>Santo Domingo y sus municipios. Medio nublado con  lluvias d\u00e9biles.<\/p>\n<\/p>\n<p>Distrito Nacional. Medio nublado con lluvias aisladas.<\/p>\n<\/p>\n<p>Mi\u00e9rcoles.  Nubes dispersas, siendo medio nublado en ocasiones con lluvias dispersas hacia las regiones noreste, sureste y cordillera Central.  <\/p>\n<\/p>\n<p>Santo Domingo y sus municipios. Nubes aisladas, siendo medio nublado en ocasiones con lluvias ligeras.  <\/p>\n<\/p>\n<p>Distrito Nacional. Nubes dispersas a medio nublado con lluvias ligeras en ocasiones.<\/p>\n<h6> 2016-01-25 23:21:27 <\/h6>\n<p><!--\n<link rel=\"stylesheet\" href=\"css\/bootstrap.min.css\">\n\n\n<ul class=\"pagination\">\n\t    \n\t\n\n<li >\n\t<a href='?page_no=13915'>Previous<\/a>\n\t<\/li>\n\n\n       \n    \n\n<li><a href='?page_no=1'>1<\/a><\/li>\n\n\n\n<li><a href='?page_no=2'>2<\/a><\/li>\n\n\n\n<li><a>...<\/a><\/li>\n\n\n\n<li><a href='?page_no=13914'>13914<\/a><\/li>\n\n\n\n<li><a href='?page_no=13915'>13915<\/a><\/li>\n\n\n\n<li class='active'><a>13916<\/a><\/li>\n\n\n\n<li><a href='?page_no=13917'>13917<\/a><\/li>\n\n\n\n<li><a href='?page_no=13918'>13918<\/a><\/li>\n\n\n\n<li><a>...<\/a><\/li>\n\n\n\n<li><a href='?page_no=56169'>56169<\/a><\/li>\n\n\n\n<li><a href='?page_no=56170'>56170<\/a><\/li>\n\n    \n\t\n\n<li >\n\t<a href='?page_no=13917'>Next<\/a>\n\t<\/li>\n\n\n    \n\n<li><a href='?page_no=56170'>Last &rsaquo;&rsaquo;<\/a><\/li>\n\n<\/ul>\n\n\n--><br \/>\n<\/body><\/p>\n","protected":false},"excerpt":{"rendered":"<p>Santo Domingo RD 26 enero.- El sistema frontal a\u00fan permanece sobre la regi\u00f3n oriental del pa\u00eds, casi estacionario, y su amplio campo nuboso contin\u00faa generando lluvias d\u00e9biles, siendo moderadas en ocasiones y posibles r\u00e1fagas de viento en gran parte de la geograf\u00eda nacional, especialmente hacia las provincias Puerto Plata, Mar\u00eda Trinidad S\u00e1nchez, Duarte, Espaillat, Hermanas [&hellip;]<\/p>\n","protected":false},"author":3,"featured_media":0,"comment_status":"open","ping_status":"open","sticky":false,"template":"","format":"standard","meta":{"footnotes":""},"categories":[20],"tags":[],"class_list":["post-219611","post","type-post","status-publish","format-standard","hentry","category-dominicana-hoy"],"_links":{"self":[{"href":"https:\/\/diariodominicano.com\/index.php?rest_route=\/wp\/v2\/posts\/219611","targetHints":{"allow":["GET"]}}],"collection":[{"href":"https:\/\/diariodominicano.com\/index.php?rest_route=\/wp\/v2\/posts"}],"about":[{"href":"https:\/\/diariodominicano.com\/index.php?rest_route=\/wp\/v2\/types\/post"}],"author":[{"embeddable":true,"href":"https:\/\/diariodominicano.com\/index.php?rest_route=\/wp\/v2\/users\/3"}],"replies":[{"embeddable":true,"href":"https:\/\/diariodominicano.com\/index.php?rest_route=%2Fwp%2Fv2%2Fcomments&post=219611"}],"version-history":[{"count":0,"href":"https:\/\/diariodominicano.com\/index.php?rest_route=\/wp\/v2\/posts\/219611\/revisions"}],"wp:attachment":[{"href":"https:\/\/diariodominicano.com\/index.php?rest_route=%2Fwp%2Fv2%2Fmedia&parent=219611"}],"wp:term":[{"taxonomy":"category","embeddable":true,"href":"https:\/\/diariodominicano.com\/index.php?rest_route=%2Fwp%2Fv2%2Fcategories&post=219611"},{"taxonomy":"post_tag","embeddable":true,"href":"https:\/\/diariodominicano.com\/index.php?rest_route=%2Fwp%2Fv2%2Ftags&post=219611"}],"curies":[{"name":"wp","href":"https:\/\/api.w.org\/{rel}","templated":true}]}}