{"id":219610,"date":"2016-01-26T08:51:43","date_gmt":"2016-01-26T08:51:43","guid":{"rendered":"http:\/\/diariodominicano.ddns.net\/?p=219610"},"modified":"2016-01-26T08:51:43","modified_gmt":"2016-01-26T08:51:43","slug":"felabel-llama-a-estudiantes-asistir-a-la-uasd-pese-a-paro-de-profesores","status":"publish","type":"post","link":"https:\/\/diariodominicano.com\/?p=219610","title":{"rendered":"FELABEL llama a estudiantes asistir a la UASD, pese a paro de profesores"},"content":{"rendered":"<p><body><\/p>\n<p><img decoding=\"async\" src=\"img3\/habla 1.jpg\" \/>  <\/p>\n<p>Hig\u00fcey, RD 26 enero.-   El Frente Estudiantil de Liberaci\u00f3n Amin Abel? (FELABEL)? hizo un llamado a los estudiantes de la Universidad Aut\u00f3noma de Santo Domingo (UASD), a que asistan a esa academia de estudios este martes 26 de enero, d\u00eda de inicio oficial del Semestre 2016-1.<\/p>\n<\/p>\n<p>Carmen Rodr\u00edguez, vocera del FELABEL, al hablar en rueda de prensa realizada hoy en Hig\u00fcey, inst\u00f3 a los alumnos a asistir masivamente a la UASD, pese a que la Federaci\u00f3n de Asociaciones de Profesores de la UASD (FAPROUASD) ha llamado al profesorado a no iniciar el semestre, en demanda de aumento salarial, entre otras reivindicaciones.<\/p>\n<\/p>\n<p>\u00abA partir de este martes inicia el primer semestre del a\u00f1o 2016, por lo que llamamos al estudiantado a cumplir con su deber y acudir a sus respectivas secciones de clases\u00bb,  manifest\u00f3 Carmen Rodr\u00edguez.<\/p>\n<\/p>\n<p>La dirigente del Felabel asegur\u00f3 que \u00abdivididos no llegamos a ning\u00fan camino\u00bb, tras exhortar a que, junto al profesorado y dem\u00e1s sectores universitarios, luchar por lograr las soluciones a los problemas que aquejan la universidad.\u00bb<\/p>\n<\/p>\n<p>La FAPROUASD ratific\u00f3 ayer la convocatoria a un \u00abparo indefinido\u00bb de la docencia partir de este martes 26 de enero, en demanda de un 40% de aumento salarial, que se resuelva el problema de seguro m\u00e9dico, que el Rector publique la N\u00f3mina de la UASD y la someta a una revisi\u00f3n por alegada distorsi\u00f3n.<\/p>\n<\/p>\n<p>El gremio de profesores exige adem\u00e1s un saneamiento financiero de la UASD y transparencia en el gasto de los recursos de la academia.<\/p>\n<\/p>\n<p>La vocera del FELABEL dijo que 26 de enero, en el 203 aniversario del natalicio del patricio Juan Pablo Duarte, es propicia la ocasi\u00f3n para hacer un llamado a los profesores y a las autoridades, tanto de la universidad como las del gobierno, a que se sienten en la mesa del di\u00e1logo, en busca de soluciones a las reivindicaciones de los maestros y maestras.<\/p>\n<\/p>\n<p>\u00abLa UASD cerrada le hace mucho da\u00f1o a la universidad, siendo los estudiantes los m\u00e1s perjudicados, porque nos atrasamos en nuestras carreras y muchos pierden las esperanzas y hasta se van de la universidad\u00bb, sostuvo.<\/p>\n<\/p>\n<p>\u00abEntendemos que los reclamos de los maestros y maestras universitarios son justos, y que tambi\u00e9n, al igual que ellos, los empleados merecen mejores condiciones de vida y nosotros los estudiantes una educaci\u00f3n de calidad, por lo que se impone que juntos luchemos por las soluciones a los problemas que aquejan a la familia universitaria\u00bb,? sostuvo Carmen Rodr\u00edguez.<\/p>\n<\/p>\n<p>La portavoz del Felabel reclam\u00f3 del rector Iv\u00e1n Grull\u00f3n, pulcritud en la administraci\u00f3n de los recursos de la UASD y racionalidad en el gasto, a fin de que no solo los profesores logren aumento salarial, sino que se equipen y actualicen las bibliotecas, se construyan laboratorios que hacen falta, se contraten m\u00e1s profesores, que se programen miles de secciones que hacen falta, entre muchos otros problemas que afectan a los estudiantes.<\/p>\n<\/p>\n<p>Consider\u00f3 que el presupuesto de la academia de estudios es insuficiente para atender todas sus necesidades, por lo que demand\u00f3 del gobierno su intervenci\u00f3n con recursos para atender la demanda de aumento salarial de los profesores, a fin de que no se ponga en riesgo el semestre.<\/p>\n<\/p>\n<p>\u00abExigimos del gobierno que encabeza el presidente Danilo Medina, que se comprometa a dar cumplimiento a la Ley 5778, que estableci\u00f3 el 5% del Presupuesto Nacional para la UASD, y que de car\u00e1cter urgente disponga la entrega de los recursos que hagan posible un aumento a los profesores, porque si no, nos arriesgamos a perder el semestre\u00bb, concluy\u00f3 la bachiller Carmen Rodr\u00edguez.<\/p>\n<\/p>\n<h6> 2016-01-26 08:51:43 <\/h6>\n<p><!--\n<link rel=\"stylesheet\" href=\"css\/bootstrap.min.css\">\n\n\n<ul class=\"pagination\">\n\t    \n\t\n\n<li >\n\t<a href='?page_no=13914'>Previous<\/a>\n\t<\/li>\n\n\n       \n    \n\n<li><a href='?page_no=1'>1<\/a><\/li>\n\n\n\n<li><a href='?page_no=2'>2<\/a><\/li>\n\n\n\n<li><a>...<\/a><\/li>\n\n\n\n<li><a href='?page_no=13913'>13913<\/a><\/li>\n\n\n\n<li><a href='?page_no=13914'>13914<\/a><\/li>\n\n\n\n<li class='active'><a>13915<\/a><\/li>\n\n\n\n<li><a href='?page_no=13916'>13916<\/a><\/li>\n\n\n\n<li><a href='?page_no=13917'>13917<\/a><\/li>\n\n\n\n<li><a>...<\/a><\/li>\n\n\n\n<li><a href='?page_no=56169'>56169<\/a><\/li>\n\n\n\n<li><a href='?page_no=56170'>56170<\/a><\/li>\n\n    \n\t\n\n<li >\n\t<a href='?page_no=13916'>Next<\/a>\n\t<\/li>\n\n\n    \n\n<li><a href='?page_no=56170'>Last &rsaquo;&rsaquo;<\/a><\/li>\n\n<\/ul>\n\n\n--><br \/>\n<\/body><\/p>\n","protected":false},"excerpt":{"rendered":"<p>Hig\u00fcey, RD 26 enero.- El Frente Estudiantil de Liberaci\u00f3n Amin Abel? (FELABEL)? hizo un llamado a los estudiantes de la Universidad Aut\u00f3noma de Santo Domingo (UASD), a que asistan a esa academia de estudios este martes 26 de enero, d\u00eda de inicio oficial del Semestre 2016-1. Carmen Rodr\u00edguez, vocera del FELABEL, al hablar en rueda [&hellip;]<\/p>\n","protected":false},"author":3,"featured_media":0,"comment_status":"open","ping_status":"open","sticky":false,"template":"","format":"standard","meta":{"footnotes":""},"categories":[20],"tags":[],"class_list":["post-219610","post","type-post","status-publish","format-standard","hentry","category-dominicana-hoy"],"_links":{"self":[{"href":"https:\/\/diariodominicano.com\/index.php?rest_route=\/wp\/v2\/posts\/219610","targetHints":{"allow":["GET"]}}],"collection":[{"href":"https:\/\/diariodominicano.com\/index.php?rest_route=\/wp\/v2\/posts"}],"about":[{"href":"https:\/\/diariodominicano.com\/index.php?rest_route=\/wp\/v2\/types\/post"}],"author":[{"embeddable":true,"href":"https:\/\/diariodominicano.com\/index.php?rest_route=\/wp\/v2\/users\/3"}],"replies":[{"embeddable":true,"href":"https:\/\/diariodominicano.com\/index.php?rest_route=%2Fwp%2Fv2%2Fcomments&post=219610"}],"version-history":[{"count":0,"href":"https:\/\/diariodominicano.com\/index.php?rest_route=\/wp\/v2\/posts\/219610\/revisions"}],"wp:attachment":[{"href":"https:\/\/diariodominicano.com\/index.php?rest_route=%2Fwp%2Fv2%2Fmedia&parent=219610"}],"wp:term":[{"taxonomy":"category","embeddable":true,"href":"https:\/\/diariodominicano.com\/index.php?rest_route=%2Fwp%2Fv2%2Fcategories&post=219610"},{"taxonomy":"post_tag","embeddable":true,"href":"https:\/\/diariodominicano.com\/index.php?rest_route=%2Fwp%2Fv2%2Ftags&post=219610"}],"curies":[{"name":"wp","href":"https:\/\/api.w.org\/{rel}","templated":true}]}}