{"id":219608,"date":"2016-01-26T11:57:17","date_gmt":"2016-01-26T11:57:17","guid":{"rendered":"http:\/\/diariodominicano.ddns.net\/?p=219608"},"modified":"2016-01-26T11:57:17","modified_gmt":"2016-01-26T11:57:17","slug":"consultor-y-profesor-espanol-pronunciara-conferencia-el-jueves-pucmm-organizada-map","status":"publish","type":"post","link":"https:\/\/diariodominicano.com\/?p=219608","title":{"rendered":"Consultor y profesor espa\u00f1ol pronunciar\u00e1 conferencia el jueves PUCMM organizada MAP"},"content":{"rendered":"<p><body><\/p>\n<p><img decoding=\"async\" src=\"img3\/charla 1.jpg\" \/>  <\/p>\n<p>Santiago RD 26 enero.-  El experto en asuntos de administraci\u00f3n p\u00fablica, escritor y profesor universitario de Barcelona (Espa\u00f1a), licenciado Francisco Longo Mart\u00ednez, pronunciar\u00e1 una conferencia a las 5:00 de la tarde  de  este jueves  28,  en el Centro de Tecnolog\u00eda de Educaci\u00f3n Permanente (CTEP), la  cual contar\u00e1 con la presencia del ministro Ram\u00f3n Ventura Camejo, autoridades del recinto educativo,  funcionarios, empresarios y otras personalidades.<\/p>\n<\/p>\n<p>El evento es organizado por el Ministerio de Administraci\u00f3n P\u00fablica (MAP), conjuntamente con la PUCMM. El licenciado Longo Mart\u00ednez,  desde hace muchos a\u00f1os, asesora a la Rep\u00fablica Dominicana sobre asuntos relacionados con la administraci\u00f3n p\u00fablica, de la misma manera que lo hace en otros pa\u00edses.                                     <\/p>\n<\/p>\n<p>En el sector p\u00fablico, el licenciado Longo Mart\u00ednez  mantiene sus asesor\u00edas en las \u00e1reas de dise\u00f1o institucional, gesti\u00f3n de recursos humanos, gerencia p\u00fablica y el gobierno local. Sobre estos temas, el consultor espa\u00f1ol escribi\u00f3 varios libros, entre las cuales figuran Dise\u00f1o postburocr\u00e1tico de organizaciones p\u00fablicas, Perspectiva divisional, Nueva gesti\u00f3n local: Modernizaci\u00f3n municipal en Alcobendas, Nuevos modelos de gesti\u00f3n en la administraci\u00f3n local, El Gobierno local en administraciones avanzadas y otras publicaciones. A ese evento est\u00e1n invitados los comunicadores.<\/p>\n<\/p>\n<p>En decenas de publicaciones escritas por Longo Mart\u00ednez, quien es licenciado en Derecho, tambi\u00e9n se incluye: Pol\u00edticos, directivos y sindicatos como actores de la gesti\u00f3n de recursos humanos en las administraciones p\u00fablicas, seg\u00fan lo informado por el periodista Lu\u00eds C\u00e9spedes Pe\u00f1a.   <\/p>\n<\/p>\n<p>Imparte  cursos, seminarios o conferencias en Argentina, Bolivia, Brasil, Chile, Colombia, El Salvador, Estados Unidos, Guatemala, M\u00e9xico, Panam\u00e1, Per\u00fa, Rep\u00fablica Dominicana, Uruguay y Venezuela, adem\u00e1s de su pa\u00eds natal. Fue  miembro del Comit\u00e9 de Expertos en Administraci\u00f3n P\u00fablica de Naciones Unidas (ONU), entre el 2010 y el 2013.<\/p>\n<\/p>\n<p>Entre las instituciones para las cuales  trabaj\u00f3 Longo Mart\u00ednez en Espa\u00f1a, figuran el Ministerio para las Administraciones P\u00fablicas, el Gobierno Vasco, varios departamentos de la Generalitat de Catalunya, Consejo General del Poder Judicial, la Ertzaintza (Polic\u00eda Auton\u00f3mica del Pa\u00eds Vasco), el Ayuntamiento y otras dependencias  de Barcelona. Tambi\u00e9n incluye  un gran n\u00famero de gobiernos locales y  otras instituciones p\u00fablicas.<\/p>\n<\/p>\n<p>Otras funciones desempe\u00f1adas por el licenciado Longo Mart\u00ednez, incluyen  las de consultor internacional del Instituto Europeo de Administraci\u00f3n P\u00fablica y el Banco Interamericano de Desarrollo (BID).<\/p>\n<\/p>\n<p>Fue  redactor-ponente, por encargo de la ONU,  y el Centro Latinoamericano de Administraci\u00f3n para el Desarrollo (CLAD), de la Carta Iberoamericana de la Funci\u00f3n P\u00fablica, aprobada por la Cumbre Iberoamericana de 2003. Pertenece a los Consejos Editoriales de varias revistas internacionales. <\/p>\n<\/p>\n<p>Fue director de Recursos Humanos y gerente de los Servicios Centrales del Ayuntamiento de Barcelona. Tambi\u00e9n ocup\u00f3 las funciones de  director ejecutivo del Centro Municipal de Operaciones de los Juegos Ol\u00edmpicos de 1992, asesor la Alcald\u00eda de Barcelona y miembro de los Consejos de Administraci\u00f3n de varias empresas p\u00fablicas. En la actualidad, sigue ocupando importantes funciones en diferentes instituciones.<\/p>\n<\/p>\n<h6> 2016-01-26 11:57:17 <\/h6>\n<p><!--\n<link rel=\"stylesheet\" href=\"css\/bootstrap.min.css\">\n\n\n<ul class=\"pagination\">\n\t    \n\t\n\n<li >\n\t<a href='?page_no=13912'>Previous<\/a>\n\t<\/li>\n\n\n       \n    \n\n<li><a href='?page_no=1'>1<\/a><\/li>\n\n\n\n<li><a href='?page_no=2'>2<\/a><\/li>\n\n\n\n<li><a>...<\/a><\/li>\n\n\n\n<li><a href='?page_no=13911'>13911<\/a><\/li>\n\n\n\n<li><a href='?page_no=13912'>13912<\/a><\/li>\n\n\n\n<li class='active'><a>13913<\/a><\/li>\n\n\n\n<li><a href='?page_no=13914'>13914<\/a><\/li>\n\n\n\n<li><a href='?page_no=13915'>13915<\/a><\/li>\n\n\n\n<li><a>...<\/a><\/li>\n\n\n\n<li><a href='?page_no=56169'>56169<\/a><\/li>\n\n\n\n<li><a href='?page_no=56170'>56170<\/a><\/li>\n\n    \n\t\n\n<li >\n\t<a href='?page_no=13914'>Next<\/a>\n\t<\/li>\n\n\n    \n\n<li><a href='?page_no=56170'>Last &rsaquo;&rsaquo;<\/a><\/li>\n\n<\/ul>\n\n\n--><br \/>\n<\/body><\/p>\n","protected":false},"excerpt":{"rendered":"<p>Santiago RD 26 enero.- El experto en asuntos de administraci\u00f3n p\u00fablica, escritor y profesor universitario de Barcelona (Espa\u00f1a), licenciado Francisco Longo Mart\u00ednez, pronunciar\u00e1 una conferencia a las 5:00 de la tarde de este jueves 28, en el Centro de Tecnolog\u00eda de Educaci\u00f3n Permanente (CTEP), la cual contar\u00e1 con la presencia del ministro Ram\u00f3n Ventura Camejo, [&hellip;]<\/p>\n","protected":false},"author":3,"featured_media":0,"comment_status":"open","ping_status":"open","sticky":false,"template":"","format":"standard","meta":{"footnotes":""},"categories":[20],"tags":[],"class_list":["post-219608","post","type-post","status-publish","format-standard","hentry","category-dominicana-hoy"],"_links":{"self":[{"href":"https:\/\/diariodominicano.com\/index.php?rest_route=\/wp\/v2\/posts\/219608","targetHints":{"allow":["GET"]}}],"collection":[{"href":"https:\/\/diariodominicano.com\/index.php?rest_route=\/wp\/v2\/posts"}],"about":[{"href":"https:\/\/diariodominicano.com\/index.php?rest_route=\/wp\/v2\/types\/post"}],"author":[{"embeddable":true,"href":"https:\/\/diariodominicano.com\/index.php?rest_route=\/wp\/v2\/users\/3"}],"replies":[{"embeddable":true,"href":"https:\/\/diariodominicano.com\/index.php?rest_route=%2Fwp%2Fv2%2Fcomments&post=219608"}],"version-history":[{"count":0,"href":"https:\/\/diariodominicano.com\/index.php?rest_route=\/wp\/v2\/posts\/219608\/revisions"}],"wp:attachment":[{"href":"https:\/\/diariodominicano.com\/index.php?rest_route=%2Fwp%2Fv2%2Fmedia&parent=219608"}],"wp:term":[{"taxonomy":"category","embeddable":true,"href":"https:\/\/diariodominicano.com\/index.php?rest_route=%2Fwp%2Fv2%2Fcategories&post=219608"},{"taxonomy":"post_tag","embeddable":true,"href":"https:\/\/diariodominicano.com\/index.php?rest_route=%2Fwp%2Fv2%2Ftags&post=219608"}],"curies":[{"name":"wp","href":"https:\/\/api.w.org\/{rel}","templated":true}]}}