{"id":219603,"date":"2016-01-26T14:17:25","date_gmt":"2016-01-26T14:17:25","guid":{"rendered":"http:\/\/diariodominicano.ddns.net\/?p=219603"},"modified":"2016-01-26T14:17:25","modified_gmt":"2016-01-26T14:17:25","slug":"delegacion-de-panama-visita-rd-para-conocer-politicas-inclusion-ejecuta-gobierno","status":"publish","type":"post","link":"https:\/\/diariodominicano.com\/?p=219603","title":{"rendered":"Delegaci\u00f3n de Panam\u00e1 visita RD para conocer pol\u00edticas inclusi\u00f3n ejecuta Gobierno"},"content":{"rendered":"<p><body><\/p>\n<p><img decoding=\"async\" src=\"img3\/caidpanama.jpg\" \/>  <\/p>\n<p><span class=\"text1noticias\">Santo Domingo, RD, 26 de enero.-Una delegaci\u00f3n oficial de la Rep\u00fablica de Panam\u00e1 visita el pa\u00eds para conocer los procesos de inclusi\u00f3n social y educativa que lleva a cabo el gobierno de Danilo Medina, y que implementa el Despacho de la Primera Dama, C\u00e1ndida Montilla de Medina.<\/span><\/p>\n<\/p>\n<p><span class=\"text1noticias\">La comisi\u00f3n est\u00e1 integrada por Ana Mar\u00eda de Le\u00f3n, directora de proyectos del Despacho de la Primera Dama de Panam\u00e1 y Maruja Villalobos, directora del Instituto Paname\u00f1o de Habilitaci\u00f3n Especial.<\/span><\/p>\n<\/p>\n<p><strong><span class=\"text1noticias\">Reuni\u00f3n y talleres en el CAID<\/span><\/strong><\/p>\n<\/p>\n<p><span class=\"text1noticias\">Las visitantes acudieron este martes a la sede del primero de cinco Centros de Atenci\u00f3n Integral para la Discapacidad (CAID), que levanta Montilla de Medina, para recibir explicaciones y observar la forma de funcionamiento de ese espacio.<\/span><\/p>\n<\/p>\n<p><span class=\"text1noticias\">All\u00ed fueron recibidas por Martha Rodr\u00edguez de B\u00e1ez, coordinadora t\u00e9cnica del Despacho de la Primera Dama; Mois\u00e9s Taveras, director del CAID-Santo Domingo; y las se\u00f1oras Rosangela Mendoza y Mayra Ramos.<\/span><\/p>\n<\/p>\n<p><span class=\"text1noticias\">Tambi\u00e9n estuvieron  presentes Lissy Campos y Francisco Garc\u00eda Bethencourt, coordinadores de los programas Cuenta Conmigo y Comunidades Inteligentes, respectivamente, as\u00ed como Jos\u00e9 Ayala, director de planificaci\u00f3n y desarrollo del Despacho de la Primera Dama.<\/span><\/p>\n<\/p>\n<p><strong><span class=\"text1noticias\">Estrategias y acciones por la inclusi\u00f3n<\/span><\/strong><\/p>\n<\/p>\n<p><span class=\"text1noticias\">Las funcionarias del gobierno del presidente Juan Carlos Varela indagaron sobre los procesos de inclusi\u00f3n que aplica el Despacho de la Primera Dama a favor de ni\u00f1os y ni\u00f1as de 0 a 10 a\u00f1os de edad con discapacidades generadas por Trastornos del Espectro Autista (TEA), S\u00edndrome de Down y Par\u00e1lisis Cerebral.<\/span><\/p>\n<\/p>\n<p><span class=\"text1noticias\">\u00abAhora entendemos el entusiasmo del Presidente y la Primera Dama de Panam\u00e1 con CAID\u00bb <\/span><\/p>\n<p><span class=\"text1noticias\">Las directoras de Proyectos del Despacho de la Primera Dama de Panam\u00e1, Ana Mar\u00eda de Le\u00f3n, y del Instituto Paname\u00f1o de Habilitaci\u00f3n Especial, Maruja Villalobos, expresaron su admiraci\u00f3n por la calidad y los servicios que ofrece el CAID.<\/span><\/p>\n<\/p>\n<p><span class=\"text1noticias\">\u00abAhora entendemos la pasi\u00f3n y el entusiasmo que tienen el presidente de Panam\u00e1, Juan Carlos Varela y la primera dama, Lorena de Castillo, por la existencia de este Centro de Atenci\u00f3n Integral para la Discapacidad\u00bb, dijo Maruja Villalobos, al recordar que la pareja presidencial particip\u00f3 en la inauguraci\u00f3n del segundo CAID, en Santiago, en noviembre pasado.<\/span><\/p>\n<\/p>\n<p><strong><span class=\"text1noticias\">Replicar\u00e1n servicios integrales<\/span><\/strong><\/p>\n<\/p>\n<p><span class=\"text1noticias\">\u00abUstedes deben sentirse muy satisfechos de contar con un centro de este nivel, porque los servicios que ofrecen y los logros obtenidos est\u00e1n a la altura de los m\u00e1s calificados entre que he visto en varias partes del mundo\u00bb, enfatiz\u00f3 Villalobos.<\/span><\/p>\n<\/p>\n<p><span class=\"text1noticias\">De su lado, Ana Mar\u00eda de Le\u00f3n asegur\u00f3 que se llevan a su pa\u00eds varias pr\u00e1cticas y orientaciones precisas para la aplicaci\u00f3n de pol\u00edticas inclusivas que permitan impulsar instituciones de atenci\u00f3n integral, como lo ha logrado el gobierno dominicano a favor de distintos sectores.<\/span><\/p>\n<\/p>\n<p><strong><span class=\"text1noticias\">Cuenta Conmigo y Comunidades Inteligentes<\/span><\/strong><\/p>\n<\/p>\n<p><span class=\"text1noticias\">Tambi\u00e9n recibieron orientaciones sobre el funcionamiento de otros programas del Despacho de la Primera Dama que favorecen a distintos sectores de la poblaci\u00f3n que antes eran excluidos de las pol\u00edticas gubernamentales, como los adultos mayores o personas de la tercera edad.<\/span><\/p>\n<\/p>\n<p><strong><span class=\"text1noticias\">Calidad de vida de la gente<\/span><\/strong><\/p>\n<\/p>\n<p><span class=\"text1noticias\">\u00abLo que estamos haciendo aqu\u00ed es producto de la decisi\u00f3n y la visi\u00f3n inclusiva de C\u00e1ndida Montilla de Medina, que asumi\u00f3 el compromiso de brindar servicios integrales en un lugar en el que todo resultar\u00e1 a favor de la calidad de vida de la gente\u00bb, expuso la coordinadora t\u00e9cnica del Despacho de la Primera Dama, Martha Rodr\u00edguez de B\u00e1ez.<\/span><\/p>\n<\/p>\n<p><span class=\"text1noticias\">En los talleres, las funcionarias paname\u00f1as recibieron informaciones por parte del personal t\u00e9cnico y ejecutivo del CAID; as\u00ed como de los encargados de otros programas y \u00e1reas t\u00e9cnicas del Despacho de la Primera Dama.<\/span><\/p>\n<\/p>\n<p><span class=\"text1noticias\">Al t\u00e9rmino de la jornada de trabajo en el CAID, las representantes del Gobierno de Panam\u00e1 acompa\u00f1adas de ejecutivos del Despacho de la Primera Dama, se trasladaron a la sede del Ministerio de Educaci\u00f3n, donde sostuvieron encuentros con funcionarios de esa instituci\u00f3n<\/span>.<\/p>\n<h6> 2016-01-26 14:17:25 <\/h6>\n<p><!--\n<link rel=\"stylesheet\" href=\"css\/bootstrap.min.css\">\n\n\n<ul class=\"pagination\">\n\t    \n\t\n\n<li >\n\t<a href='?page_no=13908'>Previous<\/a>\n\t<\/li>\n\n\n       \n    \n\n<li><a href='?page_no=1'>1<\/a><\/li>\n\n\n\n<li><a href='?page_no=2'>2<\/a><\/li>\n\n\n\n<li><a>...<\/a><\/li>\n\n\n\n<li><a href='?page_no=13907'>13907<\/a><\/li>\n\n\n\n<li><a href='?page_no=13908'>13908<\/a><\/li>\n\n\n\n<li class='active'><a>13909<\/a><\/li>\n\n\n\n<li><a href='?page_no=13910'>13910<\/a><\/li>\n\n\n\n<li><a href='?page_no=13911'>13911<\/a><\/li>\n\n\n\n<li><a>...<\/a><\/li>\n\n\n\n<li><a href='?page_no=56169'>56169<\/a><\/li>\n\n\n\n<li><a href='?page_no=56170'>56170<\/a><\/li>\n\n    \n\t\n\n<li >\n\t<a href='?page_no=13910'>Next<\/a>\n\t<\/li>\n\n\n    \n\n<li><a href='?page_no=56170'>Last &rsaquo;&rsaquo;<\/a><\/li>\n\n<\/ul>\n\n\n--><br \/>\n<\/body><\/p>\n","protected":false},"excerpt":{"rendered":"<p>Santo Domingo, RD, 26 de enero.-Una delegaci\u00f3n oficial de la Rep\u00fablica de Panam\u00e1 visita el pa\u00eds para conocer los procesos de inclusi\u00f3n social y educativa que lleva a cabo el gobierno de Danilo Medina, y que implementa el Despacho de la Primera Dama, C\u00e1ndida Montilla de Medina. La comisi\u00f3n est\u00e1 integrada por Ana Mar\u00eda de [&hellip;]<\/p>\n","protected":false},"author":3,"featured_media":0,"comment_status":"open","ping_status":"open","sticky":false,"template":"","format":"standard","meta":{"footnotes":""},"categories":[20],"tags":[],"class_list":["post-219603","post","type-post","status-publish","format-standard","hentry","category-dominicana-hoy"],"_links":{"self":[{"href":"https:\/\/diariodominicano.com\/index.php?rest_route=\/wp\/v2\/posts\/219603","targetHints":{"allow":["GET"]}}],"collection":[{"href":"https:\/\/diariodominicano.com\/index.php?rest_route=\/wp\/v2\/posts"}],"about":[{"href":"https:\/\/diariodominicano.com\/index.php?rest_route=\/wp\/v2\/types\/post"}],"author":[{"embeddable":true,"href":"https:\/\/diariodominicano.com\/index.php?rest_route=\/wp\/v2\/users\/3"}],"replies":[{"embeddable":true,"href":"https:\/\/diariodominicano.com\/index.php?rest_route=%2Fwp%2Fv2%2Fcomments&post=219603"}],"version-history":[{"count":0,"href":"https:\/\/diariodominicano.com\/index.php?rest_route=\/wp\/v2\/posts\/219603\/revisions"}],"wp:attachment":[{"href":"https:\/\/diariodominicano.com\/index.php?rest_route=%2Fwp%2Fv2%2Fmedia&parent=219603"}],"wp:term":[{"taxonomy":"category","embeddable":true,"href":"https:\/\/diariodominicano.com\/index.php?rest_route=%2Fwp%2Fv2%2Fcategories&post=219603"},{"taxonomy":"post_tag","embeddable":true,"href":"https:\/\/diariodominicano.com\/index.php?rest_route=%2Fwp%2Fv2%2Ftags&post=219603"}],"curies":[{"name":"wp","href":"https:\/\/api.w.org\/{rel}","templated":true}]}}