{"id":219601,"date":"2016-01-26T15:22:51","date_gmt":"2016-01-26T15:22:51","guid":{"rendered":"http:\/\/diariodominicano.ddns.net\/?p=219601"},"modified":"2016-01-26T15:22:51","modified_gmt":"2016-01-26T15:22:51","slug":"trabajan-agenda-que-sera-abordada-por-los-jefes-de-estado-y-de-gobierno","status":"publish","type":"post","link":"https:\/\/diariodominicano.com\/?p=219601","title":{"rendered":"Trabajan agenda que ser\u00e1 abordada por los jefes de Estado y de Gobierno"},"content":{"rendered":"<p><body><\/p>\n<p><img decoding=\"async\" src=\"img3\/Navarro.jpg\" \/>  <\/p>\n<p><span class=\"text1noticias\">QUITO, Ecuador, 26 de Enero.-El ministro dominicano de Relaciones Exteriores, arquitecto Andr\u00e9s Navarro, particip\u00f3 en la IX Reuni\u00f3n de Ministros de Relaciones Exteriores de la Comunidad de Estados Latinoamericanos y Caribe\u00f1os (CELAC), en la que Rep\u00fablica Dominicana inicia la transici\u00f3n hacia la asunci\u00f3n de la Presidencia Pro T\u00e9mpore del referido organismo regional con una extensa agenda que incluye los principales problemas que aquejan a la regi\u00f3n y que ser\u00e1n abordados por los jefes de Estado y de Gobierno, como derechos humanos, democracia, paz y seguridad; trata de personas, desarrollo sostenible y cambio clim\u00e1tico y la erradicaci\u00f3n de la pobreza y la inequidad, entre otros.<\/span><\/p>\n<\/p>\n<p><span class=\"text1noticias\">Durante la reuni\u00f3n de trabajo en la que participan cancilleres de los 33 pa\u00edses que integran la CELAC, se aprob\u00f3 la agenda y la documentaci\u00f3n base para la consideraci\u00f3n de los jefes y jefas de Estado y de Gobierno, as\u00ed como el cronograma de trabajo y los temas de desarrollo que se abordar\u00e1n en el organismo regional durante el per\u00edodo de la PPT-CELAC 2016-2017.<\/span><\/p>\n<\/p>\n<p><span class=\"text1noticias\">Al participar en la IX Reuni\u00f3n de Cancilleres, Navarro agradeci\u00f3 en nombre de la Rep\u00fablica Dominicana, \u00abla confianza que cada uno de los pa\u00edses miembros ha depositado en nuestro pa\u00eds para que ma\u00f1ana asumamos la Presidencia Pro T\u00e9mpore de la CELAC\u00bb.<\/span><\/p>\n<\/p>\n<p><span class=\"text1noticias\">El funcionario reiter\u00f3 que la Rep\u00fablica Dominicana est\u00e1 comprometida con el proceso de desarrollo que lleva a cabo el joven organismo regional como espacio de di\u00e1logo pol\u00edtico, \u00aby tengan la seguridad de que haremos lo m\u00e1ximo para llenar las expectativas y estar a la altura de esta comunidad durante nuestra Presidencia Pro T\u00e9mpore\u00bb<\/span><\/p>\n<\/p>\n<p><span class=\"text1noticias\"> Precis\u00f3 que  para asumir la PPT-CELAC 2016, la Canciller\u00eda dominicana ha venido realizando un arduo y provechoso proceso de  planificaci\u00f3n en el que ha involucrado a diferentes sectores de la sociedad dominicana, \u00abpues esta responsabilidad es un compromiso de naci\u00f3n con car\u00e1cter integral\u00bb.<\/span><\/p>\n<\/p>\n<p><span class=\"text1noticias\">Durante la reuni\u00f3n, los Cancilleres de Costa Rica, Argentina Portugal y Guatemala, felicitaron a la Rep\u00fablica Dominicana por la asunci\u00f3n de la PPT-CELAC 2016-2017 que el presidente ecuatoriano Rafael Correa entregar\u00e1 ma\u00f1ana a su hom\u00f3logo dominicano Danilo Medina.<\/span><\/p>\n<\/p>\n<p><span class=\"text1noticias\">Reina gran expectativa alrededor de la PPT-CELAC que asumir\u00e1 la Rep\u00fablica Dominicana por el \u00e1rduo y oportuno trabajo de organizaci\u00f3n y programaci\u00f3n de los diversos temas de la agenda que desarrollar\u00e1 el organismo bajo la direcci\u00f3n del presidente Medina, sobretodo aquellos que tienen que ver con la integraci\u00f3n y unidad regional, educaci\u00f3n, erradicaci\u00f3n de la pobreza, cambio clim\u00e1tico y desarrollo sostenible, entre otros temas prioritarios en la regi\u00f3n<\/span>.<\/p>\n<h6> 2016-01-26 15:22:51 <\/h6>\n<p><!--\n<link rel=\"stylesheet\" href=\"css\/bootstrap.min.css\">\n\n\n<ul class=\"pagination\">\n\t    \n\t\n\n<li >\n\t<a href='?page_no=13906'>Previous<\/a>\n\t<\/li>\n\n\n       \n    \n\n<li><a href='?page_no=1'>1<\/a><\/li>\n\n\n\n<li><a href='?page_no=2'>2<\/a><\/li>\n\n\n\n<li><a>...<\/a><\/li>\n\n\n\n<li><a href='?page_no=13905'>13905<\/a><\/li>\n\n\n\n<li><a href='?page_no=13906'>13906<\/a><\/li>\n\n\n\n<li class='active'><a>13907<\/a><\/li>\n\n\n\n<li><a href='?page_no=13908'>13908<\/a><\/li>\n\n\n\n<li><a href='?page_no=13909'>13909<\/a><\/li>\n\n\n\n<li><a>...<\/a><\/li>\n\n\n\n<li><a href='?page_no=56169'>56169<\/a><\/li>\n\n\n\n<li><a href='?page_no=56170'>56170<\/a><\/li>\n\n    \n\t\n\n<li >\n\t<a href='?page_no=13908'>Next<\/a>\n\t<\/li>\n\n\n    \n\n<li><a href='?page_no=56170'>Last &rsaquo;&rsaquo;<\/a><\/li>\n\n<\/ul>\n\n\n--><br \/>\n<\/body><\/p>\n","protected":false},"excerpt":{"rendered":"<p>QUITO, Ecuador, 26 de Enero.-El ministro dominicano de Relaciones Exteriores, arquitecto Andr\u00e9s Navarro, particip\u00f3 en la IX Reuni\u00f3n de Ministros de Relaciones Exteriores de la Comunidad de Estados Latinoamericanos y Caribe\u00f1os (CELAC), en la que Rep\u00fablica Dominicana inicia la transici\u00f3n hacia la asunci\u00f3n de la Presidencia Pro T\u00e9mpore del referido organismo regional con una extensa [&hellip;]<\/p>\n","protected":false},"author":3,"featured_media":0,"comment_status":"open","ping_status":"open","sticky":false,"template":"","format":"standard","meta":{"footnotes":""},"categories":[20],"tags":[],"class_list":["post-219601","post","type-post","status-publish","format-standard","hentry","category-dominicana-hoy"],"_links":{"self":[{"href":"https:\/\/diariodominicano.com\/index.php?rest_route=\/wp\/v2\/posts\/219601","targetHints":{"allow":["GET"]}}],"collection":[{"href":"https:\/\/diariodominicano.com\/index.php?rest_route=\/wp\/v2\/posts"}],"about":[{"href":"https:\/\/diariodominicano.com\/index.php?rest_route=\/wp\/v2\/types\/post"}],"author":[{"embeddable":true,"href":"https:\/\/diariodominicano.com\/index.php?rest_route=\/wp\/v2\/users\/3"}],"replies":[{"embeddable":true,"href":"https:\/\/diariodominicano.com\/index.php?rest_route=%2Fwp%2Fv2%2Fcomments&post=219601"}],"version-history":[{"count":0,"href":"https:\/\/diariodominicano.com\/index.php?rest_route=\/wp\/v2\/posts\/219601\/revisions"}],"wp:attachment":[{"href":"https:\/\/diariodominicano.com\/index.php?rest_route=%2Fwp%2Fv2%2Fmedia&parent=219601"}],"wp:term":[{"taxonomy":"category","embeddable":true,"href":"https:\/\/diariodominicano.com\/index.php?rest_route=%2Fwp%2Fv2%2Fcategories&post=219601"},{"taxonomy":"post_tag","embeddable":true,"href":"https:\/\/diariodominicano.com\/index.php?rest_route=%2Fwp%2Fv2%2Ftags&post=219601"}],"curies":[{"name":"wp","href":"https:\/\/api.w.org\/{rel}","templated":true}]}}