{"id":219600,"date":"2016-01-26T16:00:12","date_gmt":"2016-01-26T16:00:12","guid":{"rendered":"http:\/\/diariodominicano.ddns.net\/?p=219600"},"modified":"2016-01-26T16:00:12","modified_gmt":"2016-01-26T16:00:12","slug":"rodriguez-marchena-rd-asumira-presidencia-celac-con-mucha-ilusion","status":"publish","type":"post","link":"https:\/\/diariodominicano.com\/?p=219600","title":{"rendered":"Rodr\u00edguez Marchena: \u00abRD asumir\u00e1 presidencia CELAC con mucha ilusi\u00f3n\u00bb"},"content":{"rendered":"<p><body><\/p>\n<p><img decoding=\"async\" src=\"img3\/marchenacelac.jpg\" \/>  <\/p>\n<p><span class=\"text1noticias\">Quito, Ecuador, 26 de enero.-Rep\u00fablica Dominicana asumir\u00e1 con mucha ilusi\u00f3n y alegr\u00eda la presidencia pro tempore de la Comunidad de Estados Latinoamericanos y Caribe\u00f1os (CELAC).<\/span><\/p>\n<\/p>\n<p><span class=\"text1noticias\">As\u00ed lo afirm\u00f3 el portavoz del Gobierno y director general de Comunicaci\u00f3n, Roberto Rodr\u00edguez Marchena, en declaraciones a la prensa ecuatoriana, en el marco de la IV Cumbre de la CELAC, en la que Ecuador traspasar\u00e1 la Presidencia Pro T\u00e9mpore de ese organismo a Rep\u00fablica Dominicana.<\/span><\/p>\n<\/p>\n<p><span class=\"text1noticias\">\u00abPara los dominicanos y dominicanas es una ocasi\u00f3n muy especial porque, despu\u00e9s de Ecuador, le toca a Rep\u00fablica Dominicana asumir la Presidencia Pro T\u00e9mpore de la CELAC. De modo que venimos con mucha ilusi\u00f3n y mucha alegr\u00eda\u00bb, asegur\u00f3 Rodr\u00edguez Marchena.<\/span><\/p>\n<\/p>\n<p><span class=\"text1noticias\">Asimismo, destac\u00f3 la admiraci\u00f3n del Gobierno dominicano y del presidente Danilo Medina a su hom\u00f3logo ecuatoriano, Rafael Correa. \u00abTenemos una gran admiraci\u00f3n por el presidente Correa, por la valent\u00eda y la solidaridad con que se ha desempe\u00f1ado\u00bb.<\/span><\/p>\n<\/p>\n<p><strong><span class=\"text1noticias\">Una magn\u00edfica oportunidad<\/span><\/strong><\/p>\n<\/p>\n<p><span class=\"text1noticias\">El portavoz del Gobierno dominicano calific\u00f3, adem\u00e1s, como una magn\u00edfica oportunidad para Rep\u00fablica Dominicana recibir la Presidencia Pro T\u00e9mpore del organismo que agrupa a 33 naciones de la regi\u00f3n y manifest\u00f3 que se le dar\u00e1 continuidad al espacio de solidaridad que es la CELAC.<\/span><\/p>\n<\/p>\n<p><strong><span class=\"text1noticias\">Dar continuidad a la solidaridad<\/span><\/strong><\/p>\n<\/p>\n<p><span class=\"text1noticias\"> \u00abCon toda la experiencia de presidentes anteriores y recibirlo del presidente Rafael Correa, para nosotros ser\u00e1 una magn\u00edfica oportunidad,  porque hay toda una zapata, todo un edificio, que se ha venido construyendo todos estos a\u00f1os de solidaridad entre los pueblos latinoamericanos y nosotros vamos a hacer acopio en darle continuidad\u00bb<\/span>.<\/p>\n<h6> 2016-01-26 16:00:12 <\/h6>\n<p><!--\n<link rel=\"stylesheet\" href=\"css\/bootstrap.min.css\">\n\n\n<ul class=\"pagination\">\n\t    \n\t\n\n<li >\n\t<a href='?page_no=13905'>Previous<\/a>\n\t<\/li>\n\n\n       \n    \n\n<li><a href='?page_no=1'>1<\/a><\/li>\n\n\n\n<li><a href='?page_no=2'>2<\/a><\/li>\n\n\n\n<li><a>...<\/a><\/li>\n\n\n\n<li><a href='?page_no=13904'>13904<\/a><\/li>\n\n\n\n<li><a href='?page_no=13905'>13905<\/a><\/li>\n\n\n\n<li class='active'><a>13906<\/a><\/li>\n\n\n\n<li><a href='?page_no=13907'>13907<\/a><\/li>\n\n\n\n<li><a href='?page_no=13908'>13908<\/a><\/li>\n\n\n\n<li><a>...<\/a><\/li>\n\n\n\n<li><a href='?page_no=56169'>56169<\/a><\/li>\n\n\n\n<li><a href='?page_no=56170'>56170<\/a><\/li>\n\n    \n\t\n\n<li >\n\t<a href='?page_no=13907'>Next<\/a>\n\t<\/li>\n\n\n    \n\n<li><a href='?page_no=56170'>Last &rsaquo;&rsaquo;<\/a><\/li>\n\n<\/ul>\n\n\n--><br \/>\n<\/body><\/p>\n","protected":false},"excerpt":{"rendered":"<p>Quito, Ecuador, 26 de enero.-Rep\u00fablica Dominicana asumir\u00e1 con mucha ilusi\u00f3n y alegr\u00eda la presidencia pro tempore de la Comunidad de Estados Latinoamericanos y Caribe\u00f1os (CELAC). As\u00ed lo afirm\u00f3 el portavoz del Gobierno y director general de Comunicaci\u00f3n, Roberto Rodr\u00edguez Marchena, en declaraciones a la prensa ecuatoriana, en el marco de la IV Cumbre de la [&hellip;]<\/p>\n","protected":false},"author":3,"featured_media":0,"comment_status":"open","ping_status":"open","sticky":false,"template":"","format":"standard","meta":{"footnotes":""},"categories":[20],"tags":[],"class_list":["post-219600","post","type-post","status-publish","format-standard","hentry","category-dominicana-hoy"],"_links":{"self":[{"href":"https:\/\/diariodominicano.com\/index.php?rest_route=\/wp\/v2\/posts\/219600","targetHints":{"allow":["GET"]}}],"collection":[{"href":"https:\/\/diariodominicano.com\/index.php?rest_route=\/wp\/v2\/posts"}],"about":[{"href":"https:\/\/diariodominicano.com\/index.php?rest_route=\/wp\/v2\/types\/post"}],"author":[{"embeddable":true,"href":"https:\/\/diariodominicano.com\/index.php?rest_route=\/wp\/v2\/users\/3"}],"replies":[{"embeddable":true,"href":"https:\/\/diariodominicano.com\/index.php?rest_route=%2Fwp%2Fv2%2Fcomments&post=219600"}],"version-history":[{"count":0,"href":"https:\/\/diariodominicano.com\/index.php?rest_route=\/wp\/v2\/posts\/219600\/revisions"}],"wp:attachment":[{"href":"https:\/\/diariodominicano.com\/index.php?rest_route=%2Fwp%2Fv2%2Fmedia&parent=219600"}],"wp:term":[{"taxonomy":"category","embeddable":true,"href":"https:\/\/diariodominicano.com\/index.php?rest_route=%2Fwp%2Fv2%2Fcategories&post=219600"},{"taxonomy":"post_tag","embeddable":true,"href":"https:\/\/diariodominicano.com\/index.php?rest_route=%2Fwp%2Fv2%2Ftags&post=219600"}],"curies":[{"name":"wp","href":"https:\/\/api.w.org\/{rel}","templated":true}]}}