{"id":219599,"date":"2016-01-26T16:36:51","date_gmt":"2016-01-26T16:36:51","guid":{"rendered":"http:\/\/diariodominicano.ddns.net\/?p=219599"},"modified":"2016-01-26T16:36:51","modified_gmt":"2016-01-26T16:36:51","slug":"montalvo-busca-en-boston-aliados-para-un-nuevo-urbanismo","status":"publish","type":"post","link":"https:\/\/diariodominicano.com\/?p=219599","title":{"rendered":"Montalvo busca en Boston aliados para un nuevo urbanismo"},"content":{"rendered":"<p><body><\/p>\n<p><img decoding=\"async\" src=\"img3\/montalvoboston.jpg\" \/>  <\/p>\n<p><span class=\"text1noticias\">Boston, Massachusetts, EE.UU., 26 de Enero.-El ministro de la Presidencia, Gustavo Montalvo, sostuvo en Boston una serie de reuniones con organizaciones internacionales especializadas y expertos en los temas de urbanismo y vivienda.<\/span><\/p>\n<p><span class=\"text1noticias\"> <\/span><\/p>\n<p><span class=\"text1noticias\">Estos encuentros forman parte de la implementaci\u00f3n de una pol\u00edtica de viviendas en este a\u00f1o 2016, declarado por el presidente Danilo Medina como \u00abA\u00f1o del Fomento a la Vivienda\u00bb, mediante el decreto 389-15.<\/span><\/p>\n<p><span class=\"text1noticias\"><strong> <\/strong><\/span><\/p>\n<p><span class=\"text1noticias\"><strong>Vivienda y comunidad dignas<\/strong><\/span><\/p>\n<\/p>\n<p><span class=\"text1noticias\">Durante un primer encuentro con Alan Berger, Adele Naude y Hope Stege del Centro de Urbanismo Avanzado del Instituto Tecnol\u00f3gico de Massachusetts (MIT), se exploraron posibles mecanismos de colaboraci\u00f3n de dicho centro con el gobierno dominicano.<\/span><\/p>\n<p><span class=\"text1noticias\"> <\/span><\/p>\n<p><span class=\"text1noticias\">\u00abEl objetivo de nuestro gobierno es que los dominicanos puedan acceder a una vivienda digna dentro de una comunidad digna, y eso implica ponernos al d\u00eda en todo lo relativo a los avances en  planificaci\u00f3n urbana; no podemos seguir dejando este tema a la improvisaci\u00f3n\u00bb, dijo Montalvo.<\/span><\/p>\n<p><span class=\"text1noticias\"> <\/span><\/p>\n<p><span class=\"text1noticias\"><strong>Para el bienestar de las personas<\/strong><\/span><\/p>\n<\/p>\n<p><span class=\"text1noticias\">Explic\u00f3 Montalvo que por eso se deben explorar y replicar las mejores pr\u00e1cticas desarrolladas en otros pa\u00edses, y por ello est\u00e1 realizando esta serie de encuentros.<\/span><\/p>\n<p><span class=\"text1noticias\"> <\/span><\/p>\n<p><span class=\"text1noticias\">\u00abEl enfoque multidisciplinario del Centro de Urbanismo Avanzado, en el cual se ve la ciudad desde la perspectiva social, medioambiental, econ\u00f3mica, financiera y de transporte, ser\u00eda de gran ayuda para las pol\u00edticas en Rep\u00fablica Dominicana, pues nos permitir\u00eda seguir enfatizando el tema de viviendas tomando en consideraci\u00f3n todos los aspectos relevantes para el bienestar de las personas\u00bb, expres\u00f3.<\/span><\/p>\n<p><span class=\"text1noticias\"> <\/span><\/p>\n<p><span class=\"text1noticias\"><strong>Viviendas asequibles<\/strong><\/span><\/p>\n<\/p>\n<p><span class=\"text1noticias\">De igual forma, el ministro de la Presidencia sostuvo una reuni\u00f3n con Sebasti\u00e1n Fern\u00e1ndez, Director Sectorial Empresarial del Instituto del Fondo Nacional de la Vivienda para los Trabajadores de M\u00e9xico (Infonavit), con quien convers\u00f3 sobre la experiencia mexicana en el financiamiento de viviendas asequibles.<\/span><\/p>\n<p><span class=\"text1noticias\"> <\/span><\/p>\n<p><span class=\"text1noticias\">Asimismo, se realiz\u00f3 una reuni\u00f3n con el experto internacional y profesor universitario en temas de transporte y log\u00edstica, Jos\u00e9 Holgu\u00edn Veras, de origen dominicano, con quien convers\u00f3 sobre la necesidad de que se desarrolle en el pa\u00eds una pol\u00edtica integral de transporte que permita una mejor circulaci\u00f3n a lo interno de las grandes ciudades, a fin de reducir costos y tiempos de desplazamiento, para una mayor satisfacci\u00f3n ciudadana<\/span>.<\/p>\n<h6> 2016-01-26 16:36:51 <\/h6>\n<p><!--\n<link rel=\"stylesheet\" href=\"css\/bootstrap.min.css\">\n\n\n<ul class=\"pagination\">\n\t    \n\t\n\n<li >\n\t<a href='?page_no=13904'>Previous<\/a>\n\t<\/li>\n\n\n       \n    \n\n<li><a href='?page_no=1'>1<\/a><\/li>\n\n\n\n<li><a href='?page_no=2'>2<\/a><\/li>\n\n\n\n<li><a>...<\/a><\/li>\n\n\n\n<li><a href='?page_no=13903'>13903<\/a><\/li>\n\n\n\n<li><a href='?page_no=13904'>13904<\/a><\/li>\n\n\n\n<li class='active'><a>13905<\/a><\/li>\n\n\n\n<li><a href='?page_no=13906'>13906<\/a><\/li>\n\n\n\n<li><a href='?page_no=13907'>13907<\/a><\/li>\n\n\n\n<li><a>...<\/a><\/li>\n\n\n\n<li><a href='?page_no=56169'>56169<\/a><\/li>\n\n\n\n<li><a href='?page_no=56170'>56170<\/a><\/li>\n\n    \n\t\n\n<li >\n\t<a href='?page_no=13906'>Next<\/a>\n\t<\/li>\n\n\n    \n\n<li><a href='?page_no=56170'>Last &rsaquo;&rsaquo;<\/a><\/li>\n\n<\/ul>\n\n\n--><br \/>\n<\/body><\/p>\n","protected":false},"excerpt":{"rendered":"<p>Boston, Massachusetts, EE.UU., 26 de Enero.-El ministro de la Presidencia, Gustavo Montalvo, sostuvo en Boston una serie de reuniones con organizaciones internacionales especializadas y expertos en los temas de urbanismo y vivienda. Estos encuentros forman parte de la implementaci\u00f3n de una pol\u00edtica de viviendas en este a\u00f1o 2016, declarado por el presidente Danilo Medina como [&hellip;]<\/p>\n","protected":false},"author":3,"featured_media":0,"comment_status":"open","ping_status":"open","sticky":false,"template":"","format":"standard","meta":{"footnotes":""},"categories":[20],"tags":[],"class_list":["post-219599","post","type-post","status-publish","format-standard","hentry","category-dominicana-hoy"],"_links":{"self":[{"href":"https:\/\/diariodominicano.com\/index.php?rest_route=\/wp\/v2\/posts\/219599","targetHints":{"allow":["GET"]}}],"collection":[{"href":"https:\/\/diariodominicano.com\/index.php?rest_route=\/wp\/v2\/posts"}],"about":[{"href":"https:\/\/diariodominicano.com\/index.php?rest_route=\/wp\/v2\/types\/post"}],"author":[{"embeddable":true,"href":"https:\/\/diariodominicano.com\/index.php?rest_route=\/wp\/v2\/users\/3"}],"replies":[{"embeddable":true,"href":"https:\/\/diariodominicano.com\/index.php?rest_route=%2Fwp%2Fv2%2Fcomments&post=219599"}],"version-history":[{"count":0,"href":"https:\/\/diariodominicano.com\/index.php?rest_route=\/wp\/v2\/posts\/219599\/revisions"}],"wp:attachment":[{"href":"https:\/\/diariodominicano.com\/index.php?rest_route=%2Fwp%2Fv2%2Fmedia&parent=219599"}],"wp:term":[{"taxonomy":"category","embeddable":true,"href":"https:\/\/diariodominicano.com\/index.php?rest_route=%2Fwp%2Fv2%2Fcategories&post=219599"},{"taxonomy":"post_tag","embeddable":true,"href":"https:\/\/diariodominicano.com\/index.php?rest_route=%2Fwp%2Fv2%2Ftags&post=219599"}],"curies":[{"name":"wp","href":"https:\/\/api.w.org\/{rel}","templated":true}]}}