{"id":219598,"date":"2016-01-26T16:40:28","date_gmt":"2016-01-26T16:40:28","guid":{"rendered":"http:\/\/diariodominicano.ddns.net\/?p=219598"},"modified":"2016-01-26T16:40:28","modified_gmt":"2016-01-26T16:40:28","slug":"jr-peralta-anuncia-arreglo-de-todas-las-calles-y-callejones-de-la-cienaga","status":"publish","type":"post","link":"https:\/\/diariodominicano.com\/?p=219598","title":{"rendered":"JR Peralta anuncia arreglo de todas las calles y callejones de La Ci\u00e9naga"},"content":{"rendered":"<p><body><\/p>\n<p><img decoding=\"async\" src=\"img3\/peraltacienega.jpg\" \/>  <\/p>\n<p><span class=\"text1noticias\">Santo Domingo, RD, 26 de enero.-El ministro Administrativo de la Presidencia, Jos\u00e9 Ram\u00f3n Peralta, lleg\u00f3 esta ma\u00f1ana, de manera sorpresiva al sector La Ci\u00e9naga del Distrito Nacional y tras recorrer sus estrechas v\u00edas, anunci\u00f3 la reparaci\u00f3n de las calles y callejones de la barriada.<\/span><\/p>\n<\/p>\n<p><span class=\"text1noticias\">\u00abComo un pedido de la comunidad, el presidente Danilo Medina dispuso el arreglo de todas las calles de ese sector\u00bb, dijo Peralta, quien estuvo acompa\u00f1ado por los directores de la Oficina de Ingenieros Supervisores de Obras del Estado, Francisco Pag\u00e1n y de la Corporaci\u00f3n de Acueducto y Alcantarillados de Santo Domingo, Alejandro Mont\u00e1s y del alcalde del Distrito Nacional, Roberto Salcedo.<\/span><\/p>\n<\/p>\n<p><strong><span class=\"text1noticias\">Empezar\u00e1n a trabajar<\/span><\/strong><\/p>\n<\/p>\n<p><span class=\"text1noticias\">El director de la OISOE indic\u00f3 que antes de dos meses estar\u00e1n arregladas todas las calles y que los equipos ser\u00e1n llevados al \u00e1rea para empezar a trabajar esta misma semana.<\/span><\/p>\n<\/p>\n<p><strong><span class=\"text1noticias\">Arreglo de ca\u00f1ada en fase final<\/span><\/strong><\/p>\n<\/p>\n<p><span class=\"text1noticias\">Mientras, Alejandro Mont\u00e1s inform\u00f3 que ya est\u00e1 en fase final el arreglo de la ca\u00f1ada El Arrozal, ubicada en ese sector, la cual ser\u00e1 inaugurada por el presidente Danilo Medina, el pr\u00f3ximo dos de febrero.<\/span><\/p>\n<\/p>\n<p><span class=\"text1noticias\">En la calle Respaldo La Marina, al hablar con la gente que se le acerc\u00f3, el ministro Peralta dijo que se procura con ambas obras, el saneamiento del sector y que previamente l\u00edderes comunitarios de la zona se hab\u00edan reunido con el presidente Danilo Medina solicitando esa intervenci\u00f3n.<\/span><\/p>\n<\/p>\n<p><span class=\"text1noticias\">La inversi\u00f3n ser\u00e1 de unos 40 millones de pesos con tiempo de entrega en dos meses o antes.<\/span><\/p>\n<\/p>\n<p><strong><span class=\"text1noticias\">Satisfechos con obras<\/span><\/strong><\/p>\n<\/p>\n<p><span class=\"text1noticias\">De su lado, F\u00e9lix Quiroz, presidente de la Uni\u00f3n de Juntas de Vecinos de La Ci\u00e9naga, resalt\u00f3 que ese era un reclamo de \u00abmucho, pero mucho tiempo, esto traer\u00e1 dignidad a la gente de aqu\u00ed, estamos satisfechos, faltan otras obras, pero este arreglo de calles es muy importante y anhelado por la comunidad\u00bb, dijo Quiroz, a quien el ministro le pidi\u00f3 junto a otros comunitarios que se encarguen de supervisar los trabajos que iniciar\u00e1n inmediatamente.<\/span><\/p>\n<\/p>\n<p><span class=\"text1noticias\">Reparaci\u00f3n de las calles mejorar\u00e1 calidad de vida de la gente Peralta dijo que el arreglo de las calles en los barrios continuar\u00e1 como una forma de llevar calidad de vida a la gente<\/span>.<\/p>\n<h6> 2016-01-26 16:40:28 <\/h6>\n<p><!--\n<link rel=\"stylesheet\" href=\"css\/bootstrap.min.css\">\n\n\n<ul class=\"pagination\">\n\t    \n\t\n\n<li >\n\t<a href='?page_no=13903'>Previous<\/a>\n\t<\/li>\n\n\n       \n    \n\n<li><a href='?page_no=1'>1<\/a><\/li>\n\n\n\n<li><a href='?page_no=2'>2<\/a><\/li>\n\n\n\n<li><a>...<\/a><\/li>\n\n\n\n<li><a href='?page_no=13902'>13902<\/a><\/li>\n\n\n\n<li><a href='?page_no=13903'>13903<\/a><\/li>\n\n\n\n<li class='active'><a>13904<\/a><\/li>\n\n\n\n<li><a href='?page_no=13905'>13905<\/a><\/li>\n\n\n\n<li><a href='?page_no=13906'>13906<\/a><\/li>\n\n\n\n<li><a>...<\/a><\/li>\n\n\n\n<li><a href='?page_no=56169'>56169<\/a><\/li>\n\n\n\n<li><a href='?page_no=56170'>56170<\/a><\/li>\n\n    \n\t\n\n<li >\n\t<a href='?page_no=13905'>Next<\/a>\n\t<\/li>\n\n\n    \n\n<li><a href='?page_no=56170'>Last &rsaquo;&rsaquo;<\/a><\/li>\n\n<\/ul>\n\n\n--><br \/>\n<\/body><\/p>\n","protected":false},"excerpt":{"rendered":"<p>Santo Domingo, RD, 26 de enero.-El ministro Administrativo de la Presidencia, Jos\u00e9 Ram\u00f3n Peralta, lleg\u00f3 esta ma\u00f1ana, de manera sorpresiva al sector La Ci\u00e9naga del Distrito Nacional y tras recorrer sus estrechas v\u00edas, anunci\u00f3 la reparaci\u00f3n de las calles y callejones de la barriada. \u00abComo un pedido de la comunidad, el presidente Danilo Medina dispuso [&hellip;]<\/p>\n","protected":false},"author":3,"featured_media":0,"comment_status":"open","ping_status":"open","sticky":false,"template":"","format":"standard","meta":{"footnotes":""},"categories":[20],"tags":[],"class_list":["post-219598","post","type-post","status-publish","format-standard","hentry","category-dominicana-hoy"],"_links":{"self":[{"href":"https:\/\/diariodominicano.com\/index.php?rest_route=\/wp\/v2\/posts\/219598","targetHints":{"allow":["GET"]}}],"collection":[{"href":"https:\/\/diariodominicano.com\/index.php?rest_route=\/wp\/v2\/posts"}],"about":[{"href":"https:\/\/diariodominicano.com\/index.php?rest_route=\/wp\/v2\/types\/post"}],"author":[{"embeddable":true,"href":"https:\/\/diariodominicano.com\/index.php?rest_route=\/wp\/v2\/users\/3"}],"replies":[{"embeddable":true,"href":"https:\/\/diariodominicano.com\/index.php?rest_route=%2Fwp%2Fv2%2Fcomments&post=219598"}],"version-history":[{"count":0,"href":"https:\/\/diariodominicano.com\/index.php?rest_route=\/wp\/v2\/posts\/219598\/revisions"}],"wp:attachment":[{"href":"https:\/\/diariodominicano.com\/index.php?rest_route=%2Fwp%2Fv2%2Fmedia&parent=219598"}],"wp:term":[{"taxonomy":"category","embeddable":true,"href":"https:\/\/diariodominicano.com\/index.php?rest_route=%2Fwp%2Fv2%2Fcategories&post=219598"},{"taxonomy":"post_tag","embeddable":true,"href":"https:\/\/diariodominicano.com\/index.php?rest_route=%2Fwp%2Fv2%2Ftags&post=219598"}],"curies":[{"name":"wp","href":"https:\/\/api.w.org\/{rel}","templated":true}]}}