{"id":219596,"date":"2016-01-26T17:47:31","date_gmt":"2016-01-26T17:47:31","guid":{"rendered":"http:\/\/diariodominicano.ddns.net\/?p=219596"},"modified":"2016-01-26T17:47:31","modified_gmt":"2016-01-26T17:47:31","slug":"danilo-medina-viaja-hacia-iv-cumbre-celac-en-ecuador","status":"publish","type":"post","link":"https:\/\/diariodominicano.com\/?p=219596","title":{"rendered":"&#13;Danilo Medina viaja hacia IV Cumbre CELAC en Ecuador"},"content":{"rendered":"<p><body><\/p>\n<p><img decoding=\"async\" src=\"img3\/danilosale.jpg\" \/>  <\/p>\n<p><span class=\"text1noticias\">Santo Domingo, RD, 26 de enero.-El presidente Danilo Medina sali\u00f3 esta tarde con destino a la ciudad de Quito, Ecuador, donde participar\u00e1 en la IV Cumbre de Jefas y Jefes de Estado y de Gobierno de la Comunidad de Estados Latinoamericanos y Caribe\u00f1os (CELAC).<\/span><\/p>\n<\/p>\n<p><span class=\"text1noticias\">El gobernante parti\u00f3 desde el aeropuerto de la Base A\u00e9rea de San Isidro, a las seis y seis de la tarde,  acompa\u00f1ado de una reducida comitiva integrada por los ministros Administrativo de la Presidencia, Jos\u00e9 Ram\u00f3n Peralta; de Econom\u00eda, Planificaci\u00f3n y Desarrollo, Tem\u00edstocles Montas y de Pol\u00edtica de Integraci\u00f3n Regional del Gobierno, Miguel Mej\u00eda.<\/span><\/p>\n<\/p>\n<p><span class=\"text1noticias\">Igualmente, viajan junto a Danilo Medina su asistente personal, Carlos Pared P\u00e9rez; el jefe del Cuerpo de Seguridad Presidencial, mayor general Ad\u00e1n C\u00e1ceres; el senador de Azua, Rafael Calder\u00f3n, y el viceministro Administrativo de la Presidencia, Alexis Lantigua.<\/span><\/p>\n<\/p>\n<p><span class=\"text1noticias\">Despidieron al Presidente de la Rep\u00fablica, la vicepresidenta Margarita Cede\u00f1o de Fern\u00e1ndez; el ministro de Defensa, teniente general M\u00e1ximo William Mu\u00f1oz, el comandante general de la Fuerza \u00c1rea, mayor general, Elvis F\u00e9lix P\u00e9rez  y el jefe de la Guardia Presidencial, general de brigada Braulio Alc\u00e1ntara L\u00f3pez.<\/span><\/p>\n<\/p>\n<p><strong><span class=\"text1noticias\">Recibir\u00e1 Presidencia Pro T\u00e9mpore<\/span><\/strong><\/p>\n<\/p>\n<p><span class=\"text1noticias\">En la cumbre, cuyos temas principales ser\u00e1n la erradicaci\u00f3n de la pobreza extrema, la paz, el terrorismo y la econom\u00eda latinoamericana; el presidente Danilo Medina recibir\u00e1 de su hom\u00f3logo ecuatoriano, Rafael Correa, la Presidencia Pro T\u00e9mpore de la CELAC.<\/span><\/p>\n<\/p>\n<p><span class=\"text1noticias\">Se tiene previsto que el presidente Danilo Medina y la comitiva que le acompa\u00f1a, regresen al pa\u00eds ma\u00f1ana, mi\u00e9rcoles.<\/span><\/p>\n<h6> 2016-01-26 17:47:31 <\/h6>\n<p><!--\n<link rel=\"stylesheet\" href=\"css\/bootstrap.min.css\">\n\n\n<ul class=\"pagination\">\n\t    \n\t\n\n<li >\n\t<a href='?page_no=13901'>Previous<\/a>\n\t<\/li>\n\n\n       \n    \n\n<li><a href='?page_no=1'>1<\/a><\/li>\n\n\n\n<li><a href='?page_no=2'>2<\/a><\/li>\n\n\n\n<li><a>...<\/a><\/li>\n\n\n\n<li><a href='?page_no=13900'>13900<\/a><\/li>\n\n\n\n<li><a href='?page_no=13901'>13901<\/a><\/li>\n\n\n\n<li class='active'><a>13902<\/a><\/li>\n\n\n\n<li><a href='?page_no=13903'>13903<\/a><\/li>\n\n\n\n<li><a href='?page_no=13904'>13904<\/a><\/li>\n\n\n\n<li><a>...<\/a><\/li>\n\n\n\n<li><a href='?page_no=56169'>56169<\/a><\/li>\n\n\n\n<li><a href='?page_no=56170'>56170<\/a><\/li>\n\n    \n\t\n\n<li >\n\t<a href='?page_no=13903'>Next<\/a>\n\t<\/li>\n\n\n    \n\n<li><a href='?page_no=56170'>Last &rsaquo;&rsaquo;<\/a><\/li>\n\n<\/ul>\n\n\n--><br \/>\n<\/body><\/p>\n","protected":false},"excerpt":{"rendered":"<p>Santo Domingo, RD, 26 de enero.-El presidente Danilo Medina sali\u00f3 esta tarde con destino a la ciudad de Quito, Ecuador, donde participar\u00e1 en la IV Cumbre de Jefas y Jefes de Estado y de Gobierno de la Comunidad de Estados Latinoamericanos y Caribe\u00f1os (CELAC). El gobernante parti\u00f3 desde el aeropuerto de la Base A\u00e9rea de [&hellip;]<\/p>\n","protected":false},"author":3,"featured_media":0,"comment_status":"open","ping_status":"open","sticky":false,"template":"","format":"standard","meta":{"footnotes":""},"categories":[20],"tags":[],"class_list":["post-219596","post","type-post","status-publish","format-standard","hentry","category-dominicana-hoy"],"_links":{"self":[{"href":"https:\/\/diariodominicano.com\/index.php?rest_route=\/wp\/v2\/posts\/219596","targetHints":{"allow":["GET"]}}],"collection":[{"href":"https:\/\/diariodominicano.com\/index.php?rest_route=\/wp\/v2\/posts"}],"about":[{"href":"https:\/\/diariodominicano.com\/index.php?rest_route=\/wp\/v2\/types\/post"}],"author":[{"embeddable":true,"href":"https:\/\/diariodominicano.com\/index.php?rest_route=\/wp\/v2\/users\/3"}],"replies":[{"embeddable":true,"href":"https:\/\/diariodominicano.com\/index.php?rest_route=%2Fwp%2Fv2%2Fcomments&post=219596"}],"version-history":[{"count":0,"href":"https:\/\/diariodominicano.com\/index.php?rest_route=\/wp\/v2\/posts\/219596\/revisions"}],"wp:attachment":[{"href":"https:\/\/diariodominicano.com\/index.php?rest_route=%2Fwp%2Fv2%2Fmedia&parent=219596"}],"wp:term":[{"taxonomy":"category","embeddable":true,"href":"https:\/\/diariodominicano.com\/index.php?rest_route=%2Fwp%2Fv2%2Fcategories&post=219596"},{"taxonomy":"post_tag","embeddable":true,"href":"https:\/\/diariodominicano.com\/index.php?rest_route=%2Fwp%2Fv2%2Ftags&post=219596"}],"curies":[{"name":"wp","href":"https:\/\/api.w.org\/{rel}","templated":true}]}}