{"id":219595,"date":"2016-01-26T21:23:12","date_gmt":"2016-01-26T21:23:12","guid":{"rendered":"http:\/\/diariodominicano.ddns.net\/?p=219595"},"modified":"2016-01-26T21:23:12","modified_gmt":"2016-01-26T21:23:12","slug":"danilo-medina-llega-a-ecuador-agotara-intensa-agenda","status":"publish","type":"post","link":"https:\/\/diariodominicano.com\/?p=219595","title":{"rendered":"Danilo Medina llega a Ecuador; agotar\u00e1 intensa agenda"},"content":{"rendered":"<p><body><\/p>\n<p><img decoding=\"async\" src=\"img3\/Presiecuador.jpg\" \/>  <\/p>\n<p><span class=\"text1noticias\">Quito, Ecuador, 26 de enero (DICOM).- Con el prop\u00f3sito de participar en la IV Cumbre de la CELAC, el presidente Danilo Medina lleg\u00f3 a esta ciudad, donde agotar\u00e1 una intensa agenda de trabajo.<\/span><\/p>\n<p><span class=\"text1noticias\"> <\/span><\/p>\n<p><span class=\"text1noticias\">Tras su arribo a las 9:10 de la noche, el jefe de Estado dominicano fue recibido en el Aeropuerto Internacional Mariscal Sucre, por el ministro del Interior de Ecuador, Juan Jos\u00e9 Serrano y el embajador dominicano, Reynaldo Lora.<\/span><\/p>\n<p><span class=\"text1noticias\"> <\/span><\/p>\n<p><span class=\"text1noticias\">Cumbre iniciar\u00e1 ma\u00f1ana<\/span><\/p>\n<p><span class=\"text1noticias\"> <\/span><\/p>\n<p><span class=\"text1noticias\">La sesi\u00f3n inaugural del c\u00f3nclave, que re\u00fane a Jefas y Jefes de Estado y de Gobierno de la Comunidad de Estados Latinoamericanos y Caribe\u00f1os (CELAC), iniciar\u00e1 ma\u00f1ana, mi\u00e9rcoles 27 a las 9 de la ma\u00f1ana, hora de Ecuador.<\/span><\/p>\n<p><span class=\"text1noticias\"> <\/span><\/p>\n<p><span class=\"text1noticias\">Al concluir el acto de apertura de la Cumbre, ser\u00e1 tomada la foto de familia y posteriormente, las Jefas y Jefes de Estado y de Gobierno iniciar\u00e1n su retiro.<\/span><\/p>\n<p><span class=\"text1noticias\"> <\/span><\/p>\n<p><span class=\"text1noticias\">En horas de la tarde, se desarrollar\u00e1 el debate general y tendr\u00e1 lugar la ceremonia de traspaso de mando de la Presidencia Pro T\u00e9mpore del Ecuador a Rep\u00fablica Dominicana.<\/span><\/p>\n<p><span class=\"text1noticias\"> <\/span><\/p>\n<p><span class=\"text1noticias\">Erradicaci\u00f3n de pobreza extrema, paz, terrorismo y econom\u00eda<\/span><\/p>\n<p><span class=\"text1noticias\"> <\/span><\/p>\n<p><span class=\"text1noticias\">Los temas contemplados en la agenda de la Cumbre son la erradicaci\u00f3n de la pobreza extrema, la paz, el terrorismo y la econom\u00eda de Am\u00e9rica Latina y El <\/span>Caribe.<\/p>\n<h6> 2016-01-26 21:23:12 <\/h6>\n<p><!--\n<link rel=\"stylesheet\" href=\"css\/bootstrap.min.css\">\n\n\n<ul class=\"pagination\">\n\t    \n\t\n\n<li >\n\t<a href='?page_no=13900'>Previous<\/a>\n\t<\/li>\n\n\n       \n    \n\n<li><a href='?page_no=1'>1<\/a><\/li>\n\n\n\n<li><a href='?page_no=2'>2<\/a><\/li>\n\n\n\n<li><a>...<\/a><\/li>\n\n\n\n<li><a href='?page_no=13899'>13899<\/a><\/li>\n\n\n\n<li><a href='?page_no=13900'>13900<\/a><\/li>\n\n\n\n<li class='active'><a>13901<\/a><\/li>\n\n\n\n<li><a href='?page_no=13902'>13902<\/a><\/li>\n\n\n\n<li><a href='?page_no=13903'>13903<\/a><\/li>\n\n\n\n<li><a>...<\/a><\/li>\n\n\n\n<li><a href='?page_no=56169'>56169<\/a><\/li>\n\n\n\n<li><a href='?page_no=56170'>56170<\/a><\/li>\n\n    \n\t\n\n<li >\n\t<a href='?page_no=13902'>Next<\/a>\n\t<\/li>\n\n\n    \n\n<li><a href='?page_no=56170'>Last &rsaquo;&rsaquo;<\/a><\/li>\n\n<\/ul>\n\n\n--><br \/>\n<\/body><\/p>\n","protected":false},"excerpt":{"rendered":"<p>Quito, Ecuador, 26 de enero (DICOM).- Con el prop\u00f3sito de participar en la IV Cumbre de la CELAC, el presidente Danilo Medina lleg\u00f3 a esta ciudad, donde agotar\u00e1 una intensa agenda de trabajo. Tras su arribo a las 9:10 de la noche, el jefe de Estado dominicano fue recibido en el Aeropuerto Internacional Mariscal Sucre, [&hellip;]<\/p>\n","protected":false},"author":3,"featured_media":0,"comment_status":"open","ping_status":"open","sticky":false,"template":"","format":"standard","meta":{"footnotes":""},"categories":[20],"tags":[],"class_list":["post-219595","post","type-post","status-publish","format-standard","hentry","category-dominicana-hoy"],"_links":{"self":[{"href":"https:\/\/diariodominicano.com\/index.php?rest_route=\/wp\/v2\/posts\/219595","targetHints":{"allow":["GET"]}}],"collection":[{"href":"https:\/\/diariodominicano.com\/index.php?rest_route=\/wp\/v2\/posts"}],"about":[{"href":"https:\/\/diariodominicano.com\/index.php?rest_route=\/wp\/v2\/types\/post"}],"author":[{"embeddable":true,"href":"https:\/\/diariodominicano.com\/index.php?rest_route=\/wp\/v2\/users\/3"}],"replies":[{"embeddable":true,"href":"https:\/\/diariodominicano.com\/index.php?rest_route=%2Fwp%2Fv2%2Fcomments&post=219595"}],"version-history":[{"count":0,"href":"https:\/\/diariodominicano.com\/index.php?rest_route=\/wp\/v2\/posts\/219595\/revisions"}],"wp:attachment":[{"href":"https:\/\/diariodominicano.com\/index.php?rest_route=%2Fwp%2Fv2%2Fmedia&parent=219595"}],"wp:term":[{"taxonomy":"category","embeddable":true,"href":"https:\/\/diariodominicano.com\/index.php?rest_route=%2Fwp%2Fv2%2Fcategories&post=219595"},{"taxonomy":"post_tag","embeddable":true,"href":"https:\/\/diariodominicano.com\/index.php?rest_route=%2Fwp%2Fv2%2Ftags&post=219595"}],"curies":[{"name":"wp","href":"https:\/\/api.w.org\/{rel}","templated":true}]}}