{"id":219589,"date":"2016-01-27T09:26:37","date_gmt":"2016-01-27T09:26:37","guid":{"rendered":"http:\/\/diariodominicano.ddns.net\/?p=219589"},"modified":"2016-01-27T09:26:37","modified_gmt":"2016-01-27T09:26:37","slug":"camara-de-cuentas-reconocera-representantes-en-el-pais-del-pnud-y-la-union-europea","status":"publish","type":"post","link":"https:\/\/diariodominicano.com\/?p=219589","title":{"rendered":"&#13;C\u00e1mara de Cuentas reconocer\u00e1 representantes en el pa\u00eds del PNUD y la   Uni\u00f3n Europea"},"content":{"rendered":"<p><body><\/p>\n<p><img decoding=\"async\" src=\"img3\/cuenta 1.jpg\" \/>  <\/p>\n<p>Santo Domingo RD 27 enero.- El Pleno de miembros de la C\u00e1mara de Cuentas de la Rep\u00fablica Dominicana (CCRD) har\u00e1 este jueves un reconocimiento al representante del Programa de las Naciones Unidas para el Desarrollo (PNUD) en el pa\u00eds, Lorenzo Jim\u00e9nez de Luis, y al Embajador y Jefe de la delegaci\u00f3n de la Uni\u00f3n Europea (UE), Alberto Navarro, en agradecimiento a sus contribuciones de forma \u00abdecisiva y oportuna\u00bb al fortalecimiento institucional de la entidad fiscalizadora de los recursos p\u00fablicos.<\/p>\n<\/p>\n<p>La informaci\u00f3n la dio a conocer la presidenta de la CCRD, doctora Licelott Marte de Barrios, quien explic\u00f3 que el reconocimiento se har\u00e1 en el marco de una sesi\u00f3n solemne del Pleno de Miembros de la instituci\u00f3n, la cual est\u00e1 pautada para las 11:00 de la ma\u00f1ana de este jueves 28 de enero en el edificio gubernamental Manuel Fern\u00e1ndez M\u00e1rmol, ubicado en la Avenida 27 de Febrero esquina Abreu, de la Capital.<\/p>\n<\/p>\n<p>Marte de Barrios dijo que el PNUD ha contribuido con la instituci\u00f3n desde el a\u00f1o 2009, luego de la firma de un proyecto de acuerdo en el a\u00f1o 2008, el cual concluye en este a\u00f1o 2016.<\/p>\n<\/p>\n<p>Resalt\u00f3 que el convenio ha sido bastante amplio y abarca capacitaci\u00f3n, normativas institucionales, asesor\u00eda de organismos internacionales,  trabajos de diagn\u00f3stico de las municipalidades y \u00abun sinn\u00famero de actividades importantes que vienen dando sus frutos\u00bb.<\/p>\n<\/p>\n<p>Manifest\u00f3 asimismo que tambi\u00e9n ha contribuido en la estructuraci\u00f3n y puesta en marcha de la Mesa de Control, la Oficina de Evaluaci\u00f3n y Fiscalizaci\u00f3n del Patrimonio de los Funcionarios P\u00fablicos (OEF), entre otros.<\/p>\n<\/p>\n<p>En cuanto a la Uni\u00f3n Europea, dijo que ha sido de \u00absuma importancia\u00bb en este proceso de fortalecimiento institucional, ya que ha constituido el \u00abmotor impulsor\u00bb de estos proyectos por sus aportes econ\u00f3micos, lo que ha permitido que estas acciones puedan realizarse.<\/p>\n<\/p>\n<p>El Pleno de la C\u00e1mara de Cuentas lo integran, adem\u00e1s de la presidenta, Marte de Barrios, el vicepresidente, Pablo del Rosario; el secretario y miembro del organismo, Pedro Ortiz Hern\u00e1ndez, y los tambi\u00e9n miembros Juan Jos\u00e9 Heredia y Alfredo Cruz Polanco.   <\/p>\n<\/p>\n<p>A la actividad asistir\u00e1n importantes personalidades, entre las que figuran el director general de la Direcci\u00f3n General de Impuestos Internos (DGII),  Guarocuya F\u00e9lix; el Contralor General de la Rep\u00fablica, Rafael Germos\u00e9n; el Tesorero Nacional, Alberto Perdomo; el director general de Contabilidad Gubernamental (Digecog), Daniel Omar Caama\u00f1o; la directora general de Contrataciones P\u00fablicas, Yokasta Guzm\u00e1n Santos; el viceministro de Presupuesto, Patrimonio y Contabilidad, Luis Reyes Santos;  el Coordinador Nacional de Proyecto PNUD\/CCRD, Jos\u00e9 Francisco Nuberg; la especialista en Gesti\u00f3n Financiera del Banco Mundial (BM), Maritza Rodr\u00edguez; la representante Residente Adjunta del PNUD, Mar\u00eda Lucana Mermet; la Oficial del Programa de Gobernabilidad Democr\u00e1tica del PNUD, Angie Berg\u00e9s, entre otros.<\/p>\n<\/p>\n<h6> 2016-01-27 09:26:37 <\/h6>\n<p><!--\n<link rel=\"stylesheet\" href=\"css\/bootstrap.min.css\">\n\n\n<ul class=\"pagination\">\n\t    \n\t\n\n<li >\n\t<a href='?page_no=13896'>Previous<\/a>\n\t<\/li>\n\n\n       \n    \n\n<li><a href='?page_no=1'>1<\/a><\/li>\n\n\n\n<li><a href='?page_no=2'>2<\/a><\/li>\n\n\n\n<li><a>...<\/a><\/li>\n\n\n\n<li><a href='?page_no=13895'>13895<\/a><\/li>\n\n\n\n<li><a href='?page_no=13896'>13896<\/a><\/li>\n\n\n\n<li class='active'><a>13897<\/a><\/li>\n\n\n\n<li><a href='?page_no=13898'>13898<\/a><\/li>\n\n\n\n<li><a href='?page_no=13899'>13899<\/a><\/li>\n\n\n\n<li><a>...<\/a><\/li>\n\n\n\n<li><a href='?page_no=56169'>56169<\/a><\/li>\n\n\n\n<li><a href='?page_no=56170'>56170<\/a><\/li>\n\n    \n\t\n\n<li >\n\t<a href='?page_no=13898'>Next<\/a>\n\t<\/li>\n\n\n    \n\n<li><a href='?page_no=56170'>Last &rsaquo;&rsaquo;<\/a><\/li>\n\n<\/ul>\n\n\n--><br \/>\n<\/body><\/p>\n","protected":false},"excerpt":{"rendered":"<p>Santo Domingo RD 27 enero.- El Pleno de miembros de la C\u00e1mara de Cuentas de la Rep\u00fablica Dominicana (CCRD) har\u00e1 este jueves un reconocimiento al representante del Programa de las Naciones Unidas para el Desarrollo (PNUD) en el pa\u00eds, Lorenzo Jim\u00e9nez de Luis, y al Embajador y Jefe de la delegaci\u00f3n de la Uni\u00f3n Europea [&hellip;]<\/p>\n","protected":false},"author":3,"featured_media":0,"comment_status":"open","ping_status":"open","sticky":false,"template":"","format":"standard","meta":{"footnotes":""},"categories":[20],"tags":[],"class_list":["post-219589","post","type-post","status-publish","format-standard","hentry","category-dominicana-hoy"],"_links":{"self":[{"href":"https:\/\/diariodominicano.com\/index.php?rest_route=\/wp\/v2\/posts\/219589","targetHints":{"allow":["GET"]}}],"collection":[{"href":"https:\/\/diariodominicano.com\/index.php?rest_route=\/wp\/v2\/posts"}],"about":[{"href":"https:\/\/diariodominicano.com\/index.php?rest_route=\/wp\/v2\/types\/post"}],"author":[{"embeddable":true,"href":"https:\/\/diariodominicano.com\/index.php?rest_route=\/wp\/v2\/users\/3"}],"replies":[{"embeddable":true,"href":"https:\/\/diariodominicano.com\/index.php?rest_route=%2Fwp%2Fv2%2Fcomments&post=219589"}],"version-history":[{"count":0,"href":"https:\/\/diariodominicano.com\/index.php?rest_route=\/wp\/v2\/posts\/219589\/revisions"}],"wp:attachment":[{"href":"https:\/\/diariodominicano.com\/index.php?rest_route=%2Fwp%2Fv2%2Fmedia&parent=219589"}],"wp:term":[{"taxonomy":"category","embeddable":true,"href":"https:\/\/diariodominicano.com\/index.php?rest_route=%2Fwp%2Fv2%2Fcategories&post=219589"},{"taxonomy":"post_tag","embeddable":true,"href":"https:\/\/diariodominicano.com\/index.php?rest_route=%2Fwp%2Fv2%2Ftags&post=219589"}],"curies":[{"name":"wp","href":"https:\/\/api.w.org\/{rel}","templated":true}]}}