{"id":219588,"date":"2016-01-27T11:26:50","date_gmt":"2016-01-27T11:26:50","guid":{"rendered":"http:\/\/diariodominicano.ddns.net\/?p=219588"},"modified":"2016-01-27T11:26:50","modified_gmt":"2016-01-27T11:26:50","slug":"embajador-de-taiwan-dice-caid-son-ejemplos-para-la-region","status":"publish","type":"post","link":"https:\/\/diariodominicano.com\/?p=219588","title":{"rendered":"Embajador de Taiw\u00e1n dice CAID son ejemplos para la regi\u00f3n"},"content":{"rendered":"<p><body><\/p>\n<p><img decoding=\"async\" src=\"img3\/miran 1.jpg\" \/><br \/><img decoding=\"async\" src=\"img3\/mejo 1.jpg\" \/><br \/><img decoding=\"async\" src=\"img3\/cai 27.jpg\" \/>  <\/p>\n<p>San Juan de la Maguana RD 27 enero.- El embajador de la Rep\u00fablica China de Taiw\u00e1n en el pa\u00eds, Valentino Ji Zen Tang, manifest\u00f3 aqu\u00ed que su gobierno seguir\u00e1 apoyando los Centros de Atenci\u00f3n Integral para la Discapacidad (CAID), que construye el Despacho de la Primera Dama.<\/p>\n<\/p>\n<p>El diplom\u00e1tico proclam\u00f3 que los CAID, dos de los cuales ya funcionan en Santo Domingo y Santiago, constituyen un ejemplo para toda la regi\u00f3n del Caribe y Centroam\u00e9rica.<\/p>\n<\/p>\n<p>Recorrido por CAID-San Juan<\/p>\n<\/p>\n<p>El representante del gobierno de China Taiw\u00e1n se expres\u00f3 en esos t\u00e9rminos al acompa\u00f1ar a la Primera Dama, C\u00e1ndida Montilla de Medina, en un recorrido para supervisar el avance de los trabajos del CAID en esta provincia.<\/p>\n<\/p>\n<p><strong>Tercer centro para la discapacidad<\/strong><\/p>\n<\/p>\n<p>Esta obra, la tercera de este tipo que construye el gobierno del presidente Danilo Medina, a trav\u00e9s del Despacho de la Primera Dama, est\u00e1 en su etapa final y ser\u00e1 inaugurado en los pr\u00f3ximos d\u00edas.<\/p>\n<\/p>\n<p>Ji Zen Tang expres\u00f3 el orgullo de su gobierno por la contribuci\u00f3n que hace en Rep\u00fablica Dominicana a la materializaci\u00f3n del sue\u00f1o de la Primera Dama de establecer en todas las regiones del pa\u00eds un Centro de Atenci\u00f3n Integral para la Discapacidad, para beneficio de los ni\u00f1os y ni\u00f1as con habilidades especiales y sus familias.<\/p>\n<p><strong> <\/strong><\/p>\n<p><strong>\u00abAhora le toca a San Juan de la Maguana\u00bb<\/strong><\/p>\n<\/p>\n<p>\u00abEsta obra es significativa, no solo para Rep\u00fablica Dominicana, sino tambi\u00e9n para el gobierno de Taiw\u00e1n que tiene una participaci\u00f3n conjunta en la construcci\u00f3n de estos centros\u00bb, expuso el embajador taiwan\u00e9s.<\/p>\n<\/p>\n<p>\u00abCreo que todo el pueblo dominicano ya sabe de los proyectos del CAID que ejecuta la Primera Dama, que son todo un \u00e9xito <\/p>\n<p>donde ya funcionan en Santo Domingo y Santiago y, ahora le toca a San Juan de la Maguana, la tierra del se\u00f1or presidente (Danilo Medina)\u00bb, a\u00f1adi\u00f3.<\/p>\n<\/p>\n<p><strong>Taiw\u00e1n extender\u00eda cooperaci\u00f3n<\/strong><\/p>\n<\/p>\n<p>Expres\u00f3 que este es un proyecto que en un futuro podr\u00eda mostrar a otros pa\u00edses aliados de Taiw\u00e1n y extender hacia ellos este tipo de cooperaci\u00f3n.<\/p>\n<\/p>\n<p><strong>Despu\u00e9s de San Juan, otros dos CAID<\/strong><\/p>\n<\/p>\n<p>El CAID-San Juan, brindar\u00e1, como el de Santo Domingo Oeste y el de Santiago, atenci\u00f3n integral en la regi\u00f3n Sur a ni\u00f1os y ni\u00f1as de cero a diez a\u00f1os de edad, con Trastornos del Espectro Autista, S\u00edndrome de Down y Par\u00e1lisis Cerebral.<\/p>\n<\/p>\n<p>La Primera Dama, C\u00e1ndida Montilla de Medina, continuar\u00e1 la construcci\u00f3n del CAID en Santo Domingo Este y San Pedro de Macor\u00eds, para completar la oferta de cinco centros prometidos desde que asumi\u00f3 el Despacho.<\/p>\n<\/p>\n<p>En el recorrido de supervisi\u00f3n de la obra, adem\u00e1s del embajador de Taiw\u00e1n, Valentino Ji Zen Tang, Montilla de Medina estuvo acompa\u00f1ada por el director del CAID-San Juan, Fausto Mart\u00ednez.<\/p>\n<\/p>\n<h6> 2016-01-27 11:26:50 <\/h6>\n<p><!--\n<link rel=\"stylesheet\" href=\"css\/bootstrap.min.css\">\n\n\n<ul class=\"pagination\">\n\t    \n\t\n\n<li >\n\t<a href='?page_no=13895'>Previous<\/a>\n\t<\/li>\n\n\n       \n    \n\n<li><a href='?page_no=1'>1<\/a><\/li>\n\n\n\n<li><a href='?page_no=2'>2<\/a><\/li>\n\n\n\n<li><a>...<\/a><\/li>\n\n\n\n<li><a href='?page_no=13894'>13894<\/a><\/li>\n\n\n\n<li><a href='?page_no=13895'>13895<\/a><\/li>\n\n\n\n<li class='active'><a>13896<\/a><\/li>\n\n\n\n<li><a href='?page_no=13897'>13897<\/a><\/li>\n\n\n\n<li><a href='?page_no=13898'>13898<\/a><\/li>\n\n\n\n<li><a>...<\/a><\/li>\n\n\n\n<li><a href='?page_no=56169'>56169<\/a><\/li>\n\n\n\n<li><a href='?page_no=56170'>56170<\/a><\/li>\n\n    \n\t\n\n<li >\n\t<a href='?page_no=13897'>Next<\/a>\n\t<\/li>\n\n\n    \n\n<li><a href='?page_no=56170'>Last &rsaquo;&rsaquo;<\/a><\/li>\n\n<\/ul>\n\n\n--><br \/>\n<\/body><\/p>\n","protected":false},"excerpt":{"rendered":"<p>San Juan de la Maguana RD 27 enero.- El embajador de la Rep\u00fablica China de Taiw\u00e1n en el pa\u00eds, Valentino Ji Zen Tang, manifest\u00f3 aqu\u00ed que su gobierno seguir\u00e1 apoyando los Centros de Atenci\u00f3n Integral para la Discapacidad (CAID), que construye el Despacho de la Primera Dama. El diplom\u00e1tico proclam\u00f3 que los CAID, dos de [&hellip;]<\/p>\n","protected":false},"author":3,"featured_media":0,"comment_status":"open","ping_status":"open","sticky":false,"template":"","format":"standard","meta":{"footnotes":""},"categories":[20],"tags":[],"class_list":["post-219588","post","type-post","status-publish","format-standard","hentry","category-dominicana-hoy"],"_links":{"self":[{"href":"https:\/\/diariodominicano.com\/index.php?rest_route=\/wp\/v2\/posts\/219588","targetHints":{"allow":["GET"]}}],"collection":[{"href":"https:\/\/diariodominicano.com\/index.php?rest_route=\/wp\/v2\/posts"}],"about":[{"href":"https:\/\/diariodominicano.com\/index.php?rest_route=\/wp\/v2\/types\/post"}],"author":[{"embeddable":true,"href":"https:\/\/diariodominicano.com\/index.php?rest_route=\/wp\/v2\/users\/3"}],"replies":[{"embeddable":true,"href":"https:\/\/diariodominicano.com\/index.php?rest_route=%2Fwp%2Fv2%2Fcomments&post=219588"}],"version-history":[{"count":0,"href":"https:\/\/diariodominicano.com\/index.php?rest_route=\/wp\/v2\/posts\/219588\/revisions"}],"wp:attachment":[{"href":"https:\/\/diariodominicano.com\/index.php?rest_route=%2Fwp%2Fv2%2Fmedia&parent=219588"}],"wp:term":[{"taxonomy":"category","embeddable":true,"href":"https:\/\/diariodominicano.com\/index.php?rest_route=%2Fwp%2Fv2%2Fcategories&post=219588"},{"taxonomy":"post_tag","embeddable":true,"href":"https:\/\/diariodominicano.com\/index.php?rest_route=%2Fwp%2Fv2%2Ftags&post=219588"}],"curies":[{"name":"wp","href":"https:\/\/api.w.org\/{rel}","templated":true}]}}