{"id":219587,"date":"2016-01-27T12:52:18","date_gmt":"2016-01-27T12:52:18","guid":{"rendered":"http:\/\/diariodominicano.ddns.net\/?p=219587"},"modified":"2016-01-27T12:52:18","modified_gmt":"2016-01-27T12:52:18","slug":"inician-preparativos-para-acto-de-rendicion-de-cuentas-del-presidente-de-la-republica","status":"publish","type":"post","link":"https:\/\/diariodominicano.com\/?p=219587","title":{"rendered":"Inician preparativos para acto de rendici\u00f3n de cuentas del Presidente de la Rep\u00fablica"},"content":{"rendered":"<p><body><\/p>\n<p><img decoding=\"async\" src=\"img3\/rendicion 1.jpg\" \/><br \/><img decoding=\"async\" src=\"img3\/congreso 1.jpg\" \/>  <\/p>\n<p>Santo Domingo RD 27 enero.-  El Congreso Nacional inici\u00f3 los preparativos para los actos solemnes que se celebrar\u00e1n el  pr\u00f3ximo 27 de febrero, fecha en que se conmemora el 172 aniversario de la Independencia Nacional  y donde el Presidente de la Rep\u00fablica, licenciado Danilo Medina  rinde cuentas de su gesti\u00f3n de gobierno.<\/p>\n<\/p>\n<p>Los trabajos en la sede del Poder Legislativo  se iniciaron con una reuni\u00f3n bicameral  encabezada por la presidenta del Senado Cristina Lizardo y los funcionarios  encargados de seguridad, de la administraci\u00f3n, y los departamentos de prensa y de protocolo.<\/p>\n<\/p>\n<p>Los planes para los actos de rendici\u00f3n de cuentas  del presidente Danilo Medina, contemplan el reforzamiento de la seguridad, el remozamiento  de las diferentes  \u00e1reas del Congreso Nacional,  la acreditaci\u00f3n del personal de prensa nacional e internacional que dar\u00e1 cobertura.<\/p>\n<\/p>\n<p>Tambi\u00e9n  el proceso de invitaciones a los funcionarios civiles y militares y de los organismos aut\u00f3nomos y descentralizados del Gobierno; a los miembros de Cuerpo Diplom\u00e1tico acreditado en el pa\u00eds, empresarios y representantes de las iglesias.<\/p>\n<\/p>\n<\/p>\n<\/p>\n<h6> 2016-01-27 12:52:18 <\/h6>\n<p><!--\n<link rel=\"stylesheet\" href=\"css\/bootstrap.min.css\">\n\n\n<ul class=\"pagination\">\n\t    \n\t\n\n<li >\n\t<a href='?page_no=13894'>Previous<\/a>\n\t<\/li>\n\n\n       \n    \n\n<li><a href='?page_no=1'>1<\/a><\/li>\n\n\n\n<li><a href='?page_no=2'>2<\/a><\/li>\n\n\n\n<li><a>...<\/a><\/li>\n\n\n\n<li><a href='?page_no=13893'>13893<\/a><\/li>\n\n\n\n<li><a href='?page_no=13894'>13894<\/a><\/li>\n\n\n\n<li class='active'><a>13895<\/a><\/li>\n\n\n\n<li><a href='?page_no=13896'>13896<\/a><\/li>\n\n\n\n<li><a href='?page_no=13897'>13897<\/a><\/li>\n\n\n\n<li><a>...<\/a><\/li>\n\n\n\n<li><a href='?page_no=56169'>56169<\/a><\/li>\n\n\n\n<li><a href='?page_no=56170'>56170<\/a><\/li>\n\n    \n\t\n\n<li >\n\t<a href='?page_no=13896'>Next<\/a>\n\t<\/li>\n\n\n    \n\n<li><a href='?page_no=56170'>Last &rsaquo;&rsaquo;<\/a><\/li>\n\n<\/ul>\n\n\n--><br \/>\n<\/body><\/p>\n","protected":false},"excerpt":{"rendered":"<p>Santo Domingo RD 27 enero.- El Congreso Nacional inici\u00f3 los preparativos para los actos solemnes que se celebrar\u00e1n el pr\u00f3ximo 27 de febrero, fecha en que se conmemora el 172 aniversario de la Independencia Nacional y donde el Presidente de la Rep\u00fablica, licenciado Danilo Medina rinde cuentas de su gesti\u00f3n de gobierno. Los trabajos en [&hellip;]<\/p>\n","protected":false},"author":3,"featured_media":0,"comment_status":"open","ping_status":"open","sticky":false,"template":"","format":"standard","meta":{"footnotes":""},"categories":[20],"tags":[],"class_list":["post-219587","post","type-post","status-publish","format-standard","hentry","category-dominicana-hoy"],"_links":{"self":[{"href":"https:\/\/diariodominicano.com\/index.php?rest_route=\/wp\/v2\/posts\/219587","targetHints":{"allow":["GET"]}}],"collection":[{"href":"https:\/\/diariodominicano.com\/index.php?rest_route=\/wp\/v2\/posts"}],"about":[{"href":"https:\/\/diariodominicano.com\/index.php?rest_route=\/wp\/v2\/types\/post"}],"author":[{"embeddable":true,"href":"https:\/\/diariodominicano.com\/index.php?rest_route=\/wp\/v2\/users\/3"}],"replies":[{"embeddable":true,"href":"https:\/\/diariodominicano.com\/index.php?rest_route=%2Fwp%2Fv2%2Fcomments&post=219587"}],"version-history":[{"count":0,"href":"https:\/\/diariodominicano.com\/index.php?rest_route=\/wp\/v2\/posts\/219587\/revisions"}],"wp:attachment":[{"href":"https:\/\/diariodominicano.com\/index.php?rest_route=%2Fwp%2Fv2%2Fmedia&parent=219587"}],"wp:term":[{"taxonomy":"category","embeddable":true,"href":"https:\/\/diariodominicano.com\/index.php?rest_route=%2Fwp%2Fv2%2Fcategories&post=219587"},{"taxonomy":"post_tag","embeddable":true,"href":"https:\/\/diariodominicano.com\/index.php?rest_route=%2Fwp%2Fv2%2Ftags&post=219587"}],"curies":[{"name":"wp","href":"https:\/\/api.w.org\/{rel}","templated":true}]}}