{"id":219585,"date":"2016-01-27T13:21:30","date_gmt":"2016-01-27T13:21:30","guid":{"rendered":"http:\/\/diariodominicano.ddns.net\/?p=219585"},"modified":"2016-01-27T13:21:30","modified_gmt":"2016-01-27T13:21:30","slug":"el-asde-se-suma-a-la-jornada-nacional-contra-el-zica-virus","status":"publish","type":"post","link":"https:\/\/diariodominicano.com\/?p=219585","title":{"rendered":"El ASDE se suma a la Jornada Nacional Contra el Zica Virus:"},"content":{"rendered":"<p><body><\/p>\n<p><img decoding=\"async\" src=\"img3\/zika 1.jpg\" \/>  <\/p>\n<p>Santo Domingo Este RD 27 enero.-La alcaldesa Jeannette Medina acogiendo el llamado del presidente Danilo Medina, encabezar\u00e1 este fin de semana una jornada contra el zica virus, y para ello instruy\u00f3 a todo el personal del cabildo integrarse de forma activa en todos los sectores que conforman el municipio Santo Domingo Este para prevenir y contrarrestar esta enfermedad.<\/p>\n<\/p>\n<p>La jornada iniciar\u00e1 el pr\u00f3ximo viernes a las 9:00 de la ma\u00f1ana partiendo de la Iglesia San Vicente de Paul ubicada en la avenida de ese mismo nombre esquina Santa Luisa de Marillac  en Los Mina, con la participaci\u00f3n de todo el personal de las direcciones de Limpieza y Medio Ambiente del ASDE, y la colaboraci\u00f3n de los Cuerpos Castrenses, la Polic\u00eda Nacional, Salud P\u00fablica, los Comedores Econ\u00f3micos y Defensa Civil.<\/p>\n<\/p>\n<p>De acuerdo a Jeannette Medina, quien ha encabezado varias reuniones con las instituciones involucradas y empleados del ASDE, en este operativo que se  realizar\u00e1 hasta abarcar todos los sectores del Municipio, se desarrollar\u00e1 una exhaustiva de recogida de basura, fumigaci\u00f3n y retiro de chatarras y otros objetos que puedan acumular agua.  Adem\u00e1s se les entregar\u00e1 a los comunitarios volantes instructivos de c\u00f3mo prevenir y enfrentar el Zica Virus.<\/p>\n<\/p>\n<p>Medina hizo un llamado a toda la municipalidad a que se una al trabajo que realiza el Ministerio de Salud P\u00fablica, el ASDE, y dem\u00e1s instituciones del Gobierno Central en todo el pa\u00eds para detener el virus de esa enfermedad.<\/p>\n<\/p>\n<p>La Alcaldesa se\u00f1al\u00f3 que para esta jornada de prevenci\u00f3n y Movilizaci\u00f3n Comunitaria, el ASDE dispondr\u00e1 de cientos de obreros, equipos mec\u00e1nicos para retirar las chatarras y otros objetos que sirvan de criaderos de mosquitos y otro tipo de herramientas que se requieran.<\/p>\n<\/p>\n<h6> 2016-01-27 13:21:30 <\/h6>\n<p><!--\n<link rel=\"stylesheet\" href=\"css\/bootstrap.min.css\">\n\n\n<ul class=\"pagination\">\n\t    \n\t\n\n<li >\n\t<a href='?page_no=13892'>Previous<\/a>\n\t<\/li>\n\n\n       \n    \n\n<li><a href='?page_no=1'>1<\/a><\/li>\n\n\n\n<li><a href='?page_no=2'>2<\/a><\/li>\n\n\n\n<li><a>...<\/a><\/li>\n\n\n\n<li><a href='?page_no=13891'>13891<\/a><\/li>\n\n\n\n<li><a href='?page_no=13892'>13892<\/a><\/li>\n\n\n\n<li class='active'><a>13893<\/a><\/li>\n\n\n\n<li><a href='?page_no=13894'>13894<\/a><\/li>\n\n\n\n<li><a href='?page_no=13895'>13895<\/a><\/li>\n\n\n\n<li><a>...<\/a><\/li>\n\n\n\n<li><a href='?page_no=56169'>56169<\/a><\/li>\n\n\n\n<li><a href='?page_no=56170'>56170<\/a><\/li>\n\n    \n\t\n\n<li >\n\t<a href='?page_no=13894'>Next<\/a>\n\t<\/li>\n\n\n    \n\n<li><a href='?page_no=56170'>Last &rsaquo;&rsaquo;<\/a><\/li>\n\n<\/ul>\n\n\n--><br \/>\n<\/body><\/p>\n","protected":false},"excerpt":{"rendered":"<p>Santo Domingo Este RD 27 enero.-La alcaldesa Jeannette Medina acogiendo el llamado del presidente Danilo Medina, encabezar\u00e1 este fin de semana una jornada contra el zica virus, y para ello instruy\u00f3 a todo el personal del cabildo integrarse de forma activa en todos los sectores que conforman el municipio Santo Domingo Este para prevenir y [&hellip;]<\/p>\n","protected":false},"author":3,"featured_media":0,"comment_status":"open","ping_status":"open","sticky":false,"template":"","format":"standard","meta":{"footnotes":""},"categories":[20],"tags":[],"class_list":["post-219585","post","type-post","status-publish","format-standard","hentry","category-dominicana-hoy"],"_links":{"self":[{"href":"https:\/\/diariodominicano.com\/index.php?rest_route=\/wp\/v2\/posts\/219585","targetHints":{"allow":["GET"]}}],"collection":[{"href":"https:\/\/diariodominicano.com\/index.php?rest_route=\/wp\/v2\/posts"}],"about":[{"href":"https:\/\/diariodominicano.com\/index.php?rest_route=\/wp\/v2\/types\/post"}],"author":[{"embeddable":true,"href":"https:\/\/diariodominicano.com\/index.php?rest_route=\/wp\/v2\/users\/3"}],"replies":[{"embeddable":true,"href":"https:\/\/diariodominicano.com\/index.php?rest_route=%2Fwp%2Fv2%2Fcomments&post=219585"}],"version-history":[{"count":0,"href":"https:\/\/diariodominicano.com\/index.php?rest_route=\/wp\/v2\/posts\/219585\/revisions"}],"wp:attachment":[{"href":"https:\/\/diariodominicano.com\/index.php?rest_route=%2Fwp%2Fv2%2Fmedia&parent=219585"}],"wp:term":[{"taxonomy":"category","embeddable":true,"href":"https:\/\/diariodominicano.com\/index.php?rest_route=%2Fwp%2Fv2%2Fcategories&post=219585"},{"taxonomy":"post_tag","embeddable":true,"href":"https:\/\/diariodominicano.com\/index.php?rest_route=%2Fwp%2Fv2%2Ftags&post=219585"}],"curies":[{"name":"wp","href":"https:\/\/api.w.org\/{rel}","templated":true}]}}