{"id":219583,"date":"2016-01-27T14:29:16","date_gmt":"2016-01-27T14:29:16","guid":{"rendered":"http:\/\/diariodominicano.ddns.net\/?p=219583"},"modified":"2016-01-27T14:29:16","modified_gmt":"2016-01-27T14:29:16","slug":"pedro-luis-castellanos-afirma-gobierno-protege-salud-del-99-de-poblacion-pobre","status":"publish","type":"post","link":"https:\/\/diariodominicano.com\/?p=219583","title":{"rendered":"Pedro Luis Castellanos afirma Gobierno protege salud del 99% de poblaci\u00f3n pobre"},"content":{"rendered":"<p><body><\/p>\n<p><img decoding=\"async\" src=\"img3\/protege.jpg\" \/>  <\/p>\n<p><span class=\"text1noticias\">Santo Domingo, RD, 27 de enero.-La salud del 99% de la poblaci\u00f3n empobrecida est\u00e1 protegida por el Estado, asegur\u00f3 hoy, Pedro Luis Castellanos, superintendente de Salud y Riesgos Laborales.<\/span><\/p>\n<\/p>\n<p><span class=\"text1noticias\">\u00abEl Seguro Nacional de Salud (SeNaSa) ha logrado incorporar casi la totalidad de las familias empobrecidas del pa\u00eds al r\u00e9gimen subsidiario de salud. S\u00f3lo falta consolidar ese \u00e9xito que ha obtenido la Rep\u00fablica Dominicana en los \u00faltimos tres a\u00f1os\u00bb, inform\u00f3.<\/span><\/p>\n<\/p>\n<p><span class=\"text1noticias\">El superintendente de Salud y Riesgo Laborales, emiti\u00f3 estas declaraciones durante su participaci\u00f3n como invitado en el matutino Ojal\u00e1 que se transmite de lunes a viernes por el canal 4RD, de Radio-Televisi\u00f3n Dominicana.<\/span><\/p>\n<\/p>\n<p><strong><span class=\"text1noticias\">R\u00e9gimen Contributivo crece<\/span><\/strong><\/p>\n<\/p>\n<p><span class=\"text1noticias\">Explic\u00f3, adem\u00e1s, que el R\u00e9gimen Contributivo de salud tambi\u00e9n est\u00e1 creciendo en el pa\u00eds y que el 88% de la poblaci\u00f3n asalariada pertenece al R\u00e9gimen Contributivo de Salud.<\/span><\/p>\n<\/p>\n<p><span class=\"text1noticias\">Dijo que eso evidencia que el empleo formal est\u00e1 aumentando en la Rep\u00fablica Dominicana, ya que el a\u00f1o pasado se registraron 20,000 nuevos inscritos por mes.<\/span><\/p>\n<\/p>\n<p><strong><span class=\"text1noticias\">Crecimiento de empleos se refleja <\/span><\/strong><\/p>\n<\/p>\n<p><span class=\"text1noticias\">\u00abEs decir, que el \u00e9xito que ha tenido el gobierno del presidente Danilo Medina de generar m\u00e1s de 40,000 trabajos dignos en cuatro a\u00f1os, se est\u00e1 reflejando mes por mes en el r\u00e9gimen contributivo\u00bb, agreg\u00f3 Castellanos. <\/span><\/p>\n<\/p>\n<p><span class=\"text1noticias\">Destac\u00f3 el Superintendente de Salud y Riesgos Laborales, que el 12%que no se encuentra en el R\u00e9gimen Contributivo pertenece a peque\u00f1as y medianas empresas que no han registrado sus empleados.<\/span><\/p>\n<\/p>\n<p><span class=\"text1noticias\">Indic\u00f3 que actualmente se hacen esfuerzos para encontrar f\u00f3rmulas que permitan que, sobre todo, las peque\u00f1as empresas se puedan afiliar sin que represente un riesgo de quiebra para sus negocios.<\/span><\/p>\n<\/p>\n<p><span class=\"text1noticias\">El superintendente consider\u00f3 que la gran parte de los que no est\u00e1n asegurados son trabajadores independientes.<\/span><\/p>\n<p><span class=\"text1noticias\"><strong>Meta 2016: inicio del R\u00e9gimen Contributivo Subsidiado<\/strong><\/span><\/p>\n<\/p>\n<p><span class=\"text1noticias\">Pedro Luis Castellanos revel\u00f3 que una de las metas para este 2016 es lograr que inicie el R\u00e9gimen Contributivo Subsidiado. Esta meta fue calificada por el m\u00e9dico como una prioridad para el sistema.<\/span><\/p>\n<\/p>\n<p><span class=\"text1noticias\">El superintendente de Salud estima que en el futuro cercano la cobertura ser\u00e1 universal. \u00abS\u00f3lo bastar\u00e1 con el n\u00famero de c\u00e9dula del ciudadano para saber a qu\u00e9 Administradora de Riesgos de Salud pertenece\u00bb, sentenci\u00f3 el doctor.  <\/span><\/p>\n<\/p>\n<p><strong><span class=\"text1noticias\">Avance en salud es notorio<\/span><\/strong><\/p>\n<\/p>\n<p><span class=\"text1noticias\">Dijo que el avance que ha alcanzado el pa\u00eds en los \u00faltimos a\u00f1os en materia de salud ha sido notorio. El hecho de que se haya podido aumentar la cobertura de medicamentos de tres a 8,000 pesos, es un alivio para las familias dominicanas.<\/span><\/p>\n<\/p>\n<p><strong><span class=\"text1noticias\">Logros del gobierno de Danilo Medina<\/span><\/strong><\/p>\n<\/p>\n<p><span class=\"text1noticias\">Castellanos manifest\u00f3 que la incorporaci\u00f3n de los agentes de polic\u00eda al R\u00e9gimen Contributivo de Salud y al Subsidiado, los estudiantes de la Jornada Escolar Extendida, de las estancias infantiles y los envejecientes desprotegidos, son logros del sistema y del gobierno del presidente Danilo Medina<\/span>. <\/p>\n<h6> 2016-01-27 14:29:16 <\/h6>\n<p><!--\n<link rel=\"stylesheet\" href=\"css\/bootstrap.min.css\">\n\n\n<ul class=\"pagination\">\n\t    \n\t\n\n<li >\n\t<a href='?page_no=13890'>Previous<\/a>\n\t<\/li>\n\n\n       \n    \n\n<li><a href='?page_no=1'>1<\/a><\/li>\n\n\n\n<li><a href='?page_no=2'>2<\/a><\/li>\n\n\n\n<li><a>...<\/a><\/li>\n\n\n\n<li><a href='?page_no=13889'>13889<\/a><\/li>\n\n\n\n<li><a href='?page_no=13890'>13890<\/a><\/li>\n\n\n\n<li class='active'><a>13891<\/a><\/li>\n\n\n\n<li><a href='?page_no=13892'>13892<\/a><\/li>\n\n\n\n<li><a href='?page_no=13893'>13893<\/a><\/li>\n\n\n\n<li><a>...<\/a><\/li>\n\n\n\n<li><a href='?page_no=56169'>56169<\/a><\/li>\n\n\n\n<li><a href='?page_no=56170'>56170<\/a><\/li>\n\n    \n\t\n\n<li >\n\t<a href='?page_no=13892'>Next<\/a>\n\t<\/li>\n\n\n    \n\n<li><a href='?page_no=56170'>Last &rsaquo;&rsaquo;<\/a><\/li>\n\n<\/ul>\n\n\n--><br \/>\n<\/body><\/p>\n","protected":false},"excerpt":{"rendered":"<p>Santo Domingo, RD, 27 de enero.-La salud del 99% de la poblaci\u00f3n empobrecida est\u00e1 protegida por el Estado, asegur\u00f3 hoy, Pedro Luis Castellanos, superintendente de Salud y Riesgos Laborales. \u00abEl Seguro Nacional de Salud (SeNaSa) ha logrado incorporar casi la totalidad de las familias empobrecidas del pa\u00eds al r\u00e9gimen subsidiario de salud. S\u00f3lo falta consolidar [&hellip;]<\/p>\n","protected":false},"author":3,"featured_media":0,"comment_status":"open","ping_status":"open","sticky":false,"template":"","format":"standard","meta":{"footnotes":""},"categories":[20],"tags":[],"class_list":["post-219583","post","type-post","status-publish","format-standard","hentry","category-dominicana-hoy"],"_links":{"self":[{"href":"https:\/\/diariodominicano.com\/index.php?rest_route=\/wp\/v2\/posts\/219583","targetHints":{"allow":["GET"]}}],"collection":[{"href":"https:\/\/diariodominicano.com\/index.php?rest_route=\/wp\/v2\/posts"}],"about":[{"href":"https:\/\/diariodominicano.com\/index.php?rest_route=\/wp\/v2\/types\/post"}],"author":[{"embeddable":true,"href":"https:\/\/diariodominicano.com\/index.php?rest_route=\/wp\/v2\/users\/3"}],"replies":[{"embeddable":true,"href":"https:\/\/diariodominicano.com\/index.php?rest_route=%2Fwp%2Fv2%2Fcomments&post=219583"}],"version-history":[{"count":0,"href":"https:\/\/diariodominicano.com\/index.php?rest_route=\/wp\/v2\/posts\/219583\/revisions"}],"wp:attachment":[{"href":"https:\/\/diariodominicano.com\/index.php?rest_route=%2Fwp%2Fv2%2Fmedia&parent=219583"}],"wp:term":[{"taxonomy":"category","embeddable":true,"href":"https:\/\/diariodominicano.com\/index.php?rest_route=%2Fwp%2Fv2%2Fcategories&post=219583"},{"taxonomy":"post_tag","embeddable":true,"href":"https:\/\/diariodominicano.com\/index.php?rest_route=%2Fwp%2Fv2%2Ftags&post=219583"}],"curies":[{"name":"wp","href":"https:\/\/api.w.org\/{rel}","templated":true}]}}