{"id":219582,"date":"2016-01-27T14:33:48","date_gmt":"2016-01-27T14:33:48","guid":{"rendered":"http:\/\/diariodominicano.ddns.net\/?p=219582"},"modified":"2016-01-27T14:33:48","modified_gmt":"2016-01-27T14:33:48","slug":"cancilleria-rd-se-encuentra-al-dia-en-la-onu","status":"publish","type":"post","link":"https:\/\/diariodominicano.com\/?p=219582","title":{"rendered":"&#13;Canciller\u00eda: RD se encuentra al dia en la ONU"},"content":{"rendered":"<p><body><\/p>\n<p><img decoding=\"async\" src=\"img3\/MIGUELMEDINA.jpg\" \/><br \/><img decoding=\"async\" src=\"img3\/altomandoprm.jpg\" \/>  <\/p>\n<p><span class=\"text1noticias\">QUITO, Ecuador, 27 de Enero.-El Ministerio de Relaciones Exteriores (MIREX) neg\u00f3 que la Rep\u00fablica Dominicana haya perdido el derecho a  voto ante la Asamblea General de la Organizaci\u00f3n de las Naciones Unidas (ONU) y las comisiones especializadas por supuesto impago de su cuota en el organismo regional como denunciara el opositor Partido Revolucionario Moderno (PRM).<\/span><\/p>\n<p><span class=\"text1noticias\"> <\/span><\/p>\n<p><span class=\"text1noticias\">El vocero de la Canciller\u00eda, Miguel Medina, aclar\u00f3 que el pa\u00eds mantiene su derecho a voto ante la ONU porque actualmente est\u00e1 al d\u00eda en su compromiso de cuota, con el pago recientemente realizado, seg\u00fan se puede confirmar en el Departamento de Cuotas del referido organismo multilateral.<\/span><\/p>\n<p><span class=\"text1noticias\"> <\/span><\/p>\n<p><span class=\"text1noticias\">\u00abLa Rep\u00fablica Dominicana esta tranquila y entusiasta en su trabajo presente y futuro como miembro de la ONU y de otros organismos regionales multilaterales, gracias a la gran visi\u00f3n que ha inyectado el presidente Danilo Medina con su nueva y revolucionaria pol\u00edtica exterior\u00bb, declar\u00f3 el vocero del MIREX a trav\u00e9s de un comunicado de prensa dado a conocer.<\/span><\/p>\n<p><span class=\"text1noticias\"> <\/span><\/p>\n<p><span class=\"text1noticias\">Miguel Medina precis\u00f3 que el pago de la cuota realizado por la Rep\u00fablica Dominicana deb\u00eda hacerse a final de a\u00f1o, lo cual fue materializado recientemente, as\u00ed mismo ratific\u00f3 el compromiso del Gobierno dominicano de seguir fortaleciendo la incidencia del pa\u00eds en  los foros internacionales, raz\u00f3n por la cual est\u00e1 asumiendo la Presidencia Pro t\u00e9mpore de la CELAC y la sede de la Asamblea Ordinaria de la OEA, durante el presente a\u00f1o.<\/span><\/p>\n<\/p>\n<p><strong><span class=\"text1noticias\">PRM revela la ONU suspende a la RD por falta de pago de sus cuotas<\/span><\/strong><\/p>\n<\/p>\n<p><span class=\"text1noticias\">De su lado, el partido Revolucionario Moderno (PRM) revel\u00f3 que la Rep\u00fablica Dominicana ha perdido el derecho al voto en la asamblea de Las Naciones Unidas (ONU) debido a que entr\u00f3 en mora por falta de pago de su cuota financiera correspondiente a por lo menos los \u00faltimos dos a\u00f1os.<\/span><\/p>\n<\/p>\n<p><span class=\"text1noticias\">La organizaci\u00f3n opositora manifest\u00f3 que ,mientras el Presidente Danilo Medina se encuentra en la ciudad de Quito, Ecuador, con motivo de la IV Cumbre de la Comunidad de Estados Latinoamericanos y Caribe\u00f1os (CELAC), donde asumir\u00e1 hoy 27 de enero la presidencia pro t\u00e9mpore de la CELAC a nombre de Rep\u00fablica Dominicana, la Organizaci\u00f3n de las Naciones Unidas (ONU) ha informado que nuestro pa\u00eds se encuentra en una lista de 15 Estados Miembros que han perdido el derecho al voto en la ONU por estar en mora en el pago de su cuota financiera para los gastos ordinarios de esa Organizaci\u00f3n.<\/span><\/p>\n<\/p>\n<p><span class=\"text1noticias\">Roberto \u00c1lvarez, encargado de asuntos internacionales del Comando de Campa\u00f1a del PRM, hablando en rueda de prensa, celebrada este mi\u00e9rcoles, en el local nacional de la organizaci\u00f3n asegur\u00f3 que \u00a8De acuerdo a la carta del Secretario General de la ONU, Ban Ki-moon, de 18 de enero de 2016 (A\/70\/722), dirigida al Presidente de la Asamblea General de esa Organizaci\u00f3n, el pago m\u00ednimo necesario para reducir la suma que adeuda Rep\u00fablica Dominicana por concepto del atraso, de modo que quede dicho monto por debajo del total de lo adeudado correspondiente \u00aba los dos a\u00f1os anteriores completos (2014 y 2015)\u00bb, es la suma de US$2,104,515.\u00bb<\/span><\/p>\n<\/p>\n<p><span class=\"text1noticias\">Seg\u00fan el PRM, esto quiere decir que el gobierno del presidente Danilo Medina tiene dos a\u00f1os sin haber pagado la cuota ordinaria del pa\u00eds con Naciones Unidas. No es la primera vez que esta bochornosa situaci\u00f3n ocurre bajo el gobierno de Medina: tambi\u00e9n perdimos el derecho al voto en marzo de 2013 por atrasos en nuestra contribuci\u00f3n. <\/span><\/p>\n<\/p>\n<p><span class=\"text1noticias\">\u00c1lvarez estuvo acompa\u00f1ado del licenciado Andres Bautista, presidente del PRM., de Roberto Fulcar, Director Nacional de Campa\u00f1a, Rafael B\u00e1ez P\u00e9rez, Secretario de asuntos internacionales y Julio Cordero, Subsecretario Nacional de Asuntos Internacionales.<\/span><\/p>\n<\/p>\n<p><span class=\"text1noticias\">\u00abTodo esto sucede a la vez que se invierten, con supuestos ahorros de la n\u00f3mina del servicio exterior, RD$400 millones de pesos en la construcci\u00f3n de un centro de convenciones y un parqueo soterrado en la sede del Ministerio de Relaciones Exteriores (MIREX) con motivo de los m\u00e1s de 20 eventos internacionales que la Canciller\u00eda ha informado se celebrar\u00e1n en el pa\u00eds en este a\u00f1o\u00bb. Afirma la organizaci\u00f3n opositora.<\/span><\/p>\n<\/p>\n<p><span class=\"text1noticias\">Afirma que, m\u00e1s aun, el propio Ministro de Relaciones Exteriores, Andr\u00e9s Navarro, inform\u00f3 que -para relanzar \u00abla ambiciosa agenda exterior prevista para este 2016\u00bb- el MIREX recibi\u00f3 US$11,000,000 extra del Presupuesto Nacional.<\/span><\/p>\n<\/p>\n<p><span class=\"text1noticias\">Considera que resulta totalmente incongruente que el gobierno de Medina pretenda montar una ambiciosa agenda internacional si no cumple con sus compromisos financieros elementales con el m\u00e1ximo \u00f3rgano universal. Las cuotas fijas de los organismos internacionales deben estar previstas de manera autom\u00e1tica en todo presupuesto de una Canciller\u00eda m\u00ednimamente organizada.<\/span><\/p>\n<\/p>\n<p><span class=\"text1noticias\">Lamenta que esta noticia que ha dado la vuelta al mundo, afectando de manera negativa la imagen del pa\u00eds, a tiempo que promete que en un futuro gobierno del Partido Revolucionario Moderno no permitir\u00e1 vuelva jam\u00e1s a repeti<\/span>r.<\/p>\n<h6> 2016-01-27 14:33:48 <\/h6>\n<p><!--\n<link rel=\"stylesheet\" href=\"css\/bootstrap.min.css\">\n\n\n<ul class=\"pagination\">\n\t    \n\t\n\n<li >\n\t<a href='?page_no=13889'>Previous<\/a>\n\t<\/li>\n\n\n       \n    \n\n<li><a href='?page_no=1'>1<\/a><\/li>\n\n\n\n<li><a href='?page_no=2'>2<\/a><\/li>\n\n\n\n<li><a>...<\/a><\/li>\n\n\n\n<li><a href='?page_no=13888'>13888<\/a><\/li>\n\n\n\n<li><a href='?page_no=13889'>13889<\/a><\/li>\n\n\n\n<li class='active'><a>13890<\/a><\/li>\n\n\n\n<li><a href='?page_no=13891'>13891<\/a><\/li>\n\n\n\n<li><a href='?page_no=13892'>13892<\/a><\/li>\n\n\n\n<li><a>...<\/a><\/li>\n\n\n\n<li><a href='?page_no=56169'>56169<\/a><\/li>\n\n\n\n<li><a href='?page_no=56170'>56170<\/a><\/li>\n\n    \n\t\n\n<li >\n\t<a href='?page_no=13891'>Next<\/a>\n\t<\/li>\n\n\n    \n\n<li><a href='?page_no=56170'>Last &rsaquo;&rsaquo;<\/a><\/li>\n\n<\/ul>\n\n\n--><br \/>\n<\/body><\/p>\n","protected":false},"excerpt":{"rendered":"<p>QUITO, Ecuador, 27 de Enero.-El Ministerio de Relaciones Exteriores (MIREX) neg\u00f3 que la Rep\u00fablica Dominicana haya perdido el derecho a voto ante la Asamblea General de la Organizaci\u00f3n de las Naciones Unidas (ONU) y las comisiones especializadas por supuesto impago de su cuota en el organismo regional como denunciara el opositor Partido Revolucionario Moderno (PRM). [&hellip;]<\/p>\n","protected":false},"author":3,"featured_media":0,"comment_status":"open","ping_status":"open","sticky":false,"template":"","format":"standard","meta":{"footnotes":""},"categories":[20],"tags":[],"class_list":["post-219582","post","type-post","status-publish","format-standard","hentry","category-dominicana-hoy"],"_links":{"self":[{"href":"https:\/\/diariodominicano.com\/index.php?rest_route=\/wp\/v2\/posts\/219582","targetHints":{"allow":["GET"]}}],"collection":[{"href":"https:\/\/diariodominicano.com\/index.php?rest_route=\/wp\/v2\/posts"}],"about":[{"href":"https:\/\/diariodominicano.com\/index.php?rest_route=\/wp\/v2\/types\/post"}],"author":[{"embeddable":true,"href":"https:\/\/diariodominicano.com\/index.php?rest_route=\/wp\/v2\/users\/3"}],"replies":[{"embeddable":true,"href":"https:\/\/diariodominicano.com\/index.php?rest_route=%2Fwp%2Fv2%2Fcomments&post=219582"}],"version-history":[{"count":0,"href":"https:\/\/diariodominicano.com\/index.php?rest_route=\/wp\/v2\/posts\/219582\/revisions"}],"wp:attachment":[{"href":"https:\/\/diariodominicano.com\/index.php?rest_route=%2Fwp%2Fv2%2Fmedia&parent=219582"}],"wp:term":[{"taxonomy":"category","embeddable":true,"href":"https:\/\/diariodominicano.com\/index.php?rest_route=%2Fwp%2Fv2%2Fcategories&post=219582"},{"taxonomy":"post_tag","embeddable":true,"href":"https:\/\/diariodominicano.com\/index.php?rest_route=%2Fwp%2Fv2%2Ftags&post=219582"}],"curies":[{"name":"wp","href":"https:\/\/api.w.org\/{rel}","templated":true}]}}