{"id":219580,"date":"2016-01-27T15:09:45","date_gmt":"2016-01-27T15:09:45","guid":{"rendered":"http:\/\/diariodominicano.ddns.net\/?p=219580"},"modified":"2016-01-27T15:09:45","modified_gmt":"2016-01-27T15:09:45","slug":"hipolito-mejia-destaca-trascendencia-humana-del-proyecto-integral-de-comunidad-la-barquita","status":"publish","type":"post","link":"https:\/\/diariodominicano.com\/?p=219580","title":{"rendered":"Hip\u00f3lito Mej\u00eda destaca trascendencia humana del Proyecto Integral de Comunidad La Barquita"},"content":{"rendered":"<p><body><\/p>\n<p><img decoding=\"async\" src=\"img3\/hipolitobarquita.jpg\" \/>  <\/p>\n<p><span class=\"text1noticias\">Santo Domingo, RD, 27 de Enero.-El expresidente Hip\u00f3lito Mej\u00eda resalt\u00f3 la trascendencia desde el punto de vista humano del Proyecto Integral de la Comunidad La Barquita, que el Gobierno construye en Santo Domingo Este, para dotar de viviendas a miles de familias desalojadas de zonas vulnerables de la ribera oriental de r\u00edo Ozama.<\/span><\/p>\n<\/p>\n<p><span class=\"text1noticias\">Destac\u00f3 los servicios b\u00e1sicos de calidad del complejo, como la educaci\u00f3n y la salud orientados a reducir la pobreza y la desigualdad social y territorial de la zona.<\/span><\/p>\n<\/p>\n<p><span class=\"text1noticias\">Mej\u00eda estim\u00f3 que ese tipo de proyecto por su alto contenido socioecon\u00f3mico deber\u00eda ser extrapolado a otras zonas del pa\u00eds, como parte de la pol\u00edtica del Gobierno de reducir los niveles de pobreza y marginalidad.<\/span><\/p>\n<\/p>\n<p><span class=\"text1noticias\">El exmandatario hizo la evaluaci\u00f3n del complejo tras recorrer sus instalaciones acompa\u00f1ados de varios ingenieros, quienes le ofrecieron amplias explicaciones t\u00e9cnicas y estructurales del del proyecto.<\/span><\/p>\n<\/p>\n<p><span class=\"text1noticias\">\u00abTengo la impresi\u00f3n que los resultados de aqu\u00ed que vamos a tener deber\u00edan ser extrapolados a muchas partes del pa\u00eds, porque se tras de una experiencia sumamente interesante, altamente profesional y humana, que es lo que m\u00e1s eval\u00fao\u00bb, a\u00f1adi\u00f3.<\/span><\/p>\n<\/p>\n<p><span class=\"text1noticias\">Dijo que otro aspecto que valora es el de la capacitaci\u00f3n integral, principalmente en lo relativo a la convivencia de los padres de las familias que residir\u00e1n all\u00ed.<\/span><\/p>\n<\/p>\n<p><span class=\"text1noticias\">\u00abLa  capacitaci\u00f3n sobre convivencia es otra de las parte importante de este proyecto, con m\u00e9todos modernos y cient\u00edficos. Es una iniciativa muy interesante para reducir la marginalidad humana de tantas personas que han venido de los campos a vivir en condiciones precarias a orillas del r\u00edo Ozama\u00bb, refiri\u00f3 Mej\u00eda.<\/span><\/p>\n<\/p>\n<p><span class=\"text1noticias\">Ponder\u00f3 la participaci\u00f3n desinteresada del sector privado. Hizo esta precisi\u00f3n en presencia del Jos\u00e9 Miguel Gonz\u00e1lez, que dirige  la construcci\u00f3n del complejo por disposici\u00f3n del presidente Danilo Medina.<\/span><\/p>\n<\/p>\n<p><span class=\"text1noticias\">\u00abEs muy valioso la integraci\u00f3n del sector privado en ese tipo de proyecto, es un gran paso y por eso siempre yo he entendido y he patrocinado su involucramiento en actividades que redundan en beneficio de todo, porque de esta manera se integra mucha gente al desarrollo humano \u00ab, dijo.<\/span><\/p>\n<\/p>\n<p><span class=\"text1noticias\">En lo que respecta al programa de capacitaci\u00f3n de las personas que residir\u00e1n en proyecto, antes de terminarse se han graduado mil 400 personas, cabezas de familias conformadas por unas 7 mil personas, explic\u00f3 Millet Joan, uno de los ingenieros de la obra.<\/span><\/p>\n<\/p>\n<p><span class=\"text1noticias\">El proyecto habitacional est\u00e1 en etapa final de construcci\u00f3n y est\u00e1 contemplado inaugurarse pr\u00f3ximamente. Con esta iniciativa el Gobierno dar\u00e1 soluci\u00f3n humana, no solo f\u00edsica a quienes viven en las zonas vulnerables de ese sector de Santo Domingo Este, a\u00f1adi\u00f3.<\/span><\/p>\n<\/p>\n<p><span class=\"text1noticias\">Durante el recorrido que el expresidente Mej\u00eda realiz\u00f3 este mi\u00e9rcoles por el proyecto, la directora Patricia Cuevas Urbe, de la oficina gestora de la iniciativa , destac\u00f3 que La Barquita es m\u00e1s que una soluci\u00f3n habitacional debido a que es un proyecto que dignifica la vida de las 1,400 familias que viven all\u00ed<\/span>.<\/p>\n<h6> 2016-01-27 15:09:45 <\/h6>\n<p><!--\n<link rel=\"stylesheet\" href=\"css\/bootstrap.min.css\">\n\n\n<ul class=\"pagination\">\n\t    \n\t\n\n<li >\n\t<a href='?page_no=13888'>Previous<\/a>\n\t<\/li>\n\n\n       \n    \n\n<li><a href='?page_no=1'>1<\/a><\/li>\n\n\n\n<li><a href='?page_no=2'>2<\/a><\/li>\n\n\n\n<li><a>...<\/a><\/li>\n\n\n\n<li><a href='?page_no=13887'>13887<\/a><\/li>\n\n\n\n<li><a href='?page_no=13888'>13888<\/a><\/li>\n\n\n\n<li class='active'><a>13889<\/a><\/li>\n\n\n\n<li><a href='?page_no=13890'>13890<\/a><\/li>\n\n\n\n<li><a href='?page_no=13891'>13891<\/a><\/li>\n\n\n\n<li><a>...<\/a><\/li>\n\n\n\n<li><a href='?page_no=56169'>56169<\/a><\/li>\n\n\n\n<li><a href='?page_no=56170'>56170<\/a><\/li>\n\n    \n\t\n\n<li >\n\t<a href='?page_no=13890'>Next<\/a>\n\t<\/li>\n\n\n    \n\n<li><a href='?page_no=56170'>Last &rsaquo;&rsaquo;<\/a><\/li>\n\n<\/ul>\n\n\n--><br \/>\n<\/body><\/p>\n","protected":false},"excerpt":{"rendered":"<p>Santo Domingo, RD, 27 de Enero.-El expresidente Hip\u00f3lito Mej\u00eda resalt\u00f3 la trascendencia desde el punto de vista humano del Proyecto Integral de la Comunidad La Barquita, que el Gobierno construye en Santo Domingo Este, para dotar de viviendas a miles de familias desalojadas de zonas vulnerables de la ribera oriental de r\u00edo Ozama. Destac\u00f3 los [&hellip;]<\/p>\n","protected":false},"author":3,"featured_media":0,"comment_status":"open","ping_status":"open","sticky":false,"template":"","format":"standard","meta":{"footnotes":""},"categories":[20],"tags":[],"class_list":["post-219580","post","type-post","status-publish","format-standard","hentry","category-dominicana-hoy"],"_links":{"self":[{"href":"https:\/\/diariodominicano.com\/index.php?rest_route=\/wp\/v2\/posts\/219580","targetHints":{"allow":["GET"]}}],"collection":[{"href":"https:\/\/diariodominicano.com\/index.php?rest_route=\/wp\/v2\/posts"}],"about":[{"href":"https:\/\/diariodominicano.com\/index.php?rest_route=\/wp\/v2\/types\/post"}],"author":[{"embeddable":true,"href":"https:\/\/diariodominicano.com\/index.php?rest_route=\/wp\/v2\/users\/3"}],"replies":[{"embeddable":true,"href":"https:\/\/diariodominicano.com\/index.php?rest_route=%2Fwp%2Fv2%2Fcomments&post=219580"}],"version-history":[{"count":0,"href":"https:\/\/diariodominicano.com\/index.php?rest_route=\/wp\/v2\/posts\/219580\/revisions"}],"wp:attachment":[{"href":"https:\/\/diariodominicano.com\/index.php?rest_route=%2Fwp%2Fv2%2Fmedia&parent=219580"}],"wp:term":[{"taxonomy":"category","embeddable":true,"href":"https:\/\/diariodominicano.com\/index.php?rest_route=%2Fwp%2Fv2%2Fcategories&post=219580"},{"taxonomy":"post_tag","embeddable":true,"href":"https:\/\/diariodominicano.com\/index.php?rest_route=%2Fwp%2Fv2%2Ftags&post=219580"}],"curies":[{"name":"wp","href":"https:\/\/api.w.org\/{rel}","templated":true}]}}