{"id":219579,"date":"2016-01-27T16:37:16","date_gmt":"2016-01-27T16:37:16","guid":{"rendered":"http:\/\/diariodominicano.ddns.net\/?p=219579"},"modified":"2016-01-27T16:37:16","modified_gmt":"2016-01-27T16:37:16","slug":"califica-de-inhumano-y-extemporaneo-el-paro-medico-en-los-hospitales-publicos","status":"publish","type":"post","link":"https:\/\/diariodominicano.com\/?p=219579","title":{"rendered":"Califica de inhumano y extempor\u00e1neo el paro medico en los hospitales p\u00fablicos"},"content":{"rendered":"<p><body><\/p>\n<p><img decoding=\"async\" src=\"img3\/cristinalizardo.jpg\" \/>  <\/p>\n<p><span class=\"text1noticias\">Santo Domingo, RD, 27 de Enero.-La presidenta del Senado de la Rep\u00fablica, Cristina Lizardo M\u00e9zquita, afirm\u00f3 que el llamado a huelga en los hospitales p\u00fablicos por el Colegio M\u00e9dico Dominicano (CMD) es inhumano y extempor\u00e1neo, por la situaci\u00f3n de emergencia que representa el virus del zika para el pa\u00eds.<\/span><\/p>\n<\/p>\n<p><span class=\"text1noticias\">Lizardo mezquita exhort\u00f3 a los m\u00e9dicos a reflexionar sobre la amenaza que representa el Zika para la poblaci\u00f3n en estos momentos, tras reconocer  el derecho que tienen los m\u00e9dicos a exigir mejores reivindicaciones.<\/span><\/p>\n<\/p>\n<p><span class=\"text1noticias\"> Tambi\u00e9n al referirse al informe de Transparencia Internacional, entiende que el pa\u00eds ha aplicado los instrumentos que permiten transparentar el uso de los recursos del Estado con eficiencia lo cual ha sido reconocido por instituciones de prestigio internacional, aunque respeta el informe, que ubica a Rep\u00fablica Dominicana en el puesto 103, en el \u00cdndice de Percepci\u00f3n de la Corrupci\u00f3n 2015.<\/span><\/p>\n<\/p>\n<p><span class=\"text1noticias\">La presidenta del Senado se refiri\u00f3 a estos temas  en la sede de la Suprema Corte de Justicia, donde asisti\u00f3 a la rendici\u00f3n de cuentas  del presidente del Tribunal Constitucional, Milton Ray Guevara.<\/span><\/p>\n<\/p>\n<p><span class=\"text1noticias\">Al acto presidido por la doctora Margarita Cede\u00f1o de Fern\u00e1ndez; presidenta de la Rep\u00fablica en funciones, tambi\u00e9n participaron el consultor jur\u00eddico del Poder Ejecutivo; Cesar Pina Toribio, y el presidente del Tribunal Superior Electoral, Mariano Rodr\u00edguez; entre otras personalidades civiles y militares<\/span>.<\/p>\n<h6> 2016-01-27 16:37:16 <\/h6>\n<p><!--\n<link rel=\"stylesheet\" href=\"css\/bootstrap.min.css\">\n\n\n<ul class=\"pagination\">\n\t    \n\t\n\n<li >\n\t<a href='?page_no=13887'>Previous<\/a>\n\t<\/li>\n\n\n       \n    \n\n<li><a href='?page_no=1'>1<\/a><\/li>\n\n\n\n<li><a href='?page_no=2'>2<\/a><\/li>\n\n\n\n<li><a>...<\/a><\/li>\n\n\n\n<li><a href='?page_no=13886'>13886<\/a><\/li>\n\n\n\n<li><a href='?page_no=13887'>13887<\/a><\/li>\n\n\n\n<li class='active'><a>13888<\/a><\/li>\n\n\n\n<li><a href='?page_no=13889'>13889<\/a><\/li>\n\n\n\n<li><a href='?page_no=13890'>13890<\/a><\/li>\n\n\n\n<li><a>...<\/a><\/li>\n\n\n\n<li><a href='?page_no=56169'>56169<\/a><\/li>\n\n\n\n<li><a href='?page_no=56170'>56170<\/a><\/li>\n\n    \n\t\n\n<li >\n\t<a href='?page_no=13889'>Next<\/a>\n\t<\/li>\n\n\n    \n\n<li><a href='?page_no=56170'>Last &rsaquo;&rsaquo;<\/a><\/li>\n\n<\/ul>\n\n\n--><br \/>\n<\/body><\/p>\n","protected":false},"excerpt":{"rendered":"<p>Santo Domingo, RD, 27 de Enero.-La presidenta del Senado de la Rep\u00fablica, Cristina Lizardo M\u00e9zquita, afirm\u00f3 que el llamado a huelga en los hospitales p\u00fablicos por el Colegio M\u00e9dico Dominicano (CMD) es inhumano y extempor\u00e1neo, por la situaci\u00f3n de emergencia que representa el virus del zika para el pa\u00eds. Lizardo mezquita exhort\u00f3 a los m\u00e9dicos [&hellip;]<\/p>\n","protected":false},"author":3,"featured_media":0,"comment_status":"open","ping_status":"open","sticky":false,"template":"","format":"standard","meta":{"footnotes":""},"categories":[20],"tags":[],"class_list":["post-219579","post","type-post","status-publish","format-standard","hentry","category-dominicana-hoy"],"_links":{"self":[{"href":"https:\/\/diariodominicano.com\/index.php?rest_route=\/wp\/v2\/posts\/219579","targetHints":{"allow":["GET"]}}],"collection":[{"href":"https:\/\/diariodominicano.com\/index.php?rest_route=\/wp\/v2\/posts"}],"about":[{"href":"https:\/\/diariodominicano.com\/index.php?rest_route=\/wp\/v2\/types\/post"}],"author":[{"embeddable":true,"href":"https:\/\/diariodominicano.com\/index.php?rest_route=\/wp\/v2\/users\/3"}],"replies":[{"embeddable":true,"href":"https:\/\/diariodominicano.com\/index.php?rest_route=%2Fwp%2Fv2%2Fcomments&post=219579"}],"version-history":[{"count":0,"href":"https:\/\/diariodominicano.com\/index.php?rest_route=\/wp\/v2\/posts\/219579\/revisions"}],"wp:attachment":[{"href":"https:\/\/diariodominicano.com\/index.php?rest_route=%2Fwp%2Fv2%2Fmedia&parent=219579"}],"wp:term":[{"taxonomy":"category","embeddable":true,"href":"https:\/\/diariodominicano.com\/index.php?rest_route=%2Fwp%2Fv2%2Fcategories&post=219579"},{"taxonomy":"post_tag","embeddable":true,"href":"https:\/\/diariodominicano.com\/index.php?rest_route=%2Fwp%2Fv2%2Ftags&post=219579"}],"curies":[{"name":"wp","href":"https:\/\/api.w.org\/{rel}","templated":true}]}}