{"id":219577,"date":"2016-01-27T22:05:49","date_gmt":"2016-01-27T22:05:49","guid":{"rendered":"http:\/\/diariodominicano.ddns.net\/?p=219577"},"modified":"2016-01-27T22:05:49","modified_gmt":"2016-01-27T22:05:49","slug":"danilo-medina-asegura-rd-impulsara-con-ahinco-compromiso-y-voluntad-politica-agenda-celac","status":"publish","type":"post","link":"https:\/\/diariodominicano.com\/?p=219577","title":{"rendered":"Danilo Medina asegura RD impulsar\u00e1 con ah\u00ednco, compromiso y voluntad pol\u00edtica agenda CELAC"},"content":{"rendered":"<p><body><\/p>\n<p><img decoding=\"async\" src=\"img3\/Danilocelac.jpg\" \/>  <\/p>\n<\/p>\n<p><strong>QUITO, ECUADOR, 27 de Enero de 2016.- <\/strong> \u00abLes aseguro que la Rep\u00fablica Dominicana trabajar\u00e1 con ah\u00ednco en el impulso de la agenda pautada durante esta Cumbre\u00bb, dijo el presidente dominicano, Danilo Medina, al recibir la Presidencia Pro T\u00e9mpore de la Comunidad de Estados Latinoamericanos y Caribe\u00f1os (CELAC)  para el a\u00f1o 2016.<\/p>\n<\/p>\n<p>Reafirm\u00f3 el compromiso de Rep\u00fablica Dominicana de dar el mayor impulso y entusiasmo a este foro pol\u00edtico enfrentando todos los retos y desaf\u00edos que en t\u00e9rminos econ\u00f3micos, sociales, ambientales e ideol\u00f3gicos, entre otros, se presentar\u00e1n en el transcurso del a\u00f1o.<\/p>\n<\/p>\n<p>\u00abEl compromiso de la Rep\u00fablica Dominicana con la Comunidad de Estados Latinoamericanos y Caribe\u00f1os es real e inmediato. Tiene el rostro de nuestra gente y la urgencia de sus demandas\u00bb.<\/p>\n<\/p>\n<p>El presidente Danilo Medina agradeci\u00f3, en nombre del pueblo dominicano y en el suyo, por la confianza depositada en la Rep\u00fablica Dominicana.<\/p>\n<\/p>\n<p>Expres\u00f3  que \u00abasumir la presente Presidencia Pro T\u00e9mpore nos llena de orgullo y de alegr\u00eda, y nos impulsa a seguir robusteciendo las relaciones establecidas con socios extra regionales como la Uni\u00f3n Europea, regi\u00f3n con la que nos corresponder\u00e1 este a\u00f1o evaluar el futuro de nuestra relaci\u00f3n\u00bb.<\/p>\n<\/p>\n<p>\u00abPueden confiar en que en esta Presidencia Pro T\u00e9mpore, la Rep\u00fablica Dominicana mostrar\u00e1 la mayor proactividad y la mayor voluntad pol\u00edtica para hacer avanzar nuestros intereses comunes\u00bb.<\/p>\n<\/p>\n<p>Asegur\u00f3 adem\u00e1s que Rep\u00fablica Dominicana har\u00e1 todo lo que est\u00e9 en sus manos para entregar la presidencia en 2017, con una CELAC m\u00e1s integrada, m\u00e1s operativa y a\u00fan m\u00e1s reconocida en la escena global.<\/p>\n<\/p>\n<p>\u00abCuenten con la Rep\u00fablica Dominicana como un colaborador miembro activo y decidido a trabajar por una mayor colaboraci\u00f3n pol\u00edtica, econ\u00f3mica, social, institucional y cultural de nuestras naciones\u00bb.<\/p>\n<\/p>\n<p>Ponder\u00f3 el valor de la pol\u00edtica para la resoluci\u00f3n de muchos de los problemas comunes de la regi\u00f3n y el papel de la CELAC en estos escenarios, donde  la organizaci\u00f3n debe sentirse grande, fuerte y lo bastante creativa como para buscarles respuestas.<\/p>\n<\/p>\n<p>\u00abTenemos ante nosotros el desaf\u00edo de reorientar este foro, de tal forma que este sea el espacio para el intercambio de nuevas ideas y nuevas estrategias, no solo para nuestra regi\u00f3n, sino tambi\u00e9n, para todo el  mundo\u00bb.<\/p>\n<\/p>\n<p>El presidente dominicano proclam\u00f3 que es el momento de reflexionar sobre los pr\u00f3ximos pasos y el papel de la CELAC en una realidad cambiante, con una visi\u00f3n humanista, innovadora y \u00fanica.<\/p>\n<\/p>\n<p>\u00abEs el momento de hacer que nuestra voz se oiga en aquellos espacios internacionales que sean de mayor relevancia para llevar soluciones a los grandes problemas que a\u00fan aquejan a las grandes mayor\u00edas populares, en nuestra regi\u00f3n y en gran parte del mundo\u00bb.<\/p>\n<\/p>\n<p>La desigualdad, el gran enemigo<\/p>\n<\/p>\n<p>Danilo Medina calific\u00f3  la desigualdad social como el gran enemigo de la regi\u00f3n y a la CELAC como un escenario privilegiado para vencerlo conjuntamente, frente a la realidad de que, a\u00fan hoy, el 10% m\u00e1s rico de los latinoamericanos capta el 32% de los ingresos y el 40% m\u00e1s pobre solo el 15% y de que el 50% de los empleos solo suman el 10% de la riqueza.<\/p>\n<\/p>\n<p> \u00abLa CELAC tiene un enorme potencial, pero debemos darnos a la tarea de desarrollarlo plenamente. Y de hacerlo, muy especialmente, con el objetivo de llevar igualdad, inclusi\u00f3n y bienestar a nuestros pueblos\u00bb.<\/p>\n<\/p>\n<p>Abog\u00f3 porque la regi\u00f3n latinoamericana y caribe\u00f1a transforme a la generaci\u00f3n ni-ni, millones de j\u00f3venes, hombres y mujeres que no estudian ni trabajan, en la generaci\u00f3n s\u00ed-s\u00ed.<\/p>\n<\/p>\n<p>\u00abHablamos de millones de hombres y mujeres llenos de energ\u00eda, entusiasmo y capacidades, que necesitan que les llevemos esperanza, oportunidades y nuevos caminos para progresar\u00bb, y agreg\u00f3: \u00abPensemos en ellos cuando dibujemos el futuro de nuestra CELAC. Pensemos en sus aspiraciones, necesidades e ilusiones\u00bb.<\/p>\n<\/p>\n<p>Nuevos caminos para el desarrollo interregional<\/p>\n<\/p>\n<p>Record\u00f3 que si bien es cierto que desde 2012 el \u00edndice que mide la desigualdad, el \u00edndice de Gini, se ha contra\u00eddo en un 5%, tambi\u00e9n lo es que el panorama macroecon\u00f3mico se ha deteriorado en varios pa\u00edses de la regi\u00f3n y la previsi\u00f3n global de crecimiento para 2016 es solo de 0.2%<\/p>\n<\/p>\n<p>Consider\u00f3 que tomando en cuenta que, seg\u00fan la CEPAL, los aparatos productivos de los pa\u00edses latinoamericanos est\u00e1n compuestos por tres niveles de desarrollo diferentes conviviendo dentro de cada pa\u00eds, la regi\u00f3n debe buscar nuevos caminos para el desarrollo interregional y fortalecer sus aparatos productivos.<\/p>\n<\/p>\n<p>La Rep\u00fablica Dominicana apuesta firmemente a la b\u00fasqueda de nuevos modelos de cooperaci\u00f3n econ\u00f3mica y a la creaci\u00f3n de encadenamientos productivos, para lo cual es necesario buscar conjuntamente caminos que permitan integrar definitivamente a las pymes y, a los trabajadores, acceder a los sectores m\u00e1s rentables y competitivos.<\/p>\n<\/p>\n<p>Resalt\u00f3 la importancia que tendr\u00e1n diversos encuentros internacionales como la conferencia sobre vivienda y ciudades sostenibles Habitat III y la Cumbre de la Asamblea General de las Naciones Unidas sobre el Problema Mundial de las Drogas, porque son oportunidades para que la regi\u00f3n discuta y busque soluciones sobre temas y situaciones actuales que afectan a nuestras sociedades.<\/p>\n<\/p>\n<p>Pidi\u00f3 aprovechar esta \u00faltima para presentar una posici\u00f3n conjunta de los pa\u00edses de la CELAC  la lucha contra el narcotr\u00e1fico en sus dimensiones de prevenci\u00f3n, de salud p\u00fablica, de rehabilitaci\u00f3n penal, as\u00ed como la necesaria evaluaci\u00f3n sistem\u00e1tica de resultados.<\/p>\n<\/p>\n<p>\u00abHa llegado la hora de que los pa\u00edses m\u00e1s afectados por los flujos del narcotr\u00e1fico hagamos o\u00edr nuestra voz\u00bb.<\/p>\n<\/p>\n<p>A\u00f1o de promoci\u00f3n de la vivienda<\/p>\n<\/p>\n<p>En el caso de Habitat III, el presidente dominicano afirm\u00f3 que esta iniciativa es una necesidad de primer orden que tendr\u00e1 consecuencias profundas en todos los \u00e1mbitos, desde la salud, hasta la seguridad y la convivencia pac\u00edfica, pasando por el empleo y la educaci\u00f3n.<\/p>\n<\/p>\n<p>Record\u00f3 que por la importancia del tema, la Rep\u00fablica Dominicana declar\u00f3 2016 como el a\u00f1o de promoci\u00f3n de la vivienda y que como parte de las acciones de su Gobierno, se est\u00e1n forjando alianzas con el sector privado y construyendo decenas de miles de viviendas \u00abpara dar a nuestra gente acceso a una vivienda digna dentro de una comunidad saludable\u00bb.<\/p>\n<\/p>\n<h6> 2016-01-27 22:05:49 <\/h6>\n<p><!--\n<link rel=\"stylesheet\" href=\"css\/bootstrap.min.css\">\n\n\n<ul class=\"pagination\">\n\t    \n\t\n\n<li >\n\t<a href='?page_no=13885'>Previous<\/a>\n\t<\/li>\n\n\n       \n    \n\n<li><a href='?page_no=1'>1<\/a><\/li>\n\n\n\n<li><a href='?page_no=2'>2<\/a><\/li>\n\n\n\n<li><a>...<\/a><\/li>\n\n\n\n<li><a href='?page_no=13884'>13884<\/a><\/li>\n\n\n\n<li><a href='?page_no=13885'>13885<\/a><\/li>\n\n\n\n<li class='active'><a>13886<\/a><\/li>\n\n\n\n<li><a href='?page_no=13887'>13887<\/a><\/li>\n\n\n\n<li><a href='?page_no=13888'>13888<\/a><\/li>\n\n\n\n<li><a>...<\/a><\/li>\n\n\n\n<li><a href='?page_no=56169'>56169<\/a><\/li>\n\n\n\n<li><a href='?page_no=56170'>56170<\/a><\/li>\n\n    \n\t\n\n<li >\n\t<a href='?page_no=13887'>Next<\/a>\n\t<\/li>\n\n\n    \n\n<li><a href='?page_no=56170'>Last &rsaquo;&rsaquo;<\/a><\/li>\n\n<\/ul>\n\n\n--><br \/>\n<\/body><\/p>\n","protected":false},"excerpt":{"rendered":"<p>QUITO, ECUADOR, 27 de Enero de 2016.- \u00abLes aseguro que la Rep\u00fablica Dominicana trabajar\u00e1 con ah\u00ednco en el impulso de la agenda pautada durante esta Cumbre\u00bb, dijo el presidente dominicano, Danilo Medina, al recibir la Presidencia Pro T\u00e9mpore de la Comunidad de Estados Latinoamericanos y Caribe\u00f1os (CELAC) para el a\u00f1o 2016. Reafirm\u00f3 el compromiso de [&hellip;]<\/p>\n","protected":false},"author":3,"featured_media":0,"comment_status":"open","ping_status":"open","sticky":false,"template":"","format":"standard","meta":{"footnotes":""},"categories":[20],"tags":[],"class_list":["post-219577","post","type-post","status-publish","format-standard","hentry","category-dominicana-hoy"],"_links":{"self":[{"href":"https:\/\/diariodominicano.com\/index.php?rest_route=\/wp\/v2\/posts\/219577","targetHints":{"allow":["GET"]}}],"collection":[{"href":"https:\/\/diariodominicano.com\/index.php?rest_route=\/wp\/v2\/posts"}],"about":[{"href":"https:\/\/diariodominicano.com\/index.php?rest_route=\/wp\/v2\/types\/post"}],"author":[{"embeddable":true,"href":"https:\/\/diariodominicano.com\/index.php?rest_route=\/wp\/v2\/users\/3"}],"replies":[{"embeddable":true,"href":"https:\/\/diariodominicano.com\/index.php?rest_route=%2Fwp%2Fv2%2Fcomments&post=219577"}],"version-history":[{"count":0,"href":"https:\/\/diariodominicano.com\/index.php?rest_route=\/wp\/v2\/posts\/219577\/revisions"}],"wp:attachment":[{"href":"https:\/\/diariodominicano.com\/index.php?rest_route=%2Fwp%2Fv2%2Fmedia&parent=219577"}],"wp:term":[{"taxonomy":"category","embeddable":true,"href":"https:\/\/diariodominicano.com\/index.php?rest_route=%2Fwp%2Fv2%2Fcategories&post=219577"},{"taxonomy":"post_tag","embeddable":true,"href":"https:\/\/diariodominicano.com\/index.php?rest_route=%2Fwp%2Fv2%2Ftags&post=219577"}],"curies":[{"name":"wp","href":"https:\/\/api.w.org\/{rel}","templated":true}]}}