{"id":219576,"date":"2016-01-27T22:25:41","date_gmt":"2016-01-27T22:25:41","guid":{"rendered":"http:\/\/diariodominicano.ddns.net\/?p=219576"},"modified":"2016-01-27T22:25:41","modified_gmt":"2016-01-27T22:25:41","slug":"el-discurso-del-presidente-danilo-medina-en-la-iv-cumbre-de-la-celac","status":"publish","type":"post","link":"https:\/\/diariodominicano.com\/?p=219576","title":{"rendered":"El discurso del presidente Danilo Medina en la IV Cumbre de la CELAC"},"content":{"rendered":"<p><body><\/p>\n<p><img decoding=\"async\" src=\"img3\/Danilocelac.jpg\" \/>  <\/p>\n<p><strong> <\/strong><\/p>\n<p><strong>Amigos todos,<\/strong><\/p>\n<p><strong> <\/strong><\/p>\n<p>Es para m\u00ed un honor dirigirme ante este foro de la Comunidad de Estados Latinoamericanos y Caribe\u00f1os (CELAC), con ocasi\u00f3n de expresarles, en primer lugar, el m\u00e1s profundo agradecimiento, en nombre del pueblo dominicano y en el m\u00edo propio, por la confianza depositada en nuestro pa\u00eds para ocupar la Presidencia Pro T\u00e9mpore de la CELAC durante el a\u00f1o 2016. <\/p>\n<\/p>\n<p>Les aseguro que la Rep\u00fablica Dominicana trabajar\u00e1 con ah\u00ednco en el impulso de la agenda pautada durante esta Cumbre.<\/p>\n<\/p>\n<p>Como sabemos, han sido muchos los esfuerzos que durante d\u00e9cadas se han llevado a cabo en nuestro hemisferio para lograr la tan anhelada integraci\u00f3n.<\/p>\n<\/p>\n<p>Sin embargo, a\u00fan tenemos un largo camino que recorrer, y la Rep\u00fablica Dominicana est\u00e1 comprometida para que este a\u00f1o 2016, nos permita dar el mayor impulso y entusiasmo a este foro pol\u00edtico.<\/p>\n<\/p>\n<p>Asumimos la Presidencia Pro T\u00e9mpore en un a\u00f1o en que el mundo, y Am\u00e9rica Latina, enfrentan inmensos desaf\u00edos.<\/p>\n<\/p>\n<p>No son s\u00f3lo desaf\u00edos econ\u00f3micos aislados; <\/p>\n<\/p>\n<p>No son s\u00f3lo desaf\u00edos sociales localizados; <\/p>\n<\/p>\n<p>No son s\u00f3lo desaf\u00edos ambientales cartografiados; <\/p>\n<\/p>\n<p>No son s\u00f3lo desaf\u00edos ideol\u00f3gicos definidos y ya explicados. <\/p>\n<\/p>\n<p>Es una suma inmensa de desaf\u00edos y de dificultades.<\/p>\n<\/p>\n<p>Es una red compleja, con tantos problemas entrelazados, que s\u00f3lo la pol\u00edtica podr\u00e1 resolverla.<\/p>\n<\/p>\n<p>As\u00ed, como cada vez que el mundo enfrenta desaf\u00edos y dificultades, s\u00f3lo existe una salida &#8211; aquella que nos ofrece la pol\u00edtica. <\/p>\n<\/p>\n<p>M\u00e1s que nunca el mundo nos est\u00e1 pidiendo una salida pol\u00edtica; y m\u00e1s que nunca, esta salida pol\u00edtica no vendr\u00e1 dada por los mismos m\u00e9todos, ni por los mismos caminos. <\/p>\n<\/p>\n<p>Es en este escenario que la CELAC, en lugar de sentirse peque\u00f1a, debe sentirse grande.<\/p>\n<\/p>\n<p>En lugar de sentirse desplazada del eje de las soluciones a los problemas del mundo, debe sentirse fuerte, y lo bastante creativa como para buscarles respuesta.  <\/p>\n<\/p>\n<p>Tenemos ante nosotros el desaf\u00edo de reorientar este foro, de tal forma que este sea el espacio para el intercambio de nuevas ideas y nuevas estrategias, no solo para nuestra regi\u00f3n, sino tambi\u00e9n, para todo el  mundo. <\/p>\n<\/p>\n<p>La CELAC naci\u00f3 con el esp\u00edritu de ser la voz de los pueblos de las Am\u00e9ricas en el mundo. Nuestro objetivo ha sido siempre trazar una visi\u00f3n de paz, igualdad, solidaridad y crecimiento con justicia social. <\/p>\n<\/p>\n<p>En diferentes momentos de la historia, este foro ha sido capaz de transmitir un discurso diferente, frente a los que quer\u00edan vestir el mundo con un pensamiento \u00fanico. <\/p>\n<\/p>\n<p>Elevamos siempre la mirada m\u00e1s all\u00e1 de los conflictos puntales y de los intereses particulares, hacia el bienestar de los pueblos, poniendo el foco en las personas y sin dejar nunca de lado los grandes principios \u00e9ticos que nos a\u00fanan. <\/p>\n<\/p>\n<p>Ahora, es el momento de reflexionar sobre los pr\u00f3ximos pasos. <\/p>\n<\/p>\n<p>Sobre nuestro papel en una realidad cambiante, pero que necesita m\u00e1s que nunca esa visi\u00f3n humanista, innovadora y \u00fanica que sumamos todos los miembros de esta comunidad. <\/p>\n<\/p>\n<p>Es el momento de hacer que nuestra voz se oiga en aquellos espacios internacionales que sean de mayor relevancia para llevar soluciones a los grandes problemas que a\u00fan aquejan a las grandes mayor\u00edas populares, en nuestra regi\u00f3n y en gran parte del mundo.<\/p>\n<\/p>\n<p><strong>Amigos y amigas, <\/strong><\/p>\n<\/p>\n<p>Como ustedes saben, a pesar de los grandes avances logrados, a\u00fan son grand\u00edsimos los retos que enfrentamos como continente o como regi\u00f3n.<\/p>\n<\/p>\n<p>Por tanto nuestro desaf\u00edo es urgente y doble: buscar respuestas para nuestros problemas y ayudar a abrir nuevos caminos para el mundo.<\/p>\n<\/p>\n<p>Como ya hemos se\u00f1alado en otras ocasiones, Am\u00e9rica Latina es, por un lado, a continuaci\u00f3n de Asia, la regi\u00f3n donde mayor poblaci\u00f3n se incorporar\u00e1 a la clase media, con m\u00e1s de 130 millones personas alcanz\u00e1ndola antes de 2030, seg\u00fan la OCDE. <\/p>\n<\/p>\n<p>Sin embargo, junto al \u00c1frica Subsahariana, es tambi\u00e9n al \u00e1rea m\u00e1s desigual del mundo. <\/p>\n<\/p>\n<p>Y as\u00ed, nos encontramos que, a\u00fan hoy, el 10% m\u00e1s rico de los latinoamericanos capta el 32% de los ingresos y el 40% m\u00e1s pobre solo el 15%. <\/p>\n<\/p>\n<p>Este es, sin duda, el gran enemigo que debemos vencer conjuntamente. <\/p>\n<\/p>\n<p>Y la CELAC es un escenario privilegiado para hacerlo, por ser el \u00fanico foro que re\u00fane a todos los gobiernos de Am\u00e9rica Latina y El Caribe. <\/p>\n<\/p>\n<p>Tenemos, por supuesto, numerosos mecanismos de integraci\u00f3n regionales que avanzan a diferentes velocidades y no sin dificultades. <\/p>\n<\/p>\n<p>Mercosur, el SICA, CARICOM, la Alianza del Pac\u00edfico, la Comunidad Andina, UNASUR, el ALBA, entre otros, pero ninguno nos pone a todos juntos alrededor de la misma mesa, con las innumerables oportunidades que eso significa. <\/p>\n<\/p>\n<p>La CELAC tiene un enorme potencial, pero debemos darnos a la tarea de desarrollarlo plenamente. <\/p>\n<\/p>\n<p>Y de hacerlo, muy especialmente, con el objetivo de llevar igualdad, inclusi\u00f3n y bienestar a nuestros pueblos. <\/p>\n<\/p>\n<p>Si bien es cierto que desde 2012 el \u00edndice que mide la desigualdad, el \u00edndice de Gini, se ha contra\u00eddo en un 5%, tambi\u00e9n lo es que el panorama macroecon\u00f3mico se ha deteriorado en varios pa\u00edses de la regi\u00f3n y la previsi\u00f3n global de crecimiento para 2016 es solo de 0.2% <\/p>\n<\/p>\n<p>Esto debe llevarnos a reflexionar y a buscar nuevos caminos para el desarrollo interregional, que reduzcan nuestras debilidades frente a las econom\u00edas m\u00e1s fuertes del norte y que fortalezcan por completo nuestros aparatos productivos. <\/p>\n<\/p>\n<p>De hecho, si hablamos de la actual composici\u00f3n de los aparatos productivos de los pa\u00edses latinoamericanos, es necesario que recordemos una vez m\u00e1s que tenemos, al menos, tres niveles de desarrollo diferentes conviviendo dentro de cada pa\u00eds, seg\u00fan la CEPAL. <\/p>\n<\/p>\n<p>Por un lado, las empresas globalizadas que aportan el 67% del PIB, pero solo generan el 20% de empleo.<\/p>\n<\/p>\n<p>En segundo lugar, tenemos las pymes, que aportan el 22,5% del PIB y el 30% del empleo. <\/p>\n<\/p>\n<p>Y, por \u00faltimo, las microempresas y la econom\u00eda informal, que solo aporta el 10,5% de la riqueza, pero en la que trabajan la mitad de los caribe\u00f1os ylatinoamericanos.<\/p>\n<\/p>\n<p>Y este es sin duda el dato que debemos tener m\u00e1s en cuenta. A\u00fan hoy el 50% de los empleos solo suman el 10% de la riqueza.<\/p>\n<\/p>\n<p>Desde la Rep\u00fablica Dominicana, ya lo he mencionado en otros foros, apostamos firmemente a la b\u00fasqueda de nuevos modelos de cooperaci\u00f3n econ\u00f3mica y a la creaci\u00f3n de encadenamientos productivos que terminen con estas enormes diferencias. <\/p>\n<\/p>\n<p>Para lograrlo es necesario buscar conjuntamente caminos que permitan integrar definitivamente a nuestras pymes, y a nuestros trabajadores acceder a los sectores m\u00e1s rentables y competitivos, que generan mayores ingresos.<\/p>\n<\/p>\n<p>Asimismo, como ya hemos mencionado en el plenario, debemos coordinarnos para poner en marcha los Objetivos de Desarrollo Sostenible y la Agenda 2030 que aprobamos recientemente todos los Estados miembros ante las Naciones Unidas. <\/p>\n<\/p>\n<p>Por otra parte, en octubre, tiene lugar en esta misma ciudad de Quito la conferencia Habitat III, que buscar\u00e1 encontrar soluciones para la creaci\u00f3n de viviendas y ciudades sostenibles. <\/p>\n<\/p>\n<p>Este es un desaf\u00edo de gran inter\u00e9s para los pa\u00edses latinoamericanos, la mayor\u00eda de los cuales estamos atravesando un proceso acelerado de urbanizaci\u00f3n. <\/p>\n<\/p>\n<p>Es el momento, por tanto, de plantearnos con toda seriedad c\u00f3mo construir ciudades sostenibles e incluyentes que acojan a una poblaci\u00f3n creciente y diversa.<\/p>\n<\/p>\n<p>En la Rep\u00fablica Dominicana hemos declarado 2016 como el a\u00f1o de promoci\u00f3n de la vivienda. <\/p>\n<\/p>\n<p>Estamos forjando alianzas con el sector privado y construyendo decenas de miles de viviendas para dar a nuestra gente acceso a una vivienda digna dentro de una comunidad saludable. <\/p>\n<\/p>\n<p>Este no es un objetivo secundario. <\/p>\n<\/p>\n<p>Es una necesidad de primer orden que tendr\u00e1 consecuencias profundas en todos los \u00e1mbitos, desde la salud, hasta la seguridad y la convivencia pac\u00edfica, pasando por el empleo y la educaci\u00f3n.<\/p>\n<\/p>\n<p>Estoy convencido de que esta cita, que el Gobierno de Ecuador ya est\u00e1 preparando diligentemente nos abrir\u00e1 nuevas perspectivas para lograr ese gran objetivo de hacer que la vivienda sea un derecho para las grandes mayor\u00edas de nuestros pa\u00edses. <\/p>\n<\/p>\n<p><strong>Se\u00f1oras y se\u00f1ores, <\/strong><\/p>\n<\/p>\n<p>Otra cita muy importante para nosotros, esta vez en Nueva York, ser\u00e1 la Cumbre en la Asamblea General de las Naciones Unidas sobre el Problema Mundial de las Drogas.<\/p>\n<\/p>\n<p>Tendremos ah\u00ed una ocasi\u00f3n inmejorable para redefinir la manera en que abordamos este problema social, que en nuestros pa\u00edses genera, adem\u00e1s, graves desaf\u00edos de seguridad e institucionalidad. <\/p>\n<\/p>\n<p>Todos los pa\u00edses presentes dedicamos, y hemos dedicado durante d\u00e9cadas, ingentes recursos humanos y econ\u00f3micos a una lucha contra el narcotr\u00e1fico a la que, sin embargo, no vemos a\u00fan un final en el horizonte. <\/p>\n<\/p>\n<p>Y a nadie se le escapa que nuestros Estados tienen otras acuciantes prioridades en terrenos como la educaci\u00f3n, la salud, la energ\u00eda o incluso otras \u00e1reas de la seguridad ciudadana. <\/p>\n<\/p>\n<p>Desde Sudam\u00e9rica hasta M\u00e9xico, pasando por Centroam\u00e9rica, Rep\u00fablica Dominicana y todo el Caribe, el tr\u00e1nsito de drogas con destino a su consumo, mayoritariamente en los pa\u00edses ricos, es un desaf\u00edo constante a la estabilidad de nuestras democracias y a la vida de nuestros ciudadanos.<\/p>\n<\/p>\n<p>Urge, por tanto, tal y como pide la declaraci\u00f3n emitida este mayo por la CELAC, que en el marco de las Naciones Unidas, se encuentren pol\u00edticas y medidas sobre drogas.<\/p>\n<\/p>\n<p>Que, centradas en el ser humano, y tomando en cuenta los derechos inalienables de las personas, avancen en enfoques para la reducci\u00f3n, no solo de la oferta, sino tambi\u00e9n y muy especialmente, de la demanda de drogas.<\/p>\n<\/p>\n<p>No podemos permitir que este tema siga centrando nuestras conversaciones, a\u00f1o tras a\u00f1o, ante el escepticismo y la frustraci\u00f3n creciente de nuestros pueblos, sin atrevernos a abrir nuevos debates, sin explorar nuevos caminos.<\/p>\n<\/p>\n<p>A diferencia de otros retos que enfrentamos, este tiene una fecha fija en el calendario para encontrar un punto de inflexi\u00f3n. <\/p>\n<\/p>\n<p>El 19 de Abril comienza esta cumbre. <\/p>\n<\/p>\n<p>No dejemos pasar esta ocasi\u00f3n. <\/p>\n<\/p>\n<p>Llevemos una posici\u00f3n conjunta que considere la lucha contra el narcotr\u00e1fico en sus dimensiones de prevenci\u00f3n, de salud p\u00fablica, de rehabilitaci\u00f3n penal, as\u00ed como la necesaria evaluaci\u00f3n sistem\u00e1tica de resultados. <\/p>\n<\/p>\n<p>Ha llegado la hora de que los pa\u00edses m\u00e1s afectados por los flujos del narcotr\u00e1fico hagamos o\u00edr nuestra voz.  <\/p>\n<\/p>\n<p><strong>Se\u00f1oras y se\u00f1ores,<\/strong><\/p>\n<\/p>\n<p>Pienso en estos grandes retos regionales y pienso, muy especialmente, en los j\u00f3venes que pueblan nuestros pa\u00edses. <\/p>\n<\/p>\n<\/p>\n<p>Las cifras que nos llegan desde el Banco Mundial deben impulsarnos a actuar lo antes posible: Uno de cada cinco j\u00f3venes en Am\u00e9rica Latina entre los 15 y los 24 a\u00f1os ni estudia, ni trabaja.<\/p>\n<\/p>\n<p>Hablamos de millones de hombres y mujeres llenos de energ\u00eda, entusiasmo y capacidades, que necesitan que les llevemos esperanza, oportunidades y nuevos caminos para progresar. <\/p>\n<\/p>\n<p>J\u00f3venes que debemos alejar del camino f\u00e1cil de la delincuencia y que debemos inspirar para que crean de nuevo en el esfuerzo, en la educaci\u00f3n y en el trabajo honrado. <\/p>\n<\/p>\n<p>Es la llamada \u00abgeneraci\u00f3n ni-ni\u00bb que tenemos la obligaci\u00f3n moral de transformar en \u00abgeneraci\u00f3n s\u00ed-s\u00ed\u00bb. <\/p>\n<\/p>\n<p>Pensemos en ellos cuando dibujemos el futuro de nuestra CELAC. <\/p>\n<\/p>\n<p>Pensemos en sus aspiraciones, necesidades e ilusiones. <\/p>\n<p><strong> <\/strong><\/p>\n<p><strong>Amigos y Amigas;<\/strong><\/p>\n<\/p>\n<p>El compromiso de la Rep\u00fablica Dominicana con la Comunidad de Estados Latinoamericanos y Caribe\u00f1os es real e inmediato. <\/p>\n<\/p>\n<p>Tiene el rostro de nuestra gente y la urgencia de sus demandas.<\/p>\n<\/p>\n<p>Es por ello que asumir la presente Presidencia Pro T\u00e9mpore nos llena de orgullo y de alegr\u00eda, y nos impulsa a seguir robusteciendo las relaciones establecidas con socios extra regionales como la Uni\u00f3n Europea, regi\u00f3n con la que nos corresponder\u00e1 este a\u00f1o evaluar el futuro de nuestra relaci\u00f3n.<\/p>\n<\/p>\n<p>Pueden confiar en que en esta Presidencia Pro T\u00e9mpore, la Rep\u00fablica Dominicana mostrar\u00e1 la mayor proactividad y la mayor voluntad pol\u00edtica para hacer avanzar nuestros intereses comunes. <\/p>\n<\/p>\n<p>Haremos todo lo que est\u00e9 en nuestra mano para que, cuando en 2017 entreguemos la presidencia, la CELAC sea un espacio a\u00fan m\u00e1s integrado, m\u00e1s operativo y a\u00fan m\u00e1s reconocido en la escena global.<\/p>\n<\/p>\n<p>Cuenten con la Rep\u00fablica Dominicana como un colaborador miembro activo y decidido a trabajar por una mayor colaboraci\u00f3n pol\u00edtica, econ\u00f3mica, social, institucional y cultural de nuestras naciones. <\/p>\n<\/p>\n<p>\u00a1Cuenten con nuestro esfuerzo y nuestro compromiso para llevar resultados a nuestros pueblos!<\/p>\n<\/p>\n<p><strong>\u00a1Muchas gracias!<\/strong><\/p>\n<p><strong> <\/strong><\/p>\n<\/p>\n<\/p>\n<\/p>\n<h6> 2016-01-27 22:25:41 <\/h6>\n<p><!--\n<link rel=\"stylesheet\" href=\"css\/bootstrap.min.css\">\n\n\n<ul class=\"pagination\">\n\t    \n\t\n\n<li >\n\t<a href='?page_no=13884'>Previous<\/a>\n\t<\/li>\n\n\n       \n    \n\n<li><a href='?page_no=1'>1<\/a><\/li>\n\n\n\n<li><a href='?page_no=2'>2<\/a><\/li>\n\n\n\n<li><a>...<\/a><\/li>\n\n\n\n<li><a href='?page_no=13883'>13883<\/a><\/li>\n\n\n\n<li><a href='?page_no=13884'>13884<\/a><\/li>\n\n\n\n<li class='active'><a>13885<\/a><\/li>\n\n\n\n<li><a href='?page_no=13886'>13886<\/a><\/li>\n\n\n\n<li><a href='?page_no=13887'>13887<\/a><\/li>\n\n\n\n<li><a>...<\/a><\/li>\n\n\n\n<li><a href='?page_no=56169'>56169<\/a><\/li>\n\n\n\n<li><a href='?page_no=56170'>56170<\/a><\/li>\n\n    \n\t\n\n<li >\n\t<a href='?page_no=13886'>Next<\/a>\n\t<\/li>\n\n\n    \n\n<li><a href='?page_no=56170'>Last &rsaquo;&rsaquo;<\/a><\/li>\n\n<\/ul>\n\n\n--><br \/>\n<\/body><\/p>\n","protected":false},"excerpt":{"rendered":"<p>Amigos todos, Es para m\u00ed un honor dirigirme ante este foro de la Comunidad de Estados Latinoamericanos y Caribe\u00f1os (CELAC), con ocasi\u00f3n de expresarles, en primer lugar, el m\u00e1s profundo agradecimiento, en nombre del pueblo dominicano y en el m\u00edo propio, por la confianza depositada en nuestro pa\u00eds para ocupar la Presidencia Pro T\u00e9mpore de [&hellip;]<\/p>\n","protected":false},"author":3,"featured_media":0,"comment_status":"open","ping_status":"open","sticky":false,"template":"","format":"standard","meta":{"footnotes":""},"categories":[20],"tags":[],"class_list":["post-219576","post","type-post","status-publish","format-standard","hentry","category-dominicana-hoy"],"_links":{"self":[{"href":"https:\/\/diariodominicano.com\/index.php?rest_route=\/wp\/v2\/posts\/219576","targetHints":{"allow":["GET"]}}],"collection":[{"href":"https:\/\/diariodominicano.com\/index.php?rest_route=\/wp\/v2\/posts"}],"about":[{"href":"https:\/\/diariodominicano.com\/index.php?rest_route=\/wp\/v2\/types\/post"}],"author":[{"embeddable":true,"href":"https:\/\/diariodominicano.com\/index.php?rest_route=\/wp\/v2\/users\/3"}],"replies":[{"embeddable":true,"href":"https:\/\/diariodominicano.com\/index.php?rest_route=%2Fwp%2Fv2%2Fcomments&post=219576"}],"version-history":[{"count":0,"href":"https:\/\/diariodominicano.com\/index.php?rest_route=\/wp\/v2\/posts\/219576\/revisions"}],"wp:attachment":[{"href":"https:\/\/diariodominicano.com\/index.php?rest_route=%2Fwp%2Fv2%2Fmedia&parent=219576"}],"wp:term":[{"taxonomy":"category","embeddable":true,"href":"https:\/\/diariodominicano.com\/index.php?rest_route=%2Fwp%2Fv2%2Fcategories&post=219576"},{"taxonomy":"post_tag","embeddable":true,"href":"https:\/\/diariodominicano.com\/index.php?rest_route=%2Fwp%2Fv2%2Ftags&post=219576"}],"curies":[{"name":"wp","href":"https:\/\/api.w.org\/{rel}","templated":true}]}}