{"id":219575,"date":"2016-01-27T22:36:00","date_gmt":"2016-01-27T22:36:00","guid":{"rendered":"http:\/\/diariodominicano.ddns.net\/?p=219575"},"modified":"2016-01-27T22:36:00","modified_gmt":"2016-01-27T22:36:00","slug":"mil-169-empleados-publicos-seran-reconocidos-con-la-medalla-al-merito-y-otros-resultados","status":"publish","type":"post","link":"https:\/\/diariodominicano.com\/?p=219575","title":{"rendered":"&#13;&#13;Mil 169 empleados p\u00fablicos ser\u00e1n reconocidos con la Medalla al M\u00e9rito y otros resultados"},"content":{"rendered":"<p><body><\/p>\n<p><img decoding=\"async\" src=\"img3\/came 3.png\" \/>  <\/p>\n<p>Santo Domingo RD 28 enero.- .-Mil 169 empleados p\u00fablicos con m\u00e1s de 25 a\u00f1os de servicios en el Estado u otras calificaciones, ser\u00e1n reconocidos por el gobierno, a trav\u00e9s del Ministerio de Administraci\u00f3n P\u00fablica (MAP), este jueves, 844 con la Medalla al M\u00e9rito, 258 por resultados excelentes en la evaluaci\u00f3n del desempe\u00f1o laboral y 67 por buenos resultados en la valoraci\u00f3n, seg\u00fan lo informado por el ministro Ram\u00f3n Ventura Camejo.<\/p>\n<\/p>\n<p>El funcionario indic\u00f3 que en el caso de los 67, los cuales laboran en 14 instituciones del Estado, esa calificaci\u00f3n de excelencia es la nueva metodolog\u00eda utilizada para evaluar a los servidores de Carrera Administrativa y en la cual se hace m\u00e1s hincapi\u00e9 en los logros conseguidos, el cumplimiento de las metas, las actitudes y comportamiento de los empleados p\u00fablicos. La entrega de reconocimientos corresponde al 25 de Enero, D\u00eda del Servidor P\u00fablico.<\/p>\n<\/p>\n<p>Dijo que \u00e9stos deben conocer y saber manejar los indicadores o procedimientos del Marco Com\u00fan de Evaluaci\u00f3n (CAF), como modelo de gesti\u00f3n de calidad en la gesti\u00f3n p\u00fablica, seg\u00fan lo informado por el periodista Lu\u00eds C\u00e9spedes Pe\u00f1a.<\/p>\n<\/p>\n<p>De acuerdo con los datos proporcionados por la Direcci\u00f3n de Sistemas de Carrera Administrativa del MAP, los 844 servidores p\u00fablicos que ser\u00e1n galardonados con la Medalla al M\u00e9rito laboran en 65 instituciones del Estado, mientras que la Direcci\u00f3n de Reclutamiento, Selecci\u00f3n y Evaluaci\u00f3n del Desempe\u00f1o Laboral del mismo organismo oficial, inform\u00f3 que los empleados que fueron evaluados por factores laboran  en 46 entidades estatales.<\/p>\n<\/p>\n<p>Durante la ceremonia tambi\u00e9n ser\u00e1n reconocidas las instituciones que utilizan la metodolog\u00eda de evaluaci\u00f3n basada en Resultados, Competencias y en el R\u00e9gimen \u00c9tico y Disciplinario. Esa distinci\u00f3n ser\u00e1 recibida por la Junta de Aviaci\u00f3n Civil, entidad ganadora del Gran Premio Nacional a la Calidad en el a\u00f1o 2014. La actividad ser\u00e1 desarrollada a partir de las 10:00 de la ma\u00f1ana de este jueves, en el Ministerio de Relaciones Exteriores, en la capital.<\/p>\n<\/p>\n<p>Entre los servidores p\u00fablicos que ser\u00e1n galardonados con la Medalla al M\u00e9rito, se encuentran Manuel M\u00e1rquez, quien labora en la Direcci\u00f3n General de Pasaportes, con 52 a\u00f1os laborando en el Estado Dominicano, \u00c1ngel Roberto Castillo P\u00e9rez, de la Comisi\u00f3n Nacional del Cacao, con 49 a\u00f1os, Ana Cecilia Gerardo Fr\u00edas de Javier, del Ministerio de Salud P\u00fablica, con 48, Kenia Amada Pe\u00f1a Rodolis, de la Procuradur\u00eda General de la Rep\u00fablica, con 44, y  \u00c1ngela Rosario Guerrero, de la Direcci\u00f3n General de Aduanas, con 41.<\/p>\n<\/p>\n<p>Tambi\u00e9n figura D\u00e1maso Soriano Morel, de la Direcci\u00f3n General de Impuestos Internos, con 40 a\u00f1os.<\/p>\n<\/p>\n<p>Del Ministerio de Administraci\u00f3n P\u00fablica recibir\u00e1n la Medalla al M\u00e9rito los servidores Sonia Esther L\u00f3pez, con 26 a\u00f1os, Juan Manuel Vera Rodr\u00edguez, 26,  y Virna Lissi Pe\u00f1a Mustaf\u00e1.<\/p>\n<p>La entrega de la Medalla a servidores p\u00fablicos, se hace en cumplimiento  con lo establecido en la Ley 302, del 19 de Mayo de 1981.  <\/p>\n<\/p>\n<h6> 2016-01-27 22:36:00 <\/h6>\n<p><!--\n<link rel=\"stylesheet\" href=\"css\/bootstrap.min.css\">\n\n\n<ul class=\"pagination\">\n\t    \n\t\n\n<li >\n\t<a href='?page_no=13883'>Previous<\/a>\n\t<\/li>\n\n\n       \n    \n\n<li><a href='?page_no=1'>1<\/a><\/li>\n\n\n\n<li><a href='?page_no=2'>2<\/a><\/li>\n\n\n\n<li><a>...<\/a><\/li>\n\n\n\n<li><a href='?page_no=13882'>13882<\/a><\/li>\n\n\n\n<li><a href='?page_no=13883'>13883<\/a><\/li>\n\n\n\n<li class='active'><a>13884<\/a><\/li>\n\n\n\n<li><a href='?page_no=13885'>13885<\/a><\/li>\n\n\n\n<li><a href='?page_no=13886'>13886<\/a><\/li>\n\n\n\n<li><a>...<\/a><\/li>\n\n\n\n<li><a href='?page_no=56169'>56169<\/a><\/li>\n\n\n\n<li><a href='?page_no=56170'>56170<\/a><\/li>\n\n    \n\t\n\n<li >\n\t<a href='?page_no=13885'>Next<\/a>\n\t<\/li>\n\n\n    \n\n<li><a href='?page_no=56170'>Last &rsaquo;&rsaquo;<\/a><\/li>\n\n<\/ul>\n\n\n--><br \/>\n<\/body><\/p>\n","protected":false},"excerpt":{"rendered":"<p>Santo Domingo RD 28 enero.- .-Mil 169 empleados p\u00fablicos con m\u00e1s de 25 a\u00f1os de servicios en el Estado u otras calificaciones, ser\u00e1n reconocidos por el gobierno, a trav\u00e9s del Ministerio de Administraci\u00f3n P\u00fablica (MAP), este jueves, 844 con la Medalla al M\u00e9rito, 258 por resultados excelentes en la evaluaci\u00f3n del desempe\u00f1o laboral y 67 [&hellip;]<\/p>\n","protected":false},"author":3,"featured_media":0,"comment_status":"open","ping_status":"open","sticky":false,"template":"","format":"standard","meta":{"footnotes":""},"categories":[20],"tags":[],"class_list":["post-219575","post","type-post","status-publish","format-standard","hentry","category-dominicana-hoy"],"_links":{"self":[{"href":"https:\/\/diariodominicano.com\/index.php?rest_route=\/wp\/v2\/posts\/219575","targetHints":{"allow":["GET"]}}],"collection":[{"href":"https:\/\/diariodominicano.com\/index.php?rest_route=\/wp\/v2\/posts"}],"about":[{"href":"https:\/\/diariodominicano.com\/index.php?rest_route=\/wp\/v2\/types\/post"}],"author":[{"embeddable":true,"href":"https:\/\/diariodominicano.com\/index.php?rest_route=\/wp\/v2\/users\/3"}],"replies":[{"embeddable":true,"href":"https:\/\/diariodominicano.com\/index.php?rest_route=%2Fwp%2Fv2%2Fcomments&post=219575"}],"version-history":[{"count":0,"href":"https:\/\/diariodominicano.com\/index.php?rest_route=\/wp\/v2\/posts\/219575\/revisions"}],"wp:attachment":[{"href":"https:\/\/diariodominicano.com\/index.php?rest_route=%2Fwp%2Fv2%2Fmedia&parent=219575"}],"wp:term":[{"taxonomy":"category","embeddable":true,"href":"https:\/\/diariodominicano.com\/index.php?rest_route=%2Fwp%2Fv2%2Fcategories&post=219575"},{"taxonomy":"post_tag","embeddable":true,"href":"https:\/\/diariodominicano.com\/index.php?rest_route=%2Fwp%2Fv2%2Ftags&post=219575"}],"curies":[{"name":"wp","href":"https:\/\/api.w.org\/{rel}","templated":true}]}}