{"id":219572,"date":"2016-01-28T08:35:09","date_gmt":"2016-01-28T08:35:09","guid":{"rendered":"http:\/\/diariodominicano.ddns.net\/?p=219572"},"modified":"2016-01-28T08:35:09","modified_gmt":"2016-01-28T08:35:09","slug":"danilo-medina-retorna-al-pais-tras-recibir-presidencia-pro-tempore-en-cumbre-celac","status":"publish","type":"post","link":"https:\/\/diariodominicano.com\/?p=219572","title":{"rendered":"Danilo Medina retorna al pa\u00eds tras recibir Presidencia Pro T\u00e9mpore en Cumbre CELAC"},"content":{"rendered":"<p><body><\/p>\n<p>Santo Domingo RD 28 enero (DICOM).- Luego de participar en la IV Cumbre de Jefas y Jefes de Estado y de Gobierno de la Comunidad de Estados Latinoamericanos y Caribe\u00f1os (CELAC), as\u00ed como de recibir la Presidencia Pro T\u00e9mpore del organismo en Quito, Danilo Medina regres\u00f3 al pa\u00eds.<\/p>\n<\/p>\n<p>El retorno del presidente dominicano se produjo a las 2:45 de la madrugada del jueves, por la Base A\u00e9rea de San Isidro, junto a la reducida comitiva que le acompa\u00f1\u00f3 en la capital de Ecuador.<\/p>\n<\/p>\n<p><strong>La comitiva<\/strong><\/p>\n<p>Junto al jefe de Estado llegaron los ministros Administrativo de la Presidencia, Jos\u00e9 Ram\u00f3n Peralta y de Econom\u00eda, Planificaci\u00f3n y Desarrollo; Tem\u00edstocles Montas y el director general de Comunicaci\u00f3n y portavoz del Gobierno, Roberto Rodr\u00edguez Marchena.<\/p>\n<\/p>\n<p>Tambi\u00e9n su asistente personal, Carlos Pared P\u00e9rez y el jefe del Cuerpo de Seguridad Presidencial, mayor general Ad\u00e1n C\u00e1ceres.<\/p>\n<\/p>\n<p><strong>Recibimiento<\/strong><\/p>\n<p>En la terminal a\u00e9rea militar, recibieron a Danilo Medina el ministro de Defensa, teniente general M\u00e1ximo William Mu\u00f1oz, el comandante general de la Fuerza A\u00e9rea, mayor general Elvis F\u00e9lix P\u00e9rez; el jefe de la Guardia Presidencial, general de brigada Braulio Alc\u00e1ntara L\u00f3pez y el asistente del jefe de Estado, Robert De la Cruz.<\/p>\n<p><strong> <\/strong><\/p>\n<p><strong>RD trabajar\u00e1 con ah\u00ednco<\/strong><\/p>\n<p>En su discurso de toma de posesi\u00f3n de la Presidencia temporal de la CELAC, el gobernante asegur\u00f3 que la Rep\u00fablica Dominicana trabajar\u00e1 con ah\u00ednco en el impulso de la agenda pautada durante la concluida Cumbre.<\/p>\n<\/p>\n<p>Agradeci\u00f3, en nombre del pueblo dominicano y en el suyo, por la confianza depositada en la Rep\u00fablica Dominicana, tras proclamar que \u00abasumir la presente Presidencia Pro T\u00e9mpore nos llena de orgullo y de alegr\u00eda, y nos impulsa a seguir robusteciendo las relaciones establecidas con socios extra regionales como la Uni\u00f3n Europea, regi\u00f3n con la que nos corresponder\u00e1 este a\u00f1o evaluar el futuro de nuestra relaci\u00f3n\u00bb.<\/p>\n<h6> 2016-01-28 08:35:09 <\/h6>\n<p><!--\n<link rel=\"stylesheet\" href=\"css\/bootstrap.min.css\">\n\n\n<ul class=\"pagination\">\n\t    \n\t\n\n<li >\n\t<a href='?page_no=13880'>Previous<\/a>\n\t<\/li>\n\n\n       \n    \n\n<li><a href='?page_no=1'>1<\/a><\/li>\n\n\n\n<li><a href='?page_no=2'>2<\/a><\/li>\n\n\n\n<li><a>...<\/a><\/li>\n\n\n\n<li><a href='?page_no=13879'>13879<\/a><\/li>\n\n\n\n<li><a href='?page_no=13880'>13880<\/a><\/li>\n\n\n\n<li class='active'><a>13881<\/a><\/li>\n\n\n\n<li><a href='?page_no=13882'>13882<\/a><\/li>\n\n\n\n<li><a href='?page_no=13883'>13883<\/a><\/li>\n\n\n\n<li><a>...<\/a><\/li>\n\n\n\n<li><a href='?page_no=56169'>56169<\/a><\/li>\n\n\n\n<li><a href='?page_no=56170'>56170<\/a><\/li>\n\n    \n\t\n\n<li >\n\t<a href='?page_no=13882'>Next<\/a>\n\t<\/li>\n\n\n    \n\n<li><a href='?page_no=56170'>Last &rsaquo;&rsaquo;<\/a><\/li>\n\n<\/ul>\n\n\n--><br \/>\n<\/body><\/p>\n","protected":false},"excerpt":{"rendered":"<p>Santo Domingo RD 28 enero (DICOM).- Luego de participar en la IV Cumbre de Jefas y Jefes de Estado y de Gobierno de la Comunidad de Estados Latinoamericanos y Caribe\u00f1os (CELAC), as\u00ed como de recibir la Presidencia Pro T\u00e9mpore del organismo en Quito, Danilo Medina regres\u00f3 al pa\u00eds. El retorno del presidente dominicano se produjo [&hellip;]<\/p>\n","protected":false},"author":3,"featured_media":0,"comment_status":"open","ping_status":"open","sticky":false,"template":"","format":"standard","meta":{"footnotes":""},"categories":[20],"tags":[],"class_list":["post-219572","post","type-post","status-publish","format-standard","hentry","category-dominicana-hoy"],"_links":{"self":[{"href":"https:\/\/diariodominicano.com\/index.php?rest_route=\/wp\/v2\/posts\/219572","targetHints":{"allow":["GET"]}}],"collection":[{"href":"https:\/\/diariodominicano.com\/index.php?rest_route=\/wp\/v2\/posts"}],"about":[{"href":"https:\/\/diariodominicano.com\/index.php?rest_route=\/wp\/v2\/types\/post"}],"author":[{"embeddable":true,"href":"https:\/\/diariodominicano.com\/index.php?rest_route=\/wp\/v2\/users\/3"}],"replies":[{"embeddable":true,"href":"https:\/\/diariodominicano.com\/index.php?rest_route=%2Fwp%2Fv2%2Fcomments&post=219572"}],"version-history":[{"count":0,"href":"https:\/\/diariodominicano.com\/index.php?rest_route=\/wp\/v2\/posts\/219572\/revisions"}],"wp:attachment":[{"href":"https:\/\/diariodominicano.com\/index.php?rest_route=%2Fwp%2Fv2%2Fmedia&parent=219572"}],"wp:term":[{"taxonomy":"category","embeddable":true,"href":"https:\/\/diariodominicano.com\/index.php?rest_route=%2Fwp%2Fv2%2Fcategories&post=219572"},{"taxonomy":"post_tag","embeddable":true,"href":"https:\/\/diariodominicano.com\/index.php?rest_route=%2Fwp%2Fv2%2Ftags&post=219572"}],"curies":[{"name":"wp","href":"https:\/\/api.w.org\/{rel}","templated":true}]}}