{"id":219569,"date":"2016-01-28T09:29:54","date_gmt":"2016-01-28T09:29:54","guid":{"rendered":"http:\/\/diariodominicano.ddns.net\/?p=219569"},"modified":"2016-01-28T09:29:54","modified_gmt":"2016-01-28T09:29:54","slug":"cardenal-lopez-rodriguez-pide-a-dios-por-jueces-en-eucaristia-en-la-catedral","status":"publish","type":"post","link":"https:\/\/diariodominicano.com\/?p=219569","title":{"rendered":"&#13;Cardenal L\u00f3pez Rodr\u00edguez pide a Dios por jueces en eucarist\u00eda en la Catedral"},"content":{"rendered":"<p><body><\/p>\n<p><img decoding=\"async\" src=\"img3\/lopez 2.jpg\" \/>  <\/p>\n<p>Santo Domingo RD 28 enero.- Cardenal Nicol\u00e1s de Jes\u00fas L\u00f3pez pidi\u00f3 a Dios para que d\u00e9 voluntad a los jueces del Tribunal Constitucional a fin de que lleven siempre su conciencia clara y se opongan a cualquier intento de manipulaciones o abuso.As\u00ed lo indic\u00f3 el prelado durante la eucarist\u00eda que se realiz\u00f3 ayer en la Catedral Primada de Am\u00e9rica, por el cuarto aniversario del Tribunal Constitucional, donde felicit\u00f3 a los magistrados de esa corte y asegur\u00f3 que son un ejemplo de lo que debe ser el sentido de la responsabilidad.<\/p>\n<\/p>\n<p>\u00abEsta eucarist\u00eda es por aquellos jueces que administran una buena justicia, y pido al Se\u00f1or derrame sobre ellos, luz para que tengan valor y coraje para realizar su trabajo y decir que no cuando el caso lo amerite\u00bb, exclam\u00f3.<\/p>\n<\/p>\n<p>Tambi\u00e9n rez\u00f3 para que todas las personas que se vean afectadas por cualquier injusticia, puedan acudir a los tribunales para recibir una sentencia justa y oportuna. \u00abNecesitamos buenos tribunales y mejores jueces\u00bb, a\u00f1adi\u00f3.<\/p>\n<\/p>\n<h6> 2016-01-28 09:29:54 <\/h6>\n<p><!--\n<link rel=\"stylesheet\" href=\"css\/bootstrap.min.css\">\n\n\n<ul class=\"pagination\">\n\t    \n\t\n\n<li >\n\t<a href='?page_no=13878'>Previous<\/a>\n\t<\/li>\n\n\n       \n    \n\n<li><a href='?page_no=1'>1<\/a><\/li>\n\n\n\n<li><a href='?page_no=2'>2<\/a><\/li>\n\n\n\n<li><a>...<\/a><\/li>\n\n\n\n<li><a href='?page_no=13877'>13877<\/a><\/li>\n\n\n\n<li><a href='?page_no=13878'>13878<\/a><\/li>\n\n\n\n<li class='active'><a>13879<\/a><\/li>\n\n\n\n<li><a href='?page_no=13880'>13880<\/a><\/li>\n\n\n\n<li><a href='?page_no=13881'>13881<\/a><\/li>\n\n\n\n<li><a>...<\/a><\/li>\n\n\n\n<li><a href='?page_no=56169'>56169<\/a><\/li>\n\n\n\n<li><a href='?page_no=56170'>56170<\/a><\/li>\n\n    \n\t\n\n<li >\n\t<a href='?page_no=13880'>Next<\/a>\n\t<\/li>\n\n\n    \n\n<li><a href='?page_no=56170'>Last &rsaquo;&rsaquo;<\/a><\/li>\n\n<\/ul>\n\n\n--><br \/>\n<\/body><\/p>\n","protected":false},"excerpt":{"rendered":"<p>Santo Domingo RD 28 enero.- Cardenal Nicol\u00e1s de Jes\u00fas L\u00f3pez pidi\u00f3 a Dios para que d\u00e9 voluntad a los jueces del Tribunal Constitucional a fin de que lleven siempre su conciencia clara y se opongan a cualquier intento de manipulaciones o abuso.As\u00ed lo indic\u00f3 el prelado durante la eucarist\u00eda que se realiz\u00f3 ayer en la [&hellip;]<\/p>\n","protected":false},"author":3,"featured_media":0,"comment_status":"open","ping_status":"open","sticky":false,"template":"","format":"standard","meta":{"footnotes":""},"categories":[20],"tags":[],"class_list":["post-219569","post","type-post","status-publish","format-standard","hentry","category-dominicana-hoy"],"_links":{"self":[{"href":"https:\/\/diariodominicano.com\/index.php?rest_route=\/wp\/v2\/posts\/219569","targetHints":{"allow":["GET"]}}],"collection":[{"href":"https:\/\/diariodominicano.com\/index.php?rest_route=\/wp\/v2\/posts"}],"about":[{"href":"https:\/\/diariodominicano.com\/index.php?rest_route=\/wp\/v2\/types\/post"}],"author":[{"embeddable":true,"href":"https:\/\/diariodominicano.com\/index.php?rest_route=\/wp\/v2\/users\/3"}],"replies":[{"embeddable":true,"href":"https:\/\/diariodominicano.com\/index.php?rest_route=%2Fwp%2Fv2%2Fcomments&post=219569"}],"version-history":[{"count":0,"href":"https:\/\/diariodominicano.com\/index.php?rest_route=\/wp\/v2\/posts\/219569\/revisions"}],"wp:attachment":[{"href":"https:\/\/diariodominicano.com\/index.php?rest_route=%2Fwp%2Fv2%2Fmedia&parent=219569"}],"wp:term":[{"taxonomy":"category","embeddable":true,"href":"https:\/\/diariodominicano.com\/index.php?rest_route=%2Fwp%2Fv2%2Fcategories&post=219569"},{"taxonomy":"post_tag","embeddable":true,"href":"https:\/\/diariodominicano.com\/index.php?rest_route=%2Fwp%2Fv2%2Ftags&post=219569"}],"curies":[{"name":"wp","href":"https:\/\/api.w.org\/{rel}","templated":true}]}}