{"id":219568,"date":"2016-01-28T10:16:00","date_gmt":"2016-01-28T10:16:00","guid":{"rendered":"http:\/\/diariodominicano.ddns.net\/?p=219568"},"modified":"2016-01-28T10:16:00","modified_gmt":"2016-01-28T10:16:00","slug":"se-cumple-en-95-por-ciento-paro-en-los-hospitales-de-la-region-enriquillo-segun-cmd","status":"publish","type":"post","link":"https:\/\/diariodominicano.com\/?p=219568","title":{"rendered":"Se cumple en 95 por ciento, paro en los hospitales de la Regi\u00f3n Enriquillo, seg\u00fan CMD."},"content":{"rendered":"<p><body><\/p>\n<p>BARAHONA RD 28 enero (Por Emma P\u00e9rez).- .-Se  cumple  en  un  95  por  ciento  el  paro en  los  hospitales  de la  Regi\u00f3n Enriquillo,  seg\u00fan  el  presidente  de  la  Interprovincial  Barahona-Pedernales,  del Colegio  M\u00e9dico  Dominicano (CMD), doctor Carlos A. F\u00e9liz Terrero.<\/p>\n<\/p>\n<p>El gremialista  dijo que el  paro  en  demandan  de   un 5  por  ciento   para  el  sector  salud  y  otras  reivindicaciones,  tambi\u00e9n  es  apoyado    por los  gremios  de  enfermer\u00eda, psicolog\u00eda bionalistas, rayos x  y  odont\u00f3logos.<\/p>\n<\/p>\n<p>F\u00e9liz Terrero  expres\u00f3  que  en  los  hospitales   solo  se  atienden  las emergencias y los pacientes  en  estado  cr\u00edticos  y  las Unidades  de  Atenci\u00f3n Primarias (UNAP), no se est\u00e1n  ofreciendo  servicios.<\/p>\n<\/p>\n<p>De  su lado,  H\u00e9ctor L\u00f3pez  del  Sindicato Nacional  de  servicios de  enfermer\u00eda,  dijo  que  se  apoyan a  la  lucha    en  favor  de un  5  por  ciento  del  sector  salud,  adem\u00e1s  de que  se  otorgue una pensi\u00f3n  justa  a los  trabajadores de la  salud.<\/p>\n<\/p>\n<p>Acus\u00f3  al  gobierno de ser  el  responsable de la  situaci\u00f3n  que  atraviesa  el  sector  salud  en  el  pa\u00eds,  resaltando  que sin  salud no  hay  educaci\u00f3n.<\/p>\n<p>\u00abSi no nos  atienden el  pueblo  va  a sufrir y  no  es por  culpa  del nosotros,  es  del gobierno, por  lo  que exigimos un 5 por  ciento\u00bb, refiri\u00f3.<\/p>\n<\/p>\n<p>Los  m\u00e9dicos,  enfermeras,  bionalistas,  odont\u00f3logos  y  otros  trabajadores  de la salud,  se  apostaron  en la  parte  frontal  del  hospital  Regional  Universitario Doctor  Jaime  Mota, portando pancartas y lanzando  consignas     en  favor  de  sus  demandas. <\/p>\n<p>3 archivos adjuntos<\/p>\n<h6> 2016-01-28 10:16:00 <\/h6>\n<p><!--\n<link rel=\"stylesheet\" href=\"css\/bootstrap.min.css\">\n\n\n<ul class=\"pagination\">\n\t    \n\t\n\n<li >\n\t<a href='?page_no=13877'>Previous<\/a>\n\t<\/li>\n\n\n       \n    \n\n<li><a href='?page_no=1'>1<\/a><\/li>\n\n\n\n<li><a href='?page_no=2'>2<\/a><\/li>\n\n\n\n<li><a>...<\/a><\/li>\n\n\n\n<li><a href='?page_no=13876'>13876<\/a><\/li>\n\n\n\n<li><a href='?page_no=13877'>13877<\/a><\/li>\n\n\n\n<li class='active'><a>13878<\/a><\/li>\n\n\n\n<li><a href='?page_no=13879'>13879<\/a><\/li>\n\n\n\n<li><a href='?page_no=13880'>13880<\/a><\/li>\n\n\n\n<li><a>...<\/a><\/li>\n\n\n\n<li><a href='?page_no=56169'>56169<\/a><\/li>\n\n\n\n<li><a href='?page_no=56170'>56170<\/a><\/li>\n\n    \n\t\n\n<li >\n\t<a href='?page_no=13879'>Next<\/a>\n\t<\/li>\n\n\n    \n\n<li><a href='?page_no=56170'>Last &rsaquo;&rsaquo;<\/a><\/li>\n\n<\/ul>\n\n\n--><br \/>\n<\/body><\/p>\n","protected":false},"excerpt":{"rendered":"<p>BARAHONA RD 28 enero (Por Emma P\u00e9rez).- .-Se cumple en un 95 por ciento el paro en los hospitales de la Regi\u00f3n Enriquillo, seg\u00fan el presidente de la Interprovincial Barahona-Pedernales, del Colegio M\u00e9dico Dominicano (CMD), doctor Carlos A. F\u00e9liz Terrero. El gremialista dijo que el paro en demandan de un 5 por ciento para el [&hellip;]<\/p>\n","protected":false},"author":3,"featured_media":0,"comment_status":"open","ping_status":"open","sticky":false,"template":"","format":"standard","meta":{"footnotes":""},"categories":[20],"tags":[],"class_list":["post-219568","post","type-post","status-publish","format-standard","hentry","category-dominicana-hoy"],"_links":{"self":[{"href":"https:\/\/diariodominicano.com\/index.php?rest_route=\/wp\/v2\/posts\/219568","targetHints":{"allow":["GET"]}}],"collection":[{"href":"https:\/\/diariodominicano.com\/index.php?rest_route=\/wp\/v2\/posts"}],"about":[{"href":"https:\/\/diariodominicano.com\/index.php?rest_route=\/wp\/v2\/types\/post"}],"author":[{"embeddable":true,"href":"https:\/\/diariodominicano.com\/index.php?rest_route=\/wp\/v2\/users\/3"}],"replies":[{"embeddable":true,"href":"https:\/\/diariodominicano.com\/index.php?rest_route=%2Fwp%2Fv2%2Fcomments&post=219568"}],"version-history":[{"count":0,"href":"https:\/\/diariodominicano.com\/index.php?rest_route=\/wp\/v2\/posts\/219568\/revisions"}],"wp:attachment":[{"href":"https:\/\/diariodominicano.com\/index.php?rest_route=%2Fwp%2Fv2%2Fmedia&parent=219568"}],"wp:term":[{"taxonomy":"category","embeddable":true,"href":"https:\/\/diariodominicano.com\/index.php?rest_route=%2Fwp%2Fv2%2Fcategories&post=219568"},{"taxonomy":"post_tag","embeddable":true,"href":"https:\/\/diariodominicano.com\/index.php?rest_route=%2Fwp%2Fv2%2Ftags&post=219568"}],"curies":[{"name":"wp","href":"https:\/\/api.w.org\/{rel}","templated":true}]}}